{"id":152752,"date":"2025-06-05T01:11:12","date_gmt":"2025-06-05T01:11:12","guid":{"rendered":"https:\/\/www.europesays.com\/fr\/152752\/"},"modified":"2025-06-05T01:11:12","modified_gmt":"2025-06-05T01:11:12","slug":"au-sud-de-toulouse-il-croit-reconnaitre-un-ami-et-recoit-plusieurs-coups-de-couteau-les-agresseurs-en-fuite","status":"publish","type":"post","link":"https:\/\/www.europesays.com\/fr\/152752\/","title":{"rendered":"Au sud de Toulouse. Il croit reconna\u00eetre un ami et re\u00e7oit plusieurs coups de couteau : les agresseurs en fuite"},"content":{"rendered":"<p>            Par<br \/>\n        <strong><br \/>\n            <a href=\"https:\/\/actu.fr\/auteur\/mareva-laville-actu-fr\" title=\"Consulter tous les articles de Mar\u00e9va Laville\" rel=\"nofollow noopener\" target=\"_blank\">Mar\u00e9va Laville<\/a><br \/>\n        <\/strong><\/p>\n<p>        Publi\u00e9 le<\/p>\n<p>            4 juin 2025 \u00e0 16h56        <\/p>\n<p>Minuit \u00e9tait pass\u00e9 depuis peu quand, dans la nuit de ce mardi 3 \u00e0 mercredi 4 juin 2025, un <strong>homme de 31\u00a0ans<\/strong> \u00ab\u2009tr\u00e8s alcoolis\u00e9\u2009\u00bb, selon les informations du parquet de Toulouse, a \u00e9t\u00e9 la<strong> cible d\u2019attaques au couteau, <\/strong>\u00e0 Frouzins, au sud de <a href=\"http:\/\/www.actu.fr\/toulouse\" rel=\"nofollow noopener\" target=\"_blank\">Toulouse<\/a>.<\/p>\n<p>\u00c0 la hauteur de la voiture, la victime se fait agresser<\/p>\n<p class=\" wall-content\">Rue des Puisatiers, le trentenaire marchait tandis qu\u2019une voiture circulait. \u00ab\u2009Il s\u2019est avanc\u00e9 \u00e0 son niveau, croyant reconna\u00eetre la voiture d\u2019un ami \u00e0 lui\u2009\u00bb, explique le vice-procureur de la R\u00e9publique de Toulouse, pr\u00e9cisant que les informations actuelles ne d\u00e9coulent que d\u2019une seule d\u00e9claration.<\/p>\n<p>    <a href=\"https:\/\/www.google.com\/maps\/embed?pb=!1m18!1m12!1m3!1d4787.460495956473!2d1.3203720773018264!3d43.527020960581105!2m3!1f0!2f0!3f0!3m2!1i1024!2i768!4f13.1!3m3!1m2!1s0x12aeb6e382471681%3A0x9c57c2b07e5a7233!2sRue%20des%20Puisatiers%2C%2031270%20Frouzins!5e1!3m2!1sfr!2sfr!4v1749045998525!5m2!1sfr!2sfr\" title=\"Ouvrie le lien\" rel=\"nofollow noopener\" target=\"_blank\">Cliquez ici pour visualiser le contenu<\/a><\/p>\n<p class=\" wall-content\">Mais \u00e0 bord du v\u00e9hicule, l\u2019ami n\u2019\u00e9tait pas, et les agresseurs \u00e9taient plusieurs.<\/p>\n<p class=\" wall-content\">Selon un habitant du quartier, t\u00e9moin de la sc\u00e8ne, \u00ab\u2009les occupants de la voiture ont d\u00e9barqu\u00e9 et au moins l\u2019un d\u2019eux a port\u00e9 des coups de couteau \u00e0 la victime\u2009\u00bb, rapporte la gendarmerie, confirmant une information publi\u00e9e par<a href=\"https:\/\/www.ladepeche.fr\/2025\/06\/04\/info-la-depeche-sauvage-agression-a-frouzins-pres-de-toulouse-un-homme-encercle-et-poignarde-a-quatre-reprises-12739810.php\" rel=\"nofollow noopener\" target=\"_blank\"> La D\u00e9p\u00eache du Midi.<\/a><\/p>\n<p>Plusieurs coups de couteau sur le corps<\/p>\n<p class=\" wall-content\">Le pi\u00e9ton, attaqu\u00e9, aurait r\u00e9ussi \u00e0 prendre la fuite et \u00e0 appeler \u00e0 l\u2019aide aupr\u00e8s d\u2019un riverain. Non sans mal\u2026 D\u2019apr\u00e8s le parquet de Toulouse, la victime \u00e9tait <strong>bless\u00e9e au thorax, aux genoux et aux bras.<\/strong> \u00ab\u2009On ne sait pas combien de coups exactement ont \u00e9t\u00e9 port\u00e9s\u2009\u00bb, pr\u00e9cise le magistrat.<\/p>\n<p>Vid\u00e9os : en ce moment sur Actu<\/p>\n<p class=\" wall-content\">Son pronostic vital n\u2019a pas \u00e9t\u00e9 engag\u00e9, mais il a \u00e9t\u00e9 pris en charge par les pompiers et \u00e9vacu\u00e9 \u00e0 l\u2019h\u00f4pital de Purpan.<\/p>\n<p>Les agresseurs en fuite<\/p>\n<p class=\" wall-content\">Et les agresseurs\u2009? \u00ab\u2009Ils sont remont\u00e9s dans la voiture et sont repartis rapidement pour quitter les lieux\u2009\u00bb, indique la gendarmerie, qui a d\u00e9ploy\u00e9 ses brigades locales et la brigade de recherches. Ce mercredi 4\u00a0juin, ces <strong>individus en fuite<\/strong> sont toujours recherch\u00e9s dans le cadre d\u2019une <strong>enqu\u00eate ouverte par le parquet de Toulouse pour tentative d\u2019homicide volontaire<\/strong>.<\/p>\n<p class=\" wall-content\">Qui \u00e9taient-ils\u2009? En voulaient-ils \u00e0 la victime\u2009? Pour quelles raisons\u2009? Les investigations se poursuivent \u00e9galement pour \u00e9claircir les circonstances de cette agression.<\/p>\n<p class=\" wall-content\">Suivez toute l\u2019actualit\u00e9 de vos villes et m\u00e9dias favoris en vous inscrivant \u00e0 <a href=\"https:\/\/moncompte.actu.fr\" title=\"D\u00e9couvez Mon Actu\" rel=\"nofollow noopener\" data-trk=\"{&quot;cta&quot;:{&quot;action&quot;:&quot;https:\\\/\\\/moncompte.actu.fr&quot;,&quot;category&quot;:&quot;mon compte&quot;,&quot;from&quot;:&quot;article footer&quot;,&quot;name&quot;:&quot;Mon actu&quot;,&quot;type&quot;:&quot;cta&quot;}}\" target=\"_blank\">Mon Actu<\/a>.<\/p>\n","protected":false},"excerpt":{"rendered":"Par Mar\u00e9va Laville Publi\u00e9 le 4 juin 2025 \u00e0 16h56 Minuit \u00e9tait pass\u00e9 depuis peu quand, dans la&hellip;\n","protected":false},"author":2,"featured_media":38925,"comment_status":"","ping_status":"","sticky":false,"template":"","format":"standard","meta":{"footnotes":""},"categories":[2816],"tags":[1111,11,1777,674,118,1011,27,3381,303,12,2680,25,2312],"class_list":{"0":"post-152752","1":"post","2":"type-post","3":"status-publish","4":"format-standard","5":"has-post-thumbnail","7":"category-toulouse","8":"tag-actu","9":"tag-actualites","10":"tag-eu","11":"tag-europe","12":"tag-faits-divers","13":"tag-fr","14":"tag-france","15":"tag-gendarmerie","16":"tag-justice","17":"tag-news","18":"tag-occitanie","19":"tag-republique-francaise","20":"tag-toulouse"},"share_on_mastodon":{"url":"https:\/\/pubeurope.com\/@fr\/114628099003524721","error":""},"_links":{"self":[{"href":"https:\/\/www.europesays.com\/fr\/wp-json\/wp\/v2\/posts\/152752","targetHints":{"allow":["GET"]}}],"collection":[{"href":"https:\/\/www.europesays.com\/fr\/wp-json\/wp\/v2\/posts"}],"about":[{"href":"https:\/\/www.europesays.com\/fr\/wp-json\/wp\/v2\/types\/post"}],"author":[{"embeddable":true,"href":"https:\/\/www.europesays.com\/fr\/wp-json\/wp\/v2\/users\/2"}],"replies":[{"embeddable":true,"href":"https:\/\/www.europesays.com\/fr\/wp-json\/wp\/v2\/comments?post=152752"}],"version-history":[{"count":0,"href":"https:\/\/www.europesays.com\/fr\/wp-json\/wp\/v2\/posts\/152752\/revisions"}],"wp:featuredmedia":[{"embeddable":true,"href":"https:\/\/www.europesays.com\/fr\/wp-json\/wp\/v2\/media\/38925"}],"wp:attachment":[{"href":"https:\/\/www.europesays.com\/fr\/wp-json\/wp\/v2\/media?parent=152752"}],"wp:term":[{"taxonomy":"category","embeddable":true,"href":"https:\/\/www.europesays.com\/fr\/wp-json\/wp\/v2\/categories?post=152752"},{"taxonomy":"post_tag","embeddable":true,"href":"https:\/\/www.europesays.com\/fr\/wp-json\/wp\/v2\/tags?post=152752"}],"curies":[{"name":"wp","href":"https:\/\/api.w.org\/{rel}","templated":true}]}}