{"id":152753,"date":"2025-06-05T01:12:10","date_gmt":"2025-06-05T01:12:10","guid":{"rendered":"https:\/\/www.europesays.com\/fr\/152753\/"},"modified":"2025-06-05T01:12:10","modified_gmt":"2025-06-05T01:12:10","slug":"previsions-du-jeudi-5-juin-2025-6","status":"publish","type":"post","link":"https:\/\/www.europesays.com\/fr\/152753\/","title":{"rendered":"pr\u00e9visions du jeudi 5 juin 2025"},"content":{"rendered":"<p>\u00c0 Toulouse, les valeurs seront de 15\u00b0C au plus bas et de 22\u00b0C au plus haut la journ\u00e9e. Un l\u00e9ger vent de nord-est soufflera. La m\u00e9t\u00e9o va progressivement s&rsquo;am\u00e9liorer dans la matin\u00e9e et laisser place \u00e0 des \u00e9claircies. Les temp\u00e9ratures seront de 18\u00b0C. C&rsquo;est un soleil radieux qui va se montrer l&rsquo;apr\u00e8s-midi. Les valeurs s&rsquo;\u00e9chelonneront de 20 \u00e0 22\u00b0C. Des \u00e9claircies feront leur apparition dans la soir\u00e9e. C&rsquo;est un ciel clair que conna\u00eetra la nuit de jeudi \u00e0 vendredi.<\/p>\n<p>Demain, c&rsquo;est une hausse de quelques degr\u00e9s que vont enregistrer les temp\u00e9ratures dans la ville de Toulouse. On anticipe des temp\u00e9ratures avoisinant 20\u00b0C. Une l\u00e9g\u00e8re brise de nord-ouest sera ressentie par les habitants. Cette matin\u00e9e sera synonyme de beau soleil. Il fera environ 20\u00b0C. Demain apr\u00e8s-midi, le vent va peu \u00e0 peu chasser les nuages. Les temp\u00e9ratures vont grimper de plusieurs degr\u00e9s. Les valeurs seront comprises entre 25 et 26\u00b0C. Il faudra s&rsquo;attendre \u00e0 des perturbations demain soir, les Toulousains se retrouveront sous des pluies \u00e9parses. Les temp\u00e9ratures tourneront autour des 22\u00b0C.<\/p>\n<p>On s&rsquo;attend \u00e0 une d\u00e9gradation dimanche, apr\u00e8s un jour nuageux samedi.<\/p>\n<p><\/p>\n","protected":false},"excerpt":{"rendered":"\u00c0 Toulouse, les valeurs seront de 15\u00b0C au plus bas et de 22\u00b0C au plus haut la journ\u00e9e.&hellip;\n","protected":false},"author":2,"featured_media":152754,"comment_status":"","ping_status":"","sticky":false,"template":"","format":"standard","meta":{"footnotes":""},"categories":[2816],"tags":[1111,11,1777,674,1011,27,2722,2721,12,2680,2119,25,2312],"class_list":{"0":"post-152753","1":"post","2":"type-post","3":"status-publish","4":"format-standard","5":"has-post-thumbnail","7":"category-toulouse","8":"tag-actu","9":"tag-actualites","10":"tag-eu","11":"tag-europe","12":"tag-fr","13":"tag-france","14":"tag-haute-garonne","15":"tag-midi-pyrenees","16":"tag-news","17":"tag-occitanie","18":"tag-previsions-meteo","19":"tag-republique-francaise","20":"tag-toulouse"},"share_on_mastodon":{"url":"https:\/\/pubeurope.com\/@fr\/114628102944175115","error":""},"_links":{"self":[{"href":"https:\/\/www.europesays.com\/fr\/wp-json\/wp\/v2\/posts\/152753","targetHints":{"allow":["GET"]}}],"collection":[{"href":"https:\/\/www.europesays.com\/fr\/wp-json\/wp\/v2\/posts"}],"about":[{"href":"https:\/\/www.europesays.com\/fr\/wp-json\/wp\/v2\/types\/post"}],"author":[{"embeddable":true,"href":"https:\/\/www.europesays.com\/fr\/wp-json\/wp\/v2\/users\/2"}],"replies":[{"embeddable":true,"href":"https:\/\/www.europesays.com\/fr\/wp-json\/wp\/v2\/comments?post=152753"}],"version-history":[{"count":0,"href":"https:\/\/www.europesays.com\/fr\/wp-json\/wp\/v2\/posts\/152753\/revisions"}],"wp:featuredmedia":[{"embeddable":true,"href":"https:\/\/www.europesays.com\/fr\/wp-json\/wp\/v2\/media\/152754"}],"wp:attachment":[{"href":"https:\/\/www.europesays.com\/fr\/wp-json\/wp\/v2\/media?parent=152753"}],"wp:term":[{"taxonomy":"category","embeddable":true,"href":"https:\/\/www.europesays.com\/fr\/wp-json\/wp\/v2\/categories?post=152753"},{"taxonomy":"post_tag","embeddable":true,"href":"https:\/\/www.europesays.com\/fr\/wp-json\/wp\/v2\/tags?post=152753"}],"curies":[{"name":"wp","href":"https:\/\/api.w.org\/{rel}","templated":true}]}}