{"id":152761,"date":"2025-06-05T01:16:11","date_gmt":"2025-06-05T01:16:11","guid":{"rendered":"https:\/\/www.europesays.com\/fr\/152761\/"},"modified":"2025-06-05T01:16:11","modified_gmt":"2025-06-05T01:16:11","slug":"meurtre-dhichem-miraoui-une-seconde-marche-blanche-organisee-a-marseille-pour-denoncer-le-crime-raciste-commis-dans-le-var","status":"publish","type":"post","link":"https:\/\/www.europesays.com\/fr\/152761\/","title":{"rendered":"Meurtre d&rsquo;Hichem Miraoui: une seconde marche blanche organis\u00e9e \u00e0 Marseille pour d\u00e9noncer le crime raciste commis dans le Var"},"content":{"rendered":"<p>Alors qu&rsquo;une <a href=\"https:\/\/www.varmatin.com\/a\/988542\" target=\"_blank\" rel=\"noopener\">marche blanche en la m\u00e9moire d&rsquo;Hichem Miraoui<\/a>, tu\u00e9 \u00e0 Puget-sur-Argens le week-end dernier par un voisin qui avait notamment post\u00e9 des vid\u00e9os racistes sur ses r\u00e9seaux sociaux, doit se tenir dimanche 8 juin \u00e0 15h dans la petite commune varoise, un autre rassemblement,\u00a0\u00ab\u00a0qui lui ressemble\u00a0\u00bb et donc \u00e0 \u00ab\u00a0caract\u00e8re populaire et inclusif\u00a0\u00bb est annonc\u00e9e pour ce m\u00eame dimanche, le matin, \u00e0 partir de 10h, \u00e0 Marseille, apprend Var-matin dans un communiqu\u00e9 de l&rsquo;avocat de sa famille.<\/p>\n<p>Le rassemblement partira de la Porte d&rsquo;Aix pour rejoindre le Vieux-Port.<\/p>\n<p>\u00ab\u00a0Hichem a \u00e9t\u00e9 <a href=\"https:\/\/www.varmatin.com\/a\/988461\" target=\"_blank\" rel=\"noopener\">victime d&rsquo;un\u00a0crime terroriste et raciste<\/a>, cons\u00e9quence de la haine et de l&rsquo;ignorance distill\u00e9e dans notre pays\u00a0\u00bb, d\u00e9taille ce communiqu\u00e9, qui pr\u00e9cise que la famille du jeune Tunisien refuse \u00ab\u00a0toute r\u00e9cup\u00e9ration politique\u00a0\u00bb\u00a0de ce crime et invite \u00ab\u00a0ceux qui souhaitent lutter contre la haine, le racisme et les <a href=\"https:\/\/www.varmatin.com\/a\/988617\" target=\"_blank\" rel=\"noopener\">fanatiques extr\u00e9mistes<\/a> \u00e0 participer \u00e0 cette marche, quelle que soit leur origine ou leur confession.\u00a0\u00bb<\/p>\n","protected":false},"excerpt":{"rendered":"Alors qu&rsquo;une marche blanche en la m\u00e9moire d&rsquo;Hichem Miraoui, tu\u00e9 \u00e0 Puget-sur-Argens le week-end dernier par un voisin&hellip;\n","protected":false},"author":2,"featured_media":152762,"comment_status":"","ping_status":"","sticky":false,"template":"","format":"standard","meta":{"footnotes":""},"categories":[2814],"tags":[1111,11,1777,674,332,1011,27,884,12,882,25],"class_list":{"0":"post-152761","1":"post","2":"type-post","3":"status-publish","4":"format-standard","5":"has-post-thumbnail","7":"category-marseille","8":"tag-actu","9":"tag-actualites","10":"tag-eu","11":"tag-europe","12":"tag-faits-de-societe","13":"tag-fr","14":"tag-france","15":"tag-marseille","16":"tag-news","17":"tag-provence-alpes-cote-dazur","18":"tag-republique-francaise"},"share_on_mastodon":{"url":"https:\/\/pubeurope.com\/@fr\/114628118657544947","error":""},"_links":{"self":[{"href":"https:\/\/www.europesays.com\/fr\/wp-json\/wp\/v2\/posts\/152761","targetHints":{"allow":["GET"]}}],"collection":[{"href":"https:\/\/www.europesays.com\/fr\/wp-json\/wp\/v2\/posts"}],"about":[{"href":"https:\/\/www.europesays.com\/fr\/wp-json\/wp\/v2\/types\/post"}],"author":[{"embeddable":true,"href":"https:\/\/www.europesays.com\/fr\/wp-json\/wp\/v2\/users\/2"}],"replies":[{"embeddable":true,"href":"https:\/\/www.europesays.com\/fr\/wp-json\/wp\/v2\/comments?post=152761"}],"version-history":[{"count":0,"href":"https:\/\/www.europesays.com\/fr\/wp-json\/wp\/v2\/posts\/152761\/revisions"}],"wp:featuredmedia":[{"embeddable":true,"href":"https:\/\/www.europesays.com\/fr\/wp-json\/wp\/v2\/media\/152762"}],"wp:attachment":[{"href":"https:\/\/www.europesays.com\/fr\/wp-json\/wp\/v2\/media?parent=152761"}],"wp:term":[{"taxonomy":"category","embeddable":true,"href":"https:\/\/www.europesays.com\/fr\/wp-json\/wp\/v2\/categories?post=152761"},{"taxonomy":"post_tag","embeddable":true,"href":"https:\/\/www.europesays.com\/fr\/wp-json\/wp\/v2\/tags?post=152761"}],"curies":[{"name":"wp","href":"https:\/\/api.w.org\/{rel}","templated":true}]}}