{"id":152765,"date":"2025-06-05T01:18:15","date_gmt":"2025-06-05T01:18:15","guid":{"rendered":"https:\/\/www.europesays.com\/fr\/152765\/"},"modified":"2025-06-05T01:18:15","modified_gmt":"2025-06-05T01:18:15","slug":"nathalie-perrin-gilbert-devoile-son-programme-pour-2026","status":"publish","type":"post","link":"https:\/\/www.europesays.com\/fr\/152765\/","title":{"rendered":"Nathalie Perrin-Gilbert d\u00e9voile son programme pour 2026"},"content":{"rendered":"<p>            Par<br \/>\n        <strong><br \/>\n            <a href=\"https:\/\/actu.fr\/auteur\/ludivine-caporal\" title=\"Consulter tous les articles de Ludivine Caporal\" target=\"_blank\" rel=\"noopener\">Ludivine Caporal<\/a><br \/>\n        <\/strong><\/p>\n<p>        Publi\u00e9 le<\/p>\n<p>            4 juin 2025 \u00e0 17h18        <\/p>\n<p>\u00ab\u2009Moi, maire de Lyon\u2026\u2009\u00bb. La candidate aux <a href=\"https:\/\/actu.fr\/tag\/municipales-2026\" target=\"_blank\" rel=\"noopener\">municipales de 2026<\/a>, <a href=\"https:\/\/actu.fr\/auvergne-rhone-alpes\/lyon_69123\/lyon-les-pv-explosent-nathalie-perrin-gilbert-candidate-a-la-mairie-fait-une-proposition-culottee_62427788.html\" target=\"_blank\" rel=\"noopener\">Nathalie Perrin-Gilbert<\/a>, a d\u00e9voil\u00e9 les premiers engagements qu\u2019elle compte prendre (ou d\u00e9fendre au conseil m\u00e9tropolitain) concernant <strong>les mobilit\u00e9s<\/strong> en cas d\u2019\u00e9lection \u00e0 la t\u00eate de la Ville.<\/p>\n<p class=\" wall-content\"><strong>Gratuit\u00e9<\/strong> des transports <a href=\"https:\/\/actu.fr\/tag\/transports-en-commun-lyonnais-tcl\" target=\"_blank\" rel=\"noopener\">TCL<\/a>, possible r\u00e9am\u00e9nagement de la Zone \u00e0 Trafic Limit\u00e9 (ZTL), moratoire sur les Voies Lyonnaises, conservation du stationnement diff\u00e9renci\u00e9, remise en cause du TEOL\u2026 Voici les annonces faites par l\u2019ancienne maire du 1er arrondissement et son bras droit, Mathieu Azcu\u00e9 (groupe Lyon en commun).<\/p>\n<p>La gratuit\u00e9 des TCL, \u00ab\u2009une question de choix\u2009\u00bb<\/p>\n<p class=\" wall-content\">C\u2019est la proposition phare de Nathalie Perrin-Gilbert, qu\u2019elle avait <a href=\"https:\/\/actu.fr\/auvergne-rhone-alpes\/lyon_69123\/lyon-nathalie-perrin-gilbert-lance-de-premieres-idees-je-propose-la-gratuite-des-tcl_62163781.html\" target=\"_blank\" rel=\"noopener\">d\u00e9j\u00e0 publiquement annonc\u00e9e<\/a>\u2009: la gratuit\u00e9 des transports en commun pour tous, notamment pour \u00ab\u2009r\u00e9pondre aux enjeux de sant\u00e9 publique\u2009\u00bb. Une mesure qui serait mise en place <strong>par pallier<\/strong> et dont le chiffrage est \u00ab\u2009en train d\u2019\u00eatre \u00e9tudi\u00e9\u2009\u00bb.<\/p>\n<blockquote class=\"ac-article-quote wall-content\">\n<p>Mon engagement imm\u00e9diat sera la gratuit\u00e9 pour les plus de 65 ans et pour tous lors des \u00e9pisodes de canicule, des pics de pollution et des week-ends de d\u00e9cembre pour donner un coup de pouce aux commer\u00e7ants. Le but est de tester, d&rsquo;exp\u00e9rimenter et d&rsquo;y aller par \u00e9tapes, comme ce qui a \u00e9t\u00e9 fait \u00e0 Montpellier, avant d&rsquo;\u00e9tendre la gratuit\u00e9 \u00e0 toute la population. Ce sera un v\u00e9ritable chemin.<\/p>\n<p>    <strong>Nathalie Perrin-Gilbert<\/strong>\n            <\/p><\/blockquote>\n<p class=\" wall-content\">Interrog\u00e9e quant au co\u00fbt important que cela pourrait repr\u00e9senter, <a href=\"https:\/\/actu.fr\/auvergne-rhone-alpes\/lyon_69123\/lyon-crise-a-la-mairie-une-adjointe-importante-demise-de-ses-fonctions-par-le-maire_61061166.html\" target=\"_blank\" rel=\"noopener\">l\u2019ex-adjointe \u00e0 la Culture<\/a> et actuelle conseill\u00e8re municipale et m\u00e9tropolitaine ne se d\u00e9monte pas. \u00ab\u2009\u00c0 un moment donn\u00e9, on a bien \u00e9t\u00e9 capable de mettre un demi-milliard d\u2019euros dans le v\u00e9lo \u00e0 la M\u00e9tropole. Tout est une question de choix\u2009!\u2009\u00bb.<\/p>\n<p>Un bilan un an apr\u00e8s et des concertations autour de la ZTL<\/p>\n<p class=\" wall-content\">Si \u00e9lue, Nathalie Perrin-Gilbert souhaite \u00e9galement s\u2019emparer d\u2019un sujet br\u00fblant\u2009: <a href=\"https:\/\/actu.fr\/auvergne-rhone-alpes\/lyon_69123\/lyon-zone-a-trafic-limite-en-presqu-ile-les-dates-connues-voici-les-grandes-etapes-a-venir_62511949.html\" target=\"_blank\" rel=\"noopener\">la Zone \u00e0 Trafic Limit\u00e9 (ZTL).<\/a><\/p>\n<p class=\" wall-content\">Officiellement mise en place d\u2019ici quelques jours en Presqu\u2019\u00eele, cette mesure des \u00e9cologistes, <a href=\"https:\/\/actu.fr\/auvergne-rhone-alpes\/lyon_69123\/lyon-nefaste-ou-utile-la-future-zone-a-trafic-limite-en-presqu-ile-fait-encore-debat_62337675.html\" target=\"_blank\" rel=\"noopener\">tr\u00e8s critiqu\u00e9e<\/a> par nombre de Lyonnais, fera l\u2019objet d\u2019un \u00ab\u2009bilan\u2009\u00bb un an apr\u00e8s, de juin \u00e0 octobre 2026. \u00ab\u2009On consultera les habitants, les commer\u00e7ants et les associations, on se concertera avec eux pour voir ce qui fonctionne, ce qu\u2019il faut r\u00e9am\u00e9nager, s\u2019il y a des points de blocage\u2026\u2009\u00bb<\/p>\n<p class=\" wall-content\">Et en cas de rejet massif de la population ou de chaos total, la candidate se dit m\u00eame <strong>pr\u00eate \u00e0 \u00ab\u2009une suppression\u2009\u00bb<\/strong>, \u00ab\u2009m\u00eame si ce n\u2019est pas ce que je souhaite car je suis pour la limitation de la circulation en centre-ville\u2009\u00bb, ajoute-t-elle.<\/p>\n<p>    <img   decoding=\"async\" loading=\"lazy\" src=\"https:\/\/www.europesays.com\/fr\/wp-content\/uploads\/2025\/06\/mathieu-azcue-nathalie-perrin-gilbert-lyon-960x640.jpg\" alt=\"Mathieu Azcu\u00e9 est le pr\u00e9sident du groupe m\u00e9tropolitain de Nathalie Perrin-Gilbert, Lyon en commun.\" width=\"960\" height=\"640\"\/><br \/>\n    Mathieu Azcu\u00e9 est le pr\u00e9sident du groupe m\u00e9tropolitain de Nathalie Perrin-Gilbert, Lyon en commun. (\u00a9Ludivine Caporal\/actu Lyon)Une pause des Voies Lyonnaises<\/p>\n<p class=\" wall-content\">Concernant les <a href=\"https:\/\/actu.fr\/auvergne-rhone-alpes\/lyon_69123\/lyon-des-projets-de-voies-lyonnaises-decales-le-trop-de-concertations-pointe-du-doigt_62297527.html\" target=\"_blank\" rel=\"noopener\">Voies Lyonnaises<\/a>, ces \u00ab\u2009autoroutes\u2009\u00bb \u00e0 v\u00e9lo imagin\u00e9es et financ\u00e9es par la M\u00e9tropole et dont les travaux sont loin d\u2019\u00eatre termin\u00e9s, Nathalie Perrin-Gilbert et Mathieu Azcu\u00e9 annoncent vouloir y <strong>mettre un stop<\/strong>. Du moins temporairement.<\/p>\n<blockquote class=\"ac-article-quote wall-content\">\n<p>On finira seulement les coups partis. C&rsquo;est tout. Apr\u00e8s, on fera un moratoire. On n&rsquo;y est pas oppos\u00e9s, on avait m\u00eame les Voies Lyonnaises dans notre programme en 2020. Mais il faut refaire des concertations avec les habitants et repenser la d\u00e9mocratie participative autour de ce projet. Quand des gens vivent \u00e0 un endroit et vous expliquent par A+B que tel am\u00e9nagement pose probl\u00e8me tout en vous proposant une alternative, il faut les \u00e9couter.<\/p>\n<p>    <strong>Nathalie Perrin-Gilbert et Mathieu Azcu\u00e9<\/strong>\n            <\/p><\/blockquote>\n<p>Des mesures gard\u00e9es et des projets remis en cause<\/p>\n<p class=\" wall-content\">En parall\u00e8le de ces trois mesures phares, la candidate livre quelques ambitions suppl\u00e9mentaires concernant les mobilit\u00e9s sur le territoire lyonnais et m\u00e9tropolitain.<\/p>\n<p class=\" wall-content\">Celle-ci affirme par exemple vouloir continuer d\u2019appliquer le <a href=\"https:\/\/actu.fr\/auvergne-rhone-alpes\/lyon_69123\/stationnement-a-lyon-certaines-voitures-vont-payer-plus-cher-en-2024-voici-les-tarifs_60634608.html\" target=\"_blank\" rel=\"noopener\">stationnement diff\u00e9renci\u00e9<\/a> en fonction du poids du v\u00e9hicule, mis en place par la municipalit\u00e9 de Gr\u00e9gory Doucet, ou encore <strong>remettre en question<\/strong> <a href=\"https:\/\/actu.fr\/auvergne-rhone-alpes\/lyon_69123\/lyon-ce-futur-tramway-trop-demesure-des-mises-en-garde-emises-sur-un-projet-phare_62483725.html\" target=\"_blank\" rel=\"noopener\">le projet du TEOL (tramway express de l\u2019ouest lyonnais)<\/a>.<\/p>\n<p>\u00ab\u2009Je n\u2019ai pas envie que Lyon soit un laboratoire\u2009\u00bb<\/p>\n<p class=\" wall-content\">\u00ab\u2009En tout cas, on est pour l\u2019intermobilit\u00e9 et rien n\u2019est grav\u00e9 dans le marbre, il faut s\u2019adapter aux habitants et aux usages tout en gardant en t\u00eate les enjeux de sant\u00e9 publique\u2009\u00bb, assurent Nathalie Perrin-Gilbert et Mathieu Azcu\u00e9, qui en profitent pour tacler la majorit\u00e9.<\/p>\n<p class=\" wall-content\">\u00ab\u2009Aujourd\u2019hui on a un maire qui s\u2019est pos\u00e9 sur le registre de la morale et une majorit\u00e9 \u00e9cologiste qui a r\u00e9ussi, en opposant les usagers, <strong>\u00e0 crisper tout le monde<\/strong> sur des sujets qui auraient pu faire consensus. Il y a une r\u00e9elle n\u00e9cessit\u00e9 politique de construire un nouveau mod\u00e8le de vivre en ville, mais je n\u2019ai pas envie que Lyon soit un laboratoire. J\u2019ai envie que Lyon reste une ville dans laquelle on vit, dans laquelle on travaille. Je ne serai pas l\u00e0 pour appliquer la politique d\u2019un parti et pour montrer \u00e0 quel point je le fais bien\u2009\u00bb, conclut-elle en faisant r\u00e9f\u00e9rence \u00e0 ses ex-alli\u00e9s \u00e9cologistes.<\/p>\n<p class=\" wall-content\">Suivez toute l\u2019actualit\u00e9 de vos villes et m\u00e9dias favoris en vous inscrivant \u00e0 <a href=\"https:\/\/moncompte.actu.fr\" title=\"D\u00e9couvez Mon Actu\" rel=\"nofollow noopener\" data-trk=\"{&quot;cta&quot;:{&quot;action&quot;:&quot;https:\\\/\\\/moncompte.actu.fr&quot;,&quot;category&quot;:&quot;mon compte&quot;,&quot;from&quot;:&quot;article footer&quot;,&quot;name&quot;:&quot;Mon actu&quot;,&quot;type&quot;:&quot;cta&quot;}}\" target=\"_blank\">Mon Actu<\/a>.<\/p>\n","protected":false},"excerpt":{"rendered":"Par Ludivine Caporal Publi\u00e9 le 4 juin 2025 \u00e0 17h18 \u00ab\u2009Moi, maire de Lyon\u2026\u2009\u00bb. La candidate aux municipales&hellip;\n","protected":false},"author":2,"featured_media":152766,"comment_status":"","ping_status":"","sticky":false,"template":"","format":"standard","meta":{"footnotes":""},"categories":[1889],"tags":[1111,11,2430,4188,1777,674,1011,27,2428,3434,12,316,25,5787,23308],"class_list":{"0":"post-152765","1":"post","2":"type-post","3":"status-publish","4":"format-standard","5":"has-post-thumbnail","7":"category-lyon","8":"tag-actu","9":"tag-actualites","10":"tag-auvergne-rhone-alpes","11":"tag-elections-municipales","12":"tag-eu","13":"tag-europe","14":"tag-fr","15":"tag-france","16":"tag-lyon","17":"tag-municipales-2026","18":"tag-news","19":"tag-politique","20":"tag-republique-francaise","21":"tag-transports-en-commun-lyonnais-tcl","22":"tag-voies-lyonnaises"},"share_on_mastodon":{"url":"https:\/\/pubeurope.com\/@fr\/114628126523899945","error":""},"_links":{"self":[{"href":"https:\/\/www.europesays.com\/fr\/wp-json\/wp\/v2\/posts\/152765","targetHints":{"allow":["GET"]}}],"collection":[{"href":"https:\/\/www.europesays.com\/fr\/wp-json\/wp\/v2\/posts"}],"about":[{"href":"https:\/\/www.europesays.com\/fr\/wp-json\/wp\/v2\/types\/post"}],"author":[{"embeddable":true,"href":"https:\/\/www.europesays.com\/fr\/wp-json\/wp\/v2\/users\/2"}],"replies":[{"embeddable":true,"href":"https:\/\/www.europesays.com\/fr\/wp-json\/wp\/v2\/comments?post=152765"}],"version-history":[{"count":0,"href":"https:\/\/www.europesays.com\/fr\/wp-json\/wp\/v2\/posts\/152765\/revisions"}],"wp:featuredmedia":[{"embeddable":true,"href":"https:\/\/www.europesays.com\/fr\/wp-json\/wp\/v2\/media\/152766"}],"wp:attachment":[{"href":"https:\/\/www.europesays.com\/fr\/wp-json\/wp\/v2\/media?parent=152765"}],"wp:term":[{"taxonomy":"category","embeddable":true,"href":"https:\/\/www.europesays.com\/fr\/wp-json\/wp\/v2\/categories?post=152765"},{"taxonomy":"post_tag","embeddable":true,"href":"https:\/\/www.europesays.com\/fr\/wp-json\/wp\/v2\/tags?post=152765"}],"curies":[{"name":"wp","href":"https:\/\/api.w.org\/{rel}","templated":true}]}}