{"id":152771,"date":"2025-06-05T01:23:10","date_gmt":"2025-06-05T01:23:10","guid":{"rendered":"https:\/\/www.europesays.com\/fr\/152771\/"},"modified":"2025-06-05T01:23:10","modified_gmt":"2025-06-05T01:23:10","slug":"previsions-du-jeudi-5-juin-2025-7","status":"publish","type":"post","link":"https:\/\/www.europesays.com\/fr\/152771\/","title":{"rendered":"pr\u00e9visions du jeudi 5 juin 2025"},"content":{"rendered":"<p>Aujourd&rsquo;hui, \u00e0 Paris, des nuages ne voudront pas c\u00e9der leur place au soleil. La m\u00e9t\u00e9o sera ponctu\u00e9e par des pluies \u00e9parses. Le thermom\u00e8tre affichera 17\u00b0C en moyenne. Un vent de sud-ouest est attendu : il soufflera \u00e0 21 km\/h. Les temp\u00e9ratures tourneront autour des 16\u00b0C au cours de la matin\u00e9e. On observera la pr\u00e9sence persistante de nuages l&rsquo;apr\u00e8s-midi. D&rsquo;un autre c\u00f4t\u00e9, c&rsquo;est une hausse de quelques degr\u00e9s que vont enregistrer les temp\u00e9ratures. Les valeurs afficheront entre 19\u00b0C et 22\u00b0C. Toujours de la grisaille le soir. Les nuages vont s&rsquo;attarder. Intemp\u00e9ries : on annonce des pluies \u00e9parses. Il va faire en moyenne 16\u00b0C. Entre jeudi et vendredi, la nuit sera pluvieuse.<\/p>\n<p>Demain, \u00e0 Paris, les perturbations seront toujours pr\u00e9sentes avec des nuages. Les temp\u00e9ratures seront comprises entre 12 et 21\u00b0C. Un vent de sud-ouest rafra\u00eechira sensiblement l&rsquo;atmosph\u00e8re. Il faudra pr\u00e9voir des perturbations le matin, les Parisiens se retrouveront sous des pluies \u00e9parses. On pr\u00e9voit une embellie pour cet apr\u00e8s-midi. Les temp\u00e9ratures vont grimper de plusieurs degr\u00e9s. Les valeurs s&rsquo;\u00e9chelonneront de 19 \u00e0 21\u00b0C. Demain soir, du mauvais temps est \u00e0 pr\u00e9voir. Des pluies \u00e9parses vont tomber.<\/p>\n<p>Pour les jours \u00e0 venir, le temps ne changera pas. Des temp\u00e9ratures dans les 16\u00b0C iront de pair avec un ciel pluvieux.<\/p>\n<p><\/p>\n","protected":false},"excerpt":{"rendered":"Aujourd&rsquo;hui, \u00e0 Paris, des nuages ne voudront pas c\u00e9der leur place au soleil. La m\u00e9t\u00e9o sera ponctu\u00e9e par&hellip;\n","protected":false},"author":2,"featured_media":152772,"comment_status":"","ping_status":"","sticky":false,"template":"","format":"standard","meta":{"footnotes":""},"categories":[1888],"tags":[11,1777,674,1011,27,662,12,626,2119,25],"class_list":{"0":"post-152771","1":"post","2":"type-post","3":"status-publish","4":"format-standard","5":"has-post-thumbnail","7":"category-paris","8":"tag-actualites","9":"tag-eu","10":"tag-europe","11":"tag-fr","12":"tag-france","13":"tag-ile-de-france","14":"tag-news","15":"tag-paris","16":"tag-previsions-meteo","17":"tag-republique-francaise"},"share_on_mastodon":{"url":"https:\/\/pubeurope.com\/@fr\/114628146423018568","error":""},"_links":{"self":[{"href":"https:\/\/www.europesays.com\/fr\/wp-json\/wp\/v2\/posts\/152771","targetHints":{"allow":["GET"]}}],"collection":[{"href":"https:\/\/www.europesays.com\/fr\/wp-json\/wp\/v2\/posts"}],"about":[{"href":"https:\/\/www.europesays.com\/fr\/wp-json\/wp\/v2\/types\/post"}],"author":[{"embeddable":true,"href":"https:\/\/www.europesays.com\/fr\/wp-json\/wp\/v2\/users\/2"}],"replies":[{"embeddable":true,"href":"https:\/\/www.europesays.com\/fr\/wp-json\/wp\/v2\/comments?post=152771"}],"version-history":[{"count":0,"href":"https:\/\/www.europesays.com\/fr\/wp-json\/wp\/v2\/posts\/152771\/revisions"}],"wp:featuredmedia":[{"embeddable":true,"href":"https:\/\/www.europesays.com\/fr\/wp-json\/wp\/v2\/media\/152772"}],"wp:attachment":[{"href":"https:\/\/www.europesays.com\/fr\/wp-json\/wp\/v2\/media?parent=152771"}],"wp:term":[{"taxonomy":"category","embeddable":true,"href":"https:\/\/www.europesays.com\/fr\/wp-json\/wp\/v2\/categories?post=152771"},{"taxonomy":"post_tag","embeddable":true,"href":"https:\/\/www.europesays.com\/fr\/wp-json\/wp\/v2\/tags?post=152771"}],"curies":[{"name":"wp","href":"https:\/\/api.w.org\/{rel}","templated":true}]}}