{"id":15278,"date":"2025-04-10T15:25:12","date_gmt":"2025-04-10T15:25:12","guid":{"rendered":"https:\/\/www.europesays.com\/fr\/15278\/"},"modified":"2025-04-10T15:25:12","modified_gmt":"2025-04-10T15:25:12","slug":"pour-son-dernier-masters-1000-de-monte-carlo-richard-gasquet-sarrete-au-2e-tour","status":"publish","type":"post","link":"https:\/\/www.europesays.com\/fr\/15278\/","title":{"rendered":"pour son dernier Masters 1000 de Monte-Carlo, Richard Gasquet s&rsquo;arr\u00eate au 2e tour"},"content":{"rendered":"<p>Ce mercredi, pour son dernier Masters 1000 de Monte-Carlo, le Fran\u00e7ais Richard Gasquet s\u2019est inclin\u00e9 en trois sets face \u00e0 Daniel Altmaier au deuxi\u00e8me tour.<\/p>\n<p class=\"fig-paragraph\">Clap de fin. Vingt-trois ans apr\u00e8s s\u2019\u00eatre r\u00e9v\u00e9l\u00e9 au Masters 1000 de Monte-Carlo,\u00a0<a href=\"http:\/\/www.lefigaro.fr\/sports\/tennis\/tennis-l-aventure-se-prolonge-pour-richard-gasquet-a-monte-carlo-20250406\" data-fig-type=\"NewsFlash\" data-gtm-custom-categorie=\"navigation\" data-gtm-custom-action=\"crossclick\" data-gtm-custom-label=\"Contextuel\" data-gtm-event=\"customEventSPE\" data-fig-domain=\"LEFIGARO\" target=\"_blank\" rel=\"noopener\">Richard Gasquet<\/a>\u00a0a disput\u00e9 mercredi son ultime match dans la Principaut\u00e9, une d\u00e9faite au deuxi\u00e8me tour contre l\u2019Allemand Daniel Altmaier conc\u00e9d\u00e9e au bout de plus de 2h30 de bataille.<\/p>\n<p class=\"fig-paragraph\">164e mondial et invit\u00e9 par les organisateurs, le Biterrois de 38 ans s\u2019est inclin\u00e9 7-5, 5-7, 6-2 face \u00e0 l\u2019Allemand Daniel Altmaier (84e), issu des qualifications.<\/p>\n<p class=\"fig-paragraph\">Mais avant de saluer une derni\u00e8re fois les spectateurs du court central Rainier-III, Gasquet (12 participations \u00e0 Monte-Carlo) s\u2019est assis sur son banc pour regarder sur les \u00e9crans g\u00e9ants du stade une vid\u00e9o d\u2019hommage retra\u00e7ant son histoire particuli\u00e8re avec le tournoi mon\u00e9gasque.<\/p>\n<p class=\"fig-paragraph\">Premi\u00e8re victoire \u00e0 15 ans sur le circuit ATP contre l\u2019Argentin Franco Squillari en 2002 (un record de pr\u00e9cocit\u00e9), demi-finale en 2005 apr\u00e8s une victoire en quarts contre le N.1 mondial Roger Federer\u00a0: l\u2019espace d\u2019un instant, les spectateurs et le presque retrait\u00e9,\u00a0<a href=\"http:\/\/www.lefigaro.fr\/sports\/tennis\/tennis-fin-de-carriere-annoncee-pour-richard-gasquet-20241010\" data-fig-type=\"NewsFlash\" data-gtm-custom-categorie=\"navigation\" data-gtm-custom-action=\"crossclick\" data-gtm-custom-label=\"Contextuel\" data-gtm-event=\"customEventSPE\" data-fig-domain=\"LEFIGARO\" target=\"_blank\" rel=\"noopener\">qui rangera ses raquettes apr\u00e8s Roland-Garros (25 mai-8 juin)<\/a>, ont retrouv\u00e9 l\u2019adolescent aux cheveux en bataille qui \u00e9blouissait la France du tennis.<\/p>\n<p class=\"fig-paragraph\">\u00abQuand je me regarde tout jeune, j\u2019ai l\u2019impression que c\u2019est un autre homme\u00bb, a comment\u00e9 Gasquet \u00e0 l\u2019issue de la projection pr\u00e9par\u00e9e par les organisateurs.<\/p>\n<p>Alcaraz et Djokovic entrent en lice<\/p>\n<p class=\"fig-paragraph\">\u00abD\u00e9j\u00e0 \u00e0 9 ans, 10 ans, je venais avec mes parents, je me disais que \u00e7a serait incroyable de jouer ici un jour. Et je l\u2019ai r\u00e9alis\u00e9\u00a0!\u00bb, s\u2019est \u00e9bahi le Fran\u00e7ais au cours d\u2019une c\u00e9r\u00e9monie d\u2019adieux plut\u00f4t sobre.<\/p>\n<p class=\"fig-paragraph\">L\u2019ex-N.7 mondial s\u2019est dit \u00abheureux d\u2019avoir partag\u00e9 le court\u00bb \u00e0 Monte-Carlo avec les grands noms du d\u00e9but du si\u00e8cle, comme Marat Safin ou Rafael Nadal.<\/p>\n<p class=\"fig-paragraph\">Au moment o\u00f9 le Fran\u00e7ais \u00e9tait raccompagn\u00e9 vers les tribunes par des \u00abol\u00e9, ol\u00e9, ol\u00e9, ol\u00e9, Riiiichard, Riiichard\u00bb, deux autres Fran\u00e7ais disputaient \u00e9galement leur deuxi\u00e8me tour\u00a0:<a href=\"http:\/\/www.lefigaro.fr\/sports\/tennis\/tennis-renversant-arthur-fils-poursuit-sa-route-a-monte-carlo-20250408\" data-fig-type=\"NewsFlash\" data-gtm-custom-categorie=\"navigation\" data-gtm-custom-action=\"crossclick\" data-gtm-custom-label=\"Contextuel\" data-gtm-event=\"customEventSPE\" data-fig-domain=\"LEFIGARO\" target=\"_blank\" rel=\"noopener\">\u00a0Arthur Fils (15e)<\/a>\u00a0contre l\u2019Italien Flavio Cobolli (36e) et Ga\u00ebl Monfils (44e) contre Andrey Rublev (9e), conseill\u00e9 justement par Safin depuis quelques jours.<\/p>\n<p class=\"fig-paragraph\">Dans les autres matches de la journ\u00e9e, l\u2019Italien Lorenzo Musetti (16e) s\u2019est impos\u00e9 en trois sets contre le Tch\u00e8que Jiri Lehecka (28e) et l\u2019Espagnol Alejandro Davidovich (42e) a pris le meilleur en deux manches sur l\u2019Argentin Tomas Martin Etcheverry (46e).<\/p>\n<p class=\"fig-paragraph\">Musetti affrontera en huiti\u00e8mes de finale son compatriote Matteo Berrettini (34e), tombeur de la premi\u00e8re t\u00eate de s\u00e9rie Alexander Zverev (2e) mardi, et Davidovich d\u00e9fiera le Britannique Jack Draper (6e), vainqueur en mars du Masters 1000 d\u2019Indian Wells.<\/p>\n<p class=\"fig-paragraph\">Altmaier jouera lui contre le laur\u00e9at du match programm\u00e9 juste apr\u00e8s sa victoire contre Gasquet sur le Central, entre l\u2019Espagnol Carlos Alcaraz (3e) et l\u2019Argentin Francisco Cerundolo (22e).<\/p>\n<p class=\"fig-paragraph\">Plus tard dans l\u2019apr\u00e8s-midi, Novak Djokovic (5e) doit \u00e0 son tour entrer en lice sur le court Rainier-III, contre Alejandro Tabilo (32e). Le finaliste de l\u2019\u00e9dition 2024 Casper Ruud (7e) d\u00e9marrera lui son tournoi sur le court des Princes, contre l\u2019Espagnol Roberto Bautista Agut (52e).<\/p>\n<p>\u00a0\u00bb<br \/>\n        data-script=\u00a0\u00bbhttps:\/\/static.lefigaro.fr\/widget-video\/short-ttl\/video\/index.js\u00a0\u00bb<br \/>\n    &gt;<\/p>\n","protected":false},"excerpt":{"rendered":"Ce mercredi, pour son dernier Masters 1000 de Monte-Carlo, le Fran\u00e7ais Richard Gasquet s\u2019est inclin\u00e9 en trois sets&hellip;\n","protected":false},"author":2,"featured_media":15279,"comment_status":"","ping_status":"","sticky":false,"template":"","format":"standard","meta":{"footnotes":""},"categories":[1415],"tags":[47,4169,525,1981,4178,4179,1011,27,1114,3996,4177,4176,6431,4174,5386,6433,4175,1980,6432,4171,60,1467,4172,4173,4170],"class_list":{"0":"post-15278","1":"post","2":"type-post","3":"status-publish","4":"format-standard","5":"has-post-thumbnail","7":"category-tennis","8":"tag-actualite","9":"tag-atp","10":"tag-calendrier","11":"tag-classement","12":"tag-coupe-davis","13":"tag-fed-cup","14":"tag-fr","15":"tag-france","16":"tag-infos","17":"tag-jeux-olympiques","18":"tag-masters-1000","19":"tag-masters-500","20":"tag-masters-atp","21":"tag-masters-series","22":"tag-monte-carlo","23":"tag-novak-djokovic","24":"tag-open-daustralie","25":"tag-resultats","26":"tag-richard-gasquet","27":"tag-roland-garros","28":"tag-sports","29":"tag-tennis","30":"tag-us-open","31":"tag-wimbledon","32":"tag-wta"},"share_on_mastodon":{"url":"https:\/\/pubeurope.com\/@fr\/114314367665789324","error":""},"_links":{"self":[{"href":"https:\/\/www.europesays.com\/fr\/wp-json\/wp\/v2\/posts\/15278","targetHints":{"allow":["GET"]}}],"collection":[{"href":"https:\/\/www.europesays.com\/fr\/wp-json\/wp\/v2\/posts"}],"about":[{"href":"https:\/\/www.europesays.com\/fr\/wp-json\/wp\/v2\/types\/post"}],"author":[{"embeddable":true,"href":"https:\/\/www.europesays.com\/fr\/wp-json\/wp\/v2\/users\/2"}],"replies":[{"embeddable":true,"href":"https:\/\/www.europesays.com\/fr\/wp-json\/wp\/v2\/comments?post=15278"}],"version-history":[{"count":0,"href":"https:\/\/www.europesays.com\/fr\/wp-json\/wp\/v2\/posts\/15278\/revisions"}],"wp:featuredmedia":[{"embeddable":true,"href":"https:\/\/www.europesays.com\/fr\/wp-json\/wp\/v2\/media\/15279"}],"wp:attachment":[{"href":"https:\/\/www.europesays.com\/fr\/wp-json\/wp\/v2\/media?parent=15278"}],"wp:term":[{"taxonomy":"category","embeddable":true,"href":"https:\/\/www.europesays.com\/fr\/wp-json\/wp\/v2\/categories?post=15278"},{"taxonomy":"post_tag","embeddable":true,"href":"https:\/\/www.europesays.com\/fr\/wp-json\/wp\/v2\/tags?post=15278"}],"curies":[{"name":"wp","href":"https:\/\/api.w.org\/{rel}","templated":true}]}}