{"id":152785,"date":"2025-06-05T01:27:12","date_gmt":"2025-06-05T01:27:12","guid":{"rendered":"https:\/\/www.europesays.com\/fr\/152785\/"},"modified":"2025-06-05T01:27:12","modified_gmt":"2025-06-05T01:27:12","slug":"donald-trump-interdit-lentree-aux-etats-unis-aux-ressortissants-de-douze-pays-dont-lerythree-haiti-et-liran","status":"publish","type":"post","link":"https:\/\/www.europesays.com\/fr\/152785\/","title":{"rendered":"Donald Trump interdit l\u2019entr\u00e9e aux Etats-Unis aux ressortissants de douze pays dont l\u2019Erythr\u00e9e, Ha\u00efti et l\u2019Iran"},"content":{"rendered":"<p>Donald Trump a interdit aux ressortissants de 12 pays l\u2019entr\u00e9e aux Etats-Unis pour \u00abprot\u00e9ger\u00bb le pays de \u00abterroristes \u00e9trangers\u00bb. Il a pris cette d\u00e9cision pour \u00abprot\u00e9ger\u00bb le pays de \u00abterroristes \u00e9trangers\u00bb, selon un document publi\u00e9 mercredi par la Maison Blanche.<\/p>\n<p>Cette interdiction, effective le 9\u00a0juin, s\u2019applique \u00e0 l\u2019encontre de l\u2019Afghanistan, la Birmanie, le Tchad, la R\u00e9publique d\u00e9mocratique du Congo, la Guin\u00e9e \u00e9quatoriale, l\u2019Erythr\u00e9e, Ha\u00efti, l\u2019Iran, la Libye, la Somalie, le Soudan et le Y\u00e9men. Sept autres pays sont vis\u00e9s par des restrictions.<\/p>\n<p>            Lire aussi: <a href=\"https:\/\/www.letemps.ch\/articles\/la-cour-supreme-autorise-donald-trump-a-revoquer-temporairement-le-statut-legal-d-un-demi-million-d-immigres\" target=\"_blank\" rel=\"noopener\">La Cour supr\u00eame autorise Donald Trump \u00e0 r\u00e9voquer temporairement le statut l\u00e9gal d&rsquo;un demi-million d&rsquo;immigr\u00e9s<\/a>  <\/p>\n<p>L\u2019attaque de Boulder agit\u00e9e<\/p>\n<p>L\u2019interdiction d\u2019entrer aux Etats-Unis pour cette douzaine de pays est motiv\u00e9e par l\u2019attaque dans le Colorado, a sugg\u00e9r\u00e9 le pr\u00e9sident am\u00e9ricain. Lors de cette attaque dans la ville de Boulder, un homme a lanc\u00e9 des engins incendiaires sur les participants d\u2019une marche hebdomadaire en soutien aux otages isra\u00e9liens retenus par le Hamas dans la bande de Gaza depuis le 7\u00a0octobre 2023.<\/p>\n<p>Selon la Maison-Blanche, l\u2019auteur pr\u00e9sum\u00e9 de l\u2019attaque \u00e9tait sur le territoire am\u00e9ricain de mani\u00e8re \u00abill\u00e9gale\u00bb.<\/p>\n<p>Lire aussi: <a href=\"https:\/\/www.letemps.ch\/articles\/apres-une-attaque-dans-le-colorado-la-communaute-juive-est-en-etat-de-siege\" target=\"_blank\" rel=\"noopener\">Apr\u00e8s une attaque antis\u00e9mite dans le Colorado, la communaut\u00e9 juive est en \u00e9tat de si\u00e8ge<\/a>  <\/p>\n","protected":false},"excerpt":{"rendered":"Donald Trump a interdit aux ressortissants de 12 pays l\u2019entr\u00e9e aux Etats-Unis pour \u00abprot\u00e9ger\u00bb le pays de \u00abterroristes&hellip;\n","protected":false},"author":2,"featured_media":152786,"comment_status":"","ping_status":"","sticky":false,"template":"","format":"standard","meta":{"footnotes":""},"categories":[1589],"tags":[11,75,6492,73,1866,4438,10090,12,1864,1865,1863,308],"class_list":{"0":"post-152785","1":"post","2":"type-post","3":"status-publish","4":"format-standard","5":"has-post-thumbnail","7":"category-etats-unis","8":"tag-actualites","9":"tag-donald-trump","10":"tag-droits-de-lhomme","11":"tag-etats-unis","12":"tag-etats-unis-damerique","13":"tag-free","14":"tag-migrations","15":"tag-news","16":"tag-united-states","17":"tag-united-states-of-america","18":"tag-us","19":"tag-usa"},"share_on_mastodon":{"url":"https:\/\/pubeurope.com\/@fr\/114628161949848176","error":""},"_links":{"self":[{"href":"https:\/\/www.europesays.com\/fr\/wp-json\/wp\/v2\/posts\/152785","targetHints":{"allow":["GET"]}}],"collection":[{"href":"https:\/\/www.europesays.com\/fr\/wp-json\/wp\/v2\/posts"}],"about":[{"href":"https:\/\/www.europesays.com\/fr\/wp-json\/wp\/v2\/types\/post"}],"author":[{"embeddable":true,"href":"https:\/\/www.europesays.com\/fr\/wp-json\/wp\/v2\/users\/2"}],"replies":[{"embeddable":true,"href":"https:\/\/www.europesays.com\/fr\/wp-json\/wp\/v2\/comments?post=152785"}],"version-history":[{"count":0,"href":"https:\/\/www.europesays.com\/fr\/wp-json\/wp\/v2\/posts\/152785\/revisions"}],"wp:featuredmedia":[{"embeddable":true,"href":"https:\/\/www.europesays.com\/fr\/wp-json\/wp\/v2\/media\/152786"}],"wp:attachment":[{"href":"https:\/\/www.europesays.com\/fr\/wp-json\/wp\/v2\/media?parent=152785"}],"wp:term":[{"taxonomy":"category","embeddable":true,"href":"https:\/\/www.europesays.com\/fr\/wp-json\/wp\/v2\/categories?post=152785"},{"taxonomy":"post_tag","embeddable":true,"href":"https:\/\/www.europesays.com\/fr\/wp-json\/wp\/v2\/tags?post=152785"}],"curies":[{"name":"wp","href":"https:\/\/api.w.org\/{rel}","templated":true}]}}