{"id":152789,"date":"2025-06-05T01:29:31","date_gmt":"2025-06-05T01:29:31","guid":{"rendered":"https:\/\/www.europesays.com\/fr\/152789\/"},"modified":"2025-06-05T01:29:31","modified_gmt":"2025-06-05T01:29:31","slug":"ligue-des-nations-le-portugal-renverse-lallemagne-et-se-qualifie-pour-la-finale","status":"publish","type":"post","link":"https:\/\/www.europesays.com\/fr\/152789\/","title":{"rendered":"Ligue des nations : le Portugal renverse l&rsquo;Allemagne et se qualifie pour la finale"},"content":{"rendered":"<ul class=\"jsx-862013697 ArticleChapo__List\">\n<li class=\"jsx-862013697 ArticleChapo__List_Item flex\">L&rsquo;Allemagne affrontait le Portugal, ce mercredi 4 juin, lors de la premi\u00e8re demi-finale de la Ligue des nations.<\/li>\n<li class=\"jsx-862013697 ArticleChapo__List_Item flex\">Les co\u00e9quipiers de Vitinha l&rsquo;ont emport\u00e9 2 buts \u00e0 1 et se qualifient pour la finale.<\/li>\n<li class=\"jsx-862013697 ArticleChapo__List_Item flex\">Ils seront oppos\u00e9s au vainqueur du match entre la France et l&rsquo;Espagne, diffus\u00e9 jeudi sur TF1, TF1+ et en live comment\u00e9 sur TF1info.<\/li>\n<\/ul>\n<p data-module=\"article-paragraph\" class=\"jsx-3046738180 Paragraph\">Une premi\u00e8re depuis vingt-cinq ans. Voil\u00e0 plus de deux d\u00e9cennies que le Portugal n\u2019avait plus battu l\u2019Allemagne. Les co\u00e9quipiers de <a href=\"https:\/\/www.tf1info.fr\/sport\/revenus-des-sportifs-deux-francais-kylian-mbappe-karim-benzema-dans-le-top-20-mondial-cristiano-ronaldo-a-la-premiere-place-2371278.html\" target=\"_blank\" rel=\"noopener\">Cristiano Ronaldo<\/a> ont d\u00e9sormais mis fin \u00e0 cette longue invincibilit\u00e9 de la Nationalmannschaft en s\u2019imposant (2-1) ce mercredi 4 juin, au terme de la premi\u00e8re demi-finale <a href=\"https:\/\/www.tf1info.fr\/sport\/football-ligue-des-nations-rayan-cherki-appele-en-equipe-de-france-pourquoi-il-deboule-maintenant-chez-les-bleus-algerie-2372239.html\" target=\"_blank\" rel=\"noopener\">de Ligue des nations<\/a>. Ils se qualifient pour la finale de la comp\u00e9tition, qui se d\u00e9roulera dimanche, et affronteront l\u2019\u00e9quipe victorieuse <a href=\"https:\/\/www.tf1info.fr\/sport\/football-match-espagne-france-tf1-a-quelle-heure-et-sur-quelle-chaine-suivre-la-demi-finale-de-ligue-des-nations-2374735.html\" target=\"_blank\" rel=\"noopener\">du match entre la France et l\u2019Espagne<\/a>, pr\u00e9vu jeudi \u00e0 Stuttgart (en direct sur TF1, TF1+ et en live comment\u00e9 sur TF1info).<\/p>\n<p data-module=\"article-paragraph\" class=\"jsx-3046738180 Paragraph Paragraph__End\">\u00c0 Munich, la partie avait pourtant mal d\u00e9but\u00e9 pour la Sele\u00e7ao, auteure d\u2019une premi\u00e8re p\u00e9riode timor\u00e9e. Malgr\u00e9 quelques contres bien n\u00e9goci\u00e9s par l\u2019interm\u00e9diaire de Neto apr\u00e8s l\u2019entame de la rencontre, les Portugais se sont d\u2019abord montr\u00e9s en difficult\u00e9 face au solide milieu allemand align\u00e9 par <a href=\"https:\/\/www.tf1info.fr\/sport\/ligue-des-champions-demi-finale-match-rb-leipzig-psg-thomas-tuchel-l-homme-a-qui-julian-nagelsmann-doit-beaucoup-2161714.html\" target=\"_blank\" rel=\"noopener\">Julian Nagelsmann<\/a>. C\u2019est d\u2019ailleurs l\u2019\u00e9quipe \u00e0 domicile qui a pris les choses en main, apportant \u00e0 plusieurs reprises du danger sur la cage de Diogo Costa. Le portier du FC Porto a m\u00eame \u00e9t\u00e9 contraint \u00e0 se d\u00e9tendre de tout son long pour \u00e9carter une tentative \u00e0 ras de terre de Goretzka (21e), la plus grosse occasion en premi\u00e8re p\u00e9riode.<\/p>\n<p>Une rencontre qui s&rsquo;est emball\u00e9e apr\u00e8s la pause<\/p>\n<p data-module=\"article-paragraph\" class=\"jsx-3046738180 Paragraph\">La rencontre ne s\u2019est r\u00e9ellement emball\u00e9e qu\u2019apr\u00e8s la pause. La nouvelle coqueluche des supporters outre-Rhin, Florian Wirtz, combine bien devant la surface avec Joshua Kimmich. Le capitaine allemand, qui f\u00eatait ce mercredi sa 100e s\u00e9lection en \u00e9quipe nationale, lui d\u00e9livre alors une bonne passe au-dessus de la d\u00e9fense portugaise, qu\u2019il n\u2019a plus qu\u2019\u00e0 pousser au fond des filets. \u00a0<\/p>\n<p data-module=\"article-paragraph\" class=\"jsx-3046738180 Paragraph Paragraph__End\">Face \u00e0 l\u2019ouverture du score, Roberto Martinez n\u2019a plus le choix : il doit tenter un ajustement tactique pour \u00e9viter de prendre un second but qui aurait an\u00e9anti les espoirs portugais. Apr\u00e8s un triple changement, son \u00e9quipe n\u2019a soudain plus le m\u00eame visage. Les rempla\u00e7ants, <a href=\"https:\/\/www.tf1info.fr\/sport\/paris-saint-germain-psg-le-club-parisien-officialise-l-arrivee-du-portugais-vitinha-premiere-recrue-estivale-2224937.html\" target=\"_blank\" rel=\"noopener\">comme le milieu du PSG Vitinha<\/a>, apportent soudain de la vivacit\u00e9 et de la technique aux joueurs lusitaniens. Sur un de ses premiers ballons, l\u2019ailier Francisco Concei\u00e7ao, tout juste entr\u00e9 en jeu, d\u00e9boule sur le c\u00f4t\u00e9 droit et marque d\u2019une magnifique frappe enroul\u00e9e sous la barre de Ter Stegen (63e).<\/p>\n<p>Un second but sign\u00e9 Nuno Mendes et Cristiano Ronaldo<\/p>\n<p data-module=\"article-paragraph\" class=\"jsx-3046738180 Paragraph\">Le doute gagne alors les rangs allemands. Car si le banc portugais semble avoir \u00e9t\u00e9 b\u00e9n\u00e9fique pour redynamiser le plan de jeu imagin\u00e9 par Roberto Martinez, les joueurs entr\u00e9s c\u00f4t\u00e9 Mannschaft n\u2019ont pas forc\u00e9ment aid\u00e9 leur \u00e9quipe \u00e0 montrer un nouveau visage. Au contraire, sur le flanc droit, l\u2019entrant Robin Gosens a par exemple v\u00e9cu un calvaire face aux assauts r\u00e9p\u00e9t\u00e9s de Concei\u00e7ao sur la d\u00e9fense allemande.\u00a0<\/p>\n<p data-module=\"article-paragraph\" class=\"jsx-3046738180 Paragraph Paragraph__End\">Mais la menace s\u2019est concr\u00e9tis\u00e9e de l\u2019autre c\u00f4t\u00e9 du terrain. Cinq minutes apr\u00e8s l\u2019\u00e9galisation, le lat\u00e9ral du PSG <a href=\"https:\/\/www.tf1info.fr\/sport\/football-ligue-des-champions-match-psg-rb-leipzig-nuno-mendes-l-aile-du-present-et-du-futur-avec-achraf-hakimi-2199388.html\" target=\"_blank\" rel=\"noopener\">Nuno Mendes<\/a>, \u00e0 qui il restait visiblement quelques forces apr\u00e8s avoir remport\u00e9 <a href=\"https:\/\/www.tf1info.fr\/sport\/video-formidable-pour-le-foot-francais-selectionneur-bleus-didier-deschamps-reagit-dans-telefoot-au-sacre-europeen-du-psg-paris-saint-germain-inter-milan-ligue-des-champions-2374278.html\" target=\"_blank\" rel=\"noopener\">la Ligue des champions samedi avec le PSG<\/a>, r\u00e9ussit une perc\u00e9e impressionnante sur le flanc gauche. Centrant fort devant le but allemand, il trouve <a href=\"https:\/\/www.tf1info.fr\/sport\/football-nouveau-record-pour-cristiano-ronaldo-il-devient-la-premiere-personnalite-a-atteindre-le-milliard-d-abonnes-sur-les-reseaux-sociaux-2319409.html\" target=\"_blank\" rel=\"noopener\">Cristiano Ronaldo<\/a>. \u00c0 40 ans, ce dernier signe sa 137e r\u00e9alisation en s\u00e9lection en 220 apparitions sous le maillot portugais.<\/p>\n<p><a href=\"https:\/\/www.tf1info.fr\/sport\/espagne-france-sur-tf1-vainqueurs-ligue-des-champions-les-parisiens-prets-a-rejouer-des-jeudi-en-ligue-des-nations-2374727.html\" rel=\"noopener\" class=\"jsx-3308031228 Link flex\" target=\"_blank\"><img decoding=\"async\" src=\"https:\/\/www.europesays.com\/fr\/wp-content\/uploads\/2025\/06\/ousmane-dembele-ligue-des-champions-roland-garros-53b7b3-0@1x.jpeg\" alt=\"Anne-Christine POUJOULAT \/ AFP\" loading=\"lazy\" importance=\"low\" fetchpriority=\"low\" class=\"\"\/><\/p>\n<p class=\"jsx-3657663356 ReadMoreArticle__Title\">Lire aussi<\/p>\n<p class=\"jsx-3657663356\">Espagne-France sur TF1 : \u00e0 peine champions d&rsquo;Europe, les Parisiens pr\u00eats \u00e0 rejouer d\u00e8s jeudi ?<\/p>\n<p><\/a><\/p>\n<p data-module=\"article-paragraph\" class=\"jsx-3046738180 Paragraph Paragraph__End\">Hormis une frappe sur le poteau sign\u00e9e Adeyemi (70e), les Allemands ne parviendront plus jamais \u00e0 reprendre le contr\u00f4le du match. Les Portugais, eux, esp\u00e8rent d\u00e9sormais remporter une seconde Ligue des Nations \u2013 ils ont d\u00e9j\u00e0 gagn\u00e9 le troph\u00e9e lors de la premi\u00e8re \u00e9dition du tournoi en 2019 (1-0 contre les Pays-Bas). S\u2019ils remportent leur demi-finale contre l\u2019Espagne, les Fran\u00e7ais de Didier Deschamps pourraient donc de nouveau croiser la Sele\u00e7ao, un an apr\u00e8s le quart de finale de l\u2019Euro victorieux des Bleus.<\/p>\n<p data-module=\"article-paragraph\" class=\"jsx-3046738180 Paragraph Paragraph__End\"><strong>Revivez ci-dessous en live comment\u00e9 le choc Allemagne-Portugal.<\/strong><\/p>\n<p><img decoding=\"async\" src=\"https:\/\/www.europesays.com\/fr\/wp-content\/uploads\/2025\/06\/ligue-des-nations-illustration-7394c1-0@1x.jpeg\" alt=\"Fabrice COFFRINI \/ AFP\" loading=\"lazy\" importance=\"low\" fetchpriority=\"low\" class=\"\"\/>TERMIN\u00c9<\/p>\n<p class=\"jsx-1738046559 ScoreBoard__SubTitle\">Demi-finale &#8211; Ligue des nations <\/p>\n<p class=\"jsx-1738046559 ScoreBoard__SubTitle\">Le 4 juin 2025 , Allianz Arena, \u00e0 Munich (Allemagne)<\/p>\n<p class=\"jsx-1738046559 ScoreBoard__Teams__NameA\">Allemagne<\/p>\n<p class=\"jsx-1738046559 ScoreBoard__Teams__NameB\">Portugal<\/p>\n<p><img decoding=\"async\" src=\"https:\/\/www.europesays.com\/fr\/wp-content\/uploads\/2025\/06\/logo_allemagne_2018-9fb139-1@1x.png\" alt=\"\" loading=\"eager\" importance=\"low\" fetchpriority=\"low\" class=\"\"\/><\/p>\n<p>1 &#8211; 2<\/p>\n<p><img decoding=\"async\" src=\"https:\/\/www.europesays.com\/fr\/wp-content\/uploads\/2025\/06\/logo_portugal_2018-cca786-1@1x.png\" alt=\"\" loading=\"eager\" importance=\"low\" fetchpriority=\"low\" class=\"\"\/><\/p>\n<ul class=\"jsx-1738046559 ScoreBoard__Teams__ScoresB\">\n<li class=\"jsx-1738046559\">F. Concei\u00e7ao 63&prime;<\/li>\n<li class=\"jsx-1738046559\">C. Ronaldo 68&prime;<\/li>\n<\/ul>\n<p>Par Actions<\/p>\n<p>Fin du matchCarton jauneChangementButMi-tempsCoup d&rsquo;envoi<\/p>\n<p>Valider les filtresR\u00e9initialiser les filtres<\/p>\n<p>Minute par minuteFiltrer par Temps forts, Sports et ActionsFiltrer23:53<br class=\"jsx-494582681\"\/> 4 juin 2025FIN DU LIVE<\/p>\n<p>Merci \u00e0 toutes et \u00e0 tous de nous avoir suivis ce soir. Rendez-vous demain soir pour l&rsquo;autre demi-finale tr\u00e8s attendue de cette Ligue des Nations, qui verra s&rsquo;opposer la France et l&rsquo;Espagne. Une rencontre diffus\u00e9e en direct sur TF1 et TF1+ et comment\u00e9e en live sur TF1info. Bonne fin de soir\u00e9e !\u00a0<\/p>\n<p>23:06<br class=\"jsx-494582681\"\/> 4 juin 2025FIN DU MATCH<\/p>\n<p><strong>Le Portugal s&rsquo;impose !<\/strong>\u00a0La Sele\u00e7ao a mieux g\u00e9r\u00e9 la seconde p\u00e9riode de la rencontre apr\u00e8s les changements apport\u00e9s par Roberto Martinez. Si Wirtz a ouvert le score pour l&rsquo;Allemagne, Concei\u00e7ao, tr\u00e8s en vue, puis Cristiano Ronaldo ont permis aux Portugais de prendre l&rsquo;avantage. Leur \u00e9quipe n&rsquo;avait plus battu la Nationamannschaft depuis 25 ans. Ils affronteront dimanche en finale de Ligue des nations la France ou l&rsquo;Espagne.\u00a0<\/p>\n<p>23:05<br class=\"jsx-494582681\"\/> 4 juin 202590&rsquo;+5<\/p>\n<p>Retrouvez en vid\u00e9o le second but portugais, sign\u00e9 Cristiano Ronaldo.<\/p>\n<p>Allemagne &#8211; Portugal : voir le but de Cristiano RonaldoSource : Football &#8211; Matchs Ligue des Nations<\/p>\n<p><img decoding=\"async\" src=\"https:\/\/photos.tf1info.fr\/images\/383\/215\/allemagne-portugal-voir-le-but-de-cristiano-ronaldo-e4e8b4-9ec2c9-0@1x.jpeg\" alt=\"Allemagne - Portugal : voir le but de Cristiano Ronaldo\" loading=\"lazy\" importance=\"low\" fetchpriority=\"low\" class=\"\"\/><img decoding=\"async\" src=\"https:\/\/www.europesays.com\/fr\/wp-content\/uploads\/2025\/04\/player-logo-play.svg.svg+xml\" alt=\"Logo lecture\" class=\"jsx-d0de44c05fe3042c PlayerLazyload__Play\"\/>23:04<br class=\"jsx-494582681\"\/> 4 juin 202590&rsquo;+5<\/p>\n<p><strong>L&rsquo;ARR\u00caT DE TER STEGEN ! <\/strong>D\u00e9marqu\u00e9, Jota tente sa chance en face-\u00e0-face contre le gardien allemand, qui s&rsquo;impose une nouvelle fois.<\/p>\n<p>23:03<br class=\"jsx-494582681\"\/> 4 juin 202590&rsquo;+4<\/p>\n<p>Petit num\u00e9ro de Vitinha sur le c\u00f4t\u00e9 droit pour se jouer de Wirtz et de Gosens. Il centre, c&rsquo;est finalement repris par Palhinha, qui envoie une frappe lourde au-dessus du but de Ter Stegen.<\/p>\n<p>23:01<br class=\"jsx-494582681\"\/> 4 juin 202590&rsquo;+2<\/p>\n<p>Corner allemand, qui passe au-dessus de tous les joueurs dans la surface&#8230; Plus que quelques minutes pour arracher les prolongations !<\/p>\n<p>23:00<br class=\"jsx-494582681\"\/> 4 juin 202590&rsquo;+2<\/p>\n<p>Retrouvez en vid\u00e9o l&rsquo;\u00e9galisation de Concei\u00e7ao.<\/p>\n<p>Allemagne &#8211; Portugal : voir l&rsquo;\u00e9galisation de Francisco Concei\u00e7\u00e3oSource : Football &#8211; Matchs Ligue des Nations<\/p>\n<p><img decoding=\"async\" src=\"https:\/\/photos.tf1info.fr\/images\/383\/215\/allemagne-portugal-voir-legalisation-de-francisco-conceicao-d5da00-4c09a7-0@1x.jpeg\" alt=\"Allemagne - Portugal : voir l'\u00e9galisation de Francisco Concei\u00e7\u00e3o\" loading=\"lazy\" importance=\"low\" fetchpriority=\"low\" class=\"\"\/><img decoding=\"async\" src=\"https:\/\/www.europesays.com\/fr\/wp-content\/uploads\/2025\/04\/player-logo-play.svg.svg+xml\" alt=\"Logo lecture\" class=\"jsx-d0de44c05fe3042c PlayerLazyload__Play\"\/>22:59<br class=\"jsx-494582681\"\/> 4 juin 202590&prime;<\/p>\n<p>Cristiano Ronaldo est remplac\u00e9 par Palhinha pour les cinq derni\u00e8res minutes du match.<\/p>\n<p>22:59<br class=\"jsx-494582681\"\/> 4 juin 202590&prime;<\/p>\n<p>Cinq minutes de temps additionnel sont annonc\u00e9es.<\/p>\n<p>22:59<br class=\"jsx-494582681\"\/> 4 juin 202589&prime;<\/p>\n<p><strong>LE DOUBLE ARR\u00caT DE TER STEGEN !! <\/strong>Le Barcelonais sauve son \u00e9quipe ! Jota puis Concei\u00e7ao avaient cadr\u00e9, mais le gardien sort deux parades de grande classe.<\/p>\n<p>22:57<br class=\"jsx-494582681\"\/> 4 juin 202588&prime;<\/p>\n<p>Retrouvez en vid\u00e9o l&rsquo;ouverture du score de Wirtz.<\/p>\n<p>Allemagne &#8211; Portugal : voir l&rsquo;ouverture du score de Florian WirtzSource : Football &#8211; Matchs Ligue des Nations<\/p>\n<p><img decoding=\"async\" src=\"https:\/\/photos.tf1info.fr\/images\/383\/215\/allemagne-portugal-voir-louverture-du-score-de-florian-wirtz-92f446-e1d9ea-0@1x.jpeg\" alt=\"Allemagne - Portugal : voir l'ouverture du score de Florian Wirtz\" loading=\"lazy\" importance=\"low\" fetchpriority=\"low\" class=\"\"\/><img decoding=\"async\" src=\"https:\/\/www.europesays.com\/fr\/wp-content\/uploads\/2025\/04\/player-logo-play.svg.svg+xml\" alt=\"Logo lecture\" class=\"jsx-d0de44c05fe3042c PlayerLazyload__Play\"\/>22:55<br class=\"jsx-494582681\"\/> 4 juin 202584&prime;<\/p>\n<p>Beaucoup de nervosit\u00e9 entre les deux \u00e9quipes. Cartons jaunes pour Wirtz, F\u00fcllkrug et R\u00faben Dias apr\u00e8s un d\u00e9but de bagarre. Mr Vincic tente de ramener le calme sur le terrain.\u00a0<\/p>\n<p>22:53<br class=\"jsx-494582681\"\/> 4 juin 202583&prime;<\/p>\n<p>Neto est remplac\u00e9 par Diogo Jota c\u00f4t\u00e9 portugais.<\/p>\n<p>22:53<br class=\"jsx-494582681\"\/> 4 juin 202582&prime;<\/p>\n<p><strong>ET LA R\u00c9PONSE ALLEMANDE !!<\/strong> Bien plac\u00e9 \u00e0 gauche de la surface portugaise, Adeyemi frappe fort&#8230; et sa frappe touche le poteau ! Le match s&#8217;emballe !\u00a0<\/p>\n<p>22:52<br class=\"jsx-494582681\"\/> 4 juin 202582&prime;<\/p>\n<p><strong>ENCORE UNE OCCASION PORTUGAISE !<\/strong> Sur un long ballon envoy\u00e9 depuis son camp, Concei\u00e7ao prend encore le meilleur sur la d\u00e9fense allemande. Il se joue de Tah, puis d\u00e9livre une frappe puissante, qui flirte avec le montant gauche de Ter Stegen.<\/p>\n<p>22:49<br class=\"jsx-494582681\"\/> 4 juin 202580&prime;<\/p>\n<p>Faute de Tah sur Concei\u00e7ao \u00e0 plus de 30 m\u00e8tres de la cage de Ter Stegen. Le coup franc suivant n&rsquo;est pas concluant.<\/p>\n<p>22:48<br class=\"jsx-494582681\"\/> 4 juin 202579&prime;<\/p>\n<p><strong>KIMMICH SAUVE L&rsquo;ALLEMAGNE !<\/strong> Sur le c\u00f4t\u00e9 droit, Concei\u00e7ao \u00e9limine encore une fois Gosens. Fernandes lui remet la balle en une touche et centre devant le but vite&#8230; heureusement pour les Allemands, Kimmich d\u00e9gage en urgence en touche ! Encore une situation dangereuse dans la surface de Ter Stegen&#8230;\u00a0<\/p>\n<p>22:46<br class=\"jsx-494582681\"\/> 4 juin 202577&prime;<\/p>\n<p>La Nationalmannschaft tente tant bien que mal de remettre le pied sur le ballon. Mais le Portugal s&rsquo;est bien regroup\u00e9 en bloc pour essayer de contrecarrer les offensives allemandes.<\/p>\n<p>22:45<br class=\"jsx-494582681\"\/> 4 juin 202576&prime;<\/p>\n<p>Goretzka trouve F\u00fcllkrug puis Nmecha, qui essaie de trouver un relais loin devant. Mais sa passe est trop impr\u00e9cise.<\/p>\n<p>22:44<br class=\"jsx-494582681\"\/> 4 juin 202575&prime;<\/p>\n<p>Concei\u00e7ao tente encore sur le c\u00f4t\u00e9 droit. Il ne parvient pas \u00e0 glisser comme il le souhaiterait son ballon \u00e0 Semedo, venu dans la surface allemande faire un appel sur sa droite.<\/p>\n<p>22:42<br class=\"jsx-494582681\"\/> 4 juin 202573&prime;<\/p>\n<p>Double changement pour l&rsquo;Allemagne : Nmecha rentre \u00e0 la place d&rsquo;Anton, tandis qu&rsquo;Adeyemi remplace Pavlovic.<\/p>\n<p>22:41<br class=\"jsx-494582681\"\/> 4 juin 202572&prime;<\/p>\n<p>En moins de dix minutes, le Portugal a tout renvers\u00e9. Les changements apport\u00e9s par Roberto Martinez ont tout chang\u00e9 au milieu de terrain. La vivacit\u00e9 des entrants a permis \u00e0 la Sele\u00e7ao de reprendre des couleurs durant cette seconde p\u00e9riode, pourtant mal embarqu\u00e9e.<\/p>\n<p>22:39<br class=\"jsx-494582681\"\/> 4 juin 202568&prime;<\/p>\n<p><strong>RONALDOOOOOO !<\/strong> La l\u00e9gende portugaise donne l&rsquo;avantage \u00e0 son \u00e9quipe !! Nuno Mendes joue en une-deux avec Bruno Fernandes sur le c\u00f4t\u00e9 gauche puis est trouv\u00e9 en profondeur. Son centre pr\u00e9cis pour Cristiano Ronaldo est parfait : le joueur d&rsquo;Al-Nassr n&rsquo;a plus qu&rsquo;\u00e0 pousser le ballon dans le but vide ! 2\/1 pour le Portugal !<\/p>\n<p>22:35<br class=\"jsx-494582681\"\/> 4 juin 202566&prime;<\/p>\n<p>Grosse s\u00e9quence portugaise. Les changements de Martinez semblent porter leurs fruits. Vitinha tente sa chance \u00e0 son tour, mais c&rsquo;est contr\u00e9 !\u00a0<\/p>\n<p>22:34<br class=\"jsx-494582681\"\/> 4 juin 202562&prime;<\/p>\n<p><strong>BUUUUT POUR LE PORTUGAL ! <\/strong>Quelle frappe enroul\u00e9e de Francisco Concei\u00e7ao !! Le joueur de la Juventus Turin avait d\u00e9boul\u00e9 sur la droite pour se cr\u00e9er un espace et frapper en force sous la barre transversale. Ter Stegen est impuissant !\u00a0<\/p>\n<p>22:31<br class=\"jsx-494582681\"\/> 4 juin 202561&prime;<\/p>\n<p>Faute de Wirtz sur Bruno Fernandes. Le coup franc tir\u00e9 par Ronaldo ne donne rien.<\/p>\n<p>22:30<br class=\"jsx-494582681\"\/> 4 juin 202560&prime;<\/p>\n<p>Trois changements \u00e9galement c\u00f4t\u00e9 allemand. Woltemade, Leroy San\u00e9 et Mittelst\u00e4dt pour Gnabry, F\u00fcllkrug et Gosens.<\/p>\n<p>22:28<br class=\"jsx-494582681\"\/> 4 juin 202558&prime;<\/p>\n<p>Triple changement pour le Portugal, avec les sorties de Joao Neves, Ruben Neves et Trincao, pour les entr\u00e9es de Vitinha, Francisco Concei\u00e7ao et Nelson Semedo.<\/p>\n<p>22:26<br class=\"jsx-494582681\"\/> 4 juin 202556&prime;<\/p>\n<p><strong>Fernandes !!! <\/strong>Le milieu de Manchester United enroule une frappe depuis le coin gauche de la surface portugaise. \u00c7a rase le poteau droit de Ter Stegen !\u00a0<\/p>\n<p>22:24<br class=\"jsx-494582681\"\/> 4 juin 202555&prime;<\/p>\n<p>Les Allemands r\u00e9cup\u00e8rent le ballon facilement dans les pieds portugais. Sur le banc, Roberto Martinez s&rsquo;agace de la performance de ses joueurs.<\/p>\n<p>22:22<br class=\"jsx-494582681\"\/> 4 juin 202552&prime;<\/p>\n<p>Le Portugal tente de r\u00e9agir. Bruno Fernandes centre vers la surface allemande, mais sa tentative est capt\u00e9e dans les gants par Ter Stegen.<\/p>\n<p>22:21<br class=\"jsx-494582681\"\/> 4 juin 202550&prime;<\/p>\n<p>Carton jaune pour le s\u00e9lectionneur portugais, Roberto Martinez, pour contestation. Un de ses adjoints avait d\u00e9j\u00e0 \u00e9t\u00e9 averti quelques instants plus t\u00f4t.<\/p>\n<p>22:20<br class=\"jsx-494582681\"\/> 4 juin 202549&prime;<\/p>\n<p>Appel\u00e9 par la VAR, Mr Vincic a finalement confirm\u00e9 le but allemand apr\u00e8s avoir consult\u00e9 les images vid\u00e9o.<\/p>\n<p>22:18<br class=\"jsx-494582681\"\/> 4 juin 202548&prime;<\/p>\n<p><strong>BUUUUUTTTT DE WIRTZ ! <\/strong>Sur le c\u00f4t\u00e9 gauche, Florian Wirtz joue en une-deux avec Kimmich devant la surface. Le capitaine allemand d\u00e9livre un joli ballon en cloche, que parvient \u00e0 reprendre le joueur de Leverkusen de la t\u00eate.<\/p>\n<p>22:16<br class=\"jsx-494582681\"\/> 4 juin 202547&prime;<\/p>\n<p><strong>RONALDO ! <\/strong>Quelle perc\u00e9e de Nuno Mendes sur le flanc gauche ! Le Parisien centre fort juste devant le but de Ter Stegen pour trouver l&rsquo;avant-centre&#8230; \u00e0 qui il manque quelques centim\u00e8tres pour reprendre le ballon !\u00a0<\/p>\n<p>22:13<br class=\"jsx-494582681\"\/> 4 juin 202546&prime;<\/p>\n<p><strong>C&rsquo;EST REPARTI !!!<\/strong> Le Portugal engage. Aucun changement constat\u00e9 de part et d&rsquo;autre.<\/p>\n<p>22:00<br class=\"jsx-494582681\"\/> 4 juin 2025MI-TEMPS<\/p>\n<p><strong>C&rsquo;est la mi-temps \u00e0 Munich !<\/strong> Les deux \u00e9quipes se neutralisent pour le moment. L&rsquo;Allemagne a eu les meilleures occasions, notamment via une bonne frappe de Goretzka (21e). Les Portugais, eux, ont bien jou\u00e9 quelques contres avant de baisser peu \u00e0 peu de rythme. Tout reste \u00e0 faire dans cette partie !\u00a0<\/p>\n<p>21:57<br class=\"jsx-494582681\"\/> 4 juin 202545&rsquo;+1<\/p>\n<p>Pedro Neto centre une nouvelle fois sur son c\u00f4t\u00e9 gauche, mais c&rsquo;est encore une fois repouss\u00e9.<\/p>\n<p>21:55<br class=\"jsx-494582681\"\/> 4 juin 202545&prime;<\/p>\n<p>Une minute de temps additionnel est annonc\u00e9e.<\/p>\n<p>21:54<br class=\"jsx-494582681\"\/> 4 juin 202543&prime;<\/p>\n<p>Wirtz r\u00e9cup\u00e8re la balle aux abords de la surface portugaise. Le joueur de Leverkusen frappe, mais c&rsquo;est directement dans les gants de Diogo Costa.<\/p>\n<p>21:52<br class=\"jsx-494582681\"\/> 4 juin 202541&prime;<\/p>\n<p>Apr\u00e8s avoir \u00e9t\u00e9 soign\u00e9, Bruno Fernandes se rel\u00e8ve finalement. Il va pouvoir reprendre sa place.<\/p>\n<p>21:51<br class=\"jsx-494582681\"\/> 4 juin 202540&prime;<\/p>\n<p>Bruno Fernandes est au sol apr\u00e8s un contact avec Florian Wirtz. Le Portugais semble touch\u00e9 au pied.<\/p>\n<p>21:49<br class=\"jsx-494582681\"\/> 4 juin 202537&prime;<\/p>\n<p>Les deux \u00e9quipes se livrent un gros duel au milieu de terrain. C\u00f4t\u00e9 portugais, les quelques contres \u00e0 jouer passent mieux c\u00f4t\u00e9 gauche. Les hommes de Roberto Martinez ont du mal \u00e0 trouver Trincao sur l&rsquo;aile oppos\u00e9e.<\/p>\n<p>21:46<br class=\"jsx-494582681\"\/> 4 juin 202534&prime;<\/p>\n<p>Ruben Neves agrippe au milieu du terrain le maillot de Woltemade. Coup franc pour l&rsquo;Allemagne&#8230; qui ne donne rien.<\/p>\n<p>21:44<br class=\"jsx-494582681\"\/> 4 juin 202533&prime;<\/p>\n<p><strong>Quel retour de Robin Koch ! <\/strong>Le d\u00e9fenseur de Francfort parvient \u00e0 neutraliser Pedro Neto, parti en solitaire dans la surface allemande. C&rsquo;\u00e9tait chaud !\u00a0<\/p>\n<p>21:43<br class=\"jsx-494582681\"\/> 4 juin 202531&prime;<\/p>\n<p>Le rapport de force semble s&rsquo;\u00eatre invers\u00e9 depuis une quinzaine de minutes : les co\u00e9quipiers de Bernardo Silva ne parviennent plus \u00e0 op\u00e9rer par contres comme au d\u00e9but de la rencontre.<\/p>\n<p>21:42<br class=\"jsx-494582681\"\/> 4 juin 202530&prime;<\/p>\n<p>Pavlovic frappe vers la cage de Costa. Gon\u00e7alo Inacio d\u00e9gage du bout du pied la tentative du joueur du Bayern.<\/p>\n<p>21:40<br class=\"jsx-494582681\"\/> 4 juin 202529&prime;<\/p>\n<p>Moment d&rsquo;accalmie dans ce match empreint d&rsquo;une certaine intensit\u00e9. L&rsquo;Allemagne domine les d\u00e9bats, sans \u00eatre totalement \u00e0 l&rsquo;abri des offensives portugaises.<\/p>\n<p>21:38<br class=\"jsx-494582681\"\/> 4 juin 202527&prime;<\/p>\n<p>Kimmich a pris des risques en d\u00e9gageant de la t\u00eate vers Ter Stegen, qui ne s&rsquo;est pas laiss\u00e9 pi\u00e9ger.\u00a0<\/p>\n<p>21:37<br class=\"jsx-494582681\"\/> 4 juin 202525&prime;<\/p>\n<p>Nuno Mendes avait r\u00e9ussi \u00e0 trouver Cristiano Ronaldo dans la surface allemande. Mais la d\u00e9fense allemande parvient \u00e0 d\u00e9gager le ballon.\u00a0<\/p>\n<p>Voir plus<\/p>\n<p>21:35<br class=\"jsx-494582681\"\/> 4 juin 202523&prime;<\/p>\n<p>San\u00e9 est de plus en plus visible dans cette partie. Par son activit\u00e9, l&rsquo;attaquant fait du mal aux joueurs portugais depuis quelques minutes.<\/p>\n<p>21:33<br class=\"jsx-494582681\"\/> 4 juin 202521&prime;<\/p>\n<p><strong>GORETZKA !!!!<\/strong> L&rsquo;Allemagne acc\u00e9l\u00e8re. Le milieu allemand, bien servi par San\u00e9, contraint Diogo Costa \u00e0 se coucher au sol pour \u00e9carter sa frappe s\u00e8che. Quel arr\u00eat !<\/p>\n<p>21:30<br class=\"jsx-494582681\"\/> 4 juin 202519&prime;<\/p>\n<p><strong>L&rsquo;occasion allemande ! <\/strong>Pavlovic et Woltemade combinent dans la surface. Le milieu du Bayern s&rsquo;\u00e9croule&#8230; mais Woltemade suit bien et c&rsquo;est repouss\u00e9 par Costa !\u00a0<\/p>\n<p>21:29<br class=\"jsx-494582681\"\/> 4 juin 202518&prime;<\/p>\n<p>Face aux d\u00e9buts timor\u00e9s de ses joueurs, Julian Nagelsmann donne de la voix sur le banc allemand.<\/p>\n<p>21:27<br class=\"jsx-494582681\"\/> 4 juin 202516&prime;<\/p>\n<p>Gros travail de Kimmich, qui se d\u00e9fait de plusieurs adversaires sur le c\u00f4t\u00e9 droit allemand. Son centre est en revanche trop impr\u00e9cis.<\/p>\n<p>21:26<br class=\"jsx-494582681\"\/> 4 juin 202515&prime;<\/p>\n<p>Joao Neves trouve Ronaldo en profondeur dans la surface allemande. Le quintuple Ballon d&rsquo;or dribble et croit obtenir un corner&#8230; mais ce sera finalement une sortie de but.\u00a0<\/p>\n<p>21:25<br class=\"jsx-494582681\"\/> 4 juin 202514&prime;<\/p>\n<p>Difficile pour les Allemands de se cr\u00e9er de r\u00e9elles occasions pour le moment face \u00e0 une d\u00e9fense portugaise bien regroup\u00e9e.<\/p>\n<p>21:24<br class=\"jsx-494582681\"\/> 4 juin 202512&prime;<\/p>\n<p>Bruno Fernandes trouve une fois Neto sur le c\u00f4t\u00e9 gauche. Tr\u00e8s actif, l&rsquo;ailier est finalement repris par Kimmich et fait faute sur le capitaine allemand.<\/p>\n<p>21:22<br class=\"jsx-494582681\"\/> 4 juin 202511&prime;<\/p>\n<p><strong>Neto tente sa chance ! <\/strong>Le joueur de Chelsea se cr\u00e9e une nouvelle occasion en r\u00e9cup\u00e9rant bas un ballon des pieds de Pavlovic. Sa frappe passe tout de fois loin au-dessus de la cage de Ter Stegen.<\/p>\n<p>21:20<br class=\"jsx-494582681\"\/> 4 juin 20259&prime;<\/p>\n<p>Tah, bien pris par Bruno Fernandes, perd le ballon tout pr\u00e8s de sa surface. Sans cons\u00e9quence pour la Nationalmannschaft.<\/p>\n<p>21:19<br class=\"jsx-494582681\"\/> 4 juin 20258&prime;<\/p>\n<p>Malgr\u00e9 deux blocs tr\u00e8s denses sur le terrain, ce d\u00e9but de partie est plut\u00f4t agr\u00e9able \u00e0 suivre.<\/p>\n<p>21:17<br class=\"jsx-494582681\"\/> 4 juin 20257&prime;<\/p>\n<p><strong>La frappe de Ronaldo !<\/strong> Apr\u00e8s une r\u00e9cup\u00e9ration d&rsquo;Inacio, Neto d\u00e9boule sur l&rsquo;aile gauche et centre fort dans la surface. Ronaldo reprend, mais son tir est un peu mou pour apporter un vrai danger sur la cage adverse.<\/p>\n<p>21:15<br class=\"jsx-494582681\"\/> 4 juin 20254&prime;<\/p>\n<p><strong>Premi\u00e8re occasion pour l&rsquo;Allemagne !<\/strong> Sur un long ballon a\u00e9rien, Wirtz trouve Kimmich \u00e0 la droite du poteau de Costa. Le Munichois remet pour Goretzka en retrait&#8230; qui frappe trop lentement pour inqui\u00e9ter r\u00e9ellement le gardien portugais. Mais c&rsquo;\u00e9tait bien jou\u00e9 !\u00a0<\/p>\n<p>21:14<br class=\"jsx-494582681\"\/> 4 juin 20253&prime;<\/p>\n<p>Ter Stegen n&rsquo;est pas loin de se faire pi\u00e9ger sur le corner portugais. Koch doit s&#8217;employer pour \u00e9carter le danger. Cristiano Ronaldo r\u00f4dait&#8230;<\/p>\n<p>21:13<br class=\"jsx-494582681\"\/> 4 juin 20252&prime;<\/p>\n<p>Premier centre de Neto sur la gauche, apr\u00e8s une incursion de Silva dans le camp allemand. C&rsquo;est contr\u00e9 : premier corner du match !<\/p>\n<p>21:11<br class=\"jsx-494582681\"\/> 4 juin 20251&prime;<\/p>\n<p>Engagement rat\u00e9 de la part des Allemands : le Portugal r\u00e9cup\u00e8re d\u00e9j\u00e0 la balle&#8230;<\/p>\n<p>21:10<br class=\"jsx-494582681\"\/> 4 juin 2025COUP D&rsquo;ENVOI<\/p>\n<p><strong>C&rsquo;EST PARTI \u00c0 MUNICH !<\/strong> L&rsquo;Allemagne engage !<\/p>\n<p>21:06<br class=\"jsx-494582681\"\/> 4 juin 2025HYMNES<\/p>\n<p>Les hymnes portugais, puis allemand, retentissent d\u00e9sormais dans l&rsquo;enceinte bavaroise.\u00a0<\/p>\n<p>21:05<br class=\"jsx-494582681\"\/> 4 juin 2025UNE 100E POUR KIMMICH<\/p>\n<p>Joshua Kimmich f\u00eate ce mercredi sa 100e s\u00e9lection avec la s\u00e9lection allemande. \u00ab\u00a0F\u00e9licitations \u00e0 notre capitaine\u00a0\u00bb, salue le speaker du stade, apr\u00e8s un bref hommage rendu au joueur du Bayern Munich.<\/p>\n<p>21:03<br class=\"jsx-494582681\"\/> 4 juin 2025ENTR\u00c9E SUR LA PELOUSE<\/p>\n<p>Les deux \u00e9quipes entrent sur la pelouse ! Plus que quelques minutes \u00e0 patienter avant le d\u00e9but de ce match.<\/p>\n<p>21:01<br class=\"jsx-494582681\"\/> 4 juin 2025COUP D&rsquo;ENVOI DANS DIX MINUTES<\/p>\n<p>La rencontre d\u00e9butera d\u00e9sormais dans dix minutes. Elle sera arbitr\u00e9e par le Slov\u00e8ne Slavko Vin\u010di\u0107.<\/p>\n<p>20:54<br class=\"jsx-494582681\"\/> 4 juin 2025M\u00c9T\u00c9O DIFFICILE<\/p>\n<p>Avec cette m\u00e9t\u00e9o capricieuse, les conditions de jeu s&rsquo;annoncent compliqu\u00e9es ce mercredi soir \u00e0 Munich.<\/p>\n<blockquote data-testid=\"EmbedTwitter\" id=\"tweet-1930335303962898827-:Rspcj9komij9n79m:\" class=\"jsx-aeff1a1c40f54d7a twitter-tweet flex justify-center items-center\"><p>\u2139\ufe0f Aufgrund der Witterungsbedingungen wird der Anpfiff auf 21:10 Uhr verschoben.  #GERPOR #DFBTeam \ud83d\udcf8 DFB\/Philipp Reinhard  pic.twitter.com\/zMiICry7jr \u2014 DFB-Team (@DFB_Team)  June 4, 2025<\/p><\/blockquote>\n<p>20:50<br class=\"jsx-494582681\"\/> 4 juin 2025COUP D&rsquo;ENVOI D\u00c9CAL\u00c9<\/p>\n<p>En raison de conditions m\u00e9t\u00e9orologiques difficiles, le coup d&rsquo;envoi de la rencontre est d\u00e9cal\u00e9 de 10 minutes par l&rsquo;organisation. Les deux \u00e9quipes d\u00e9buteront donc le match \u00e0 21h10, indique l&rsquo;organisation. Une forte averse de gr\u00eale s&rsquo;est abattue sur Munich ces derni\u00e8res minutes, alors que les joueurs \u00e9taient \u00e0 l&rsquo;\u00e9chauffement.<\/p>\n<p>20:47<br class=\"jsx-494582681\"\/> 4 juin 2025POUR PATIENTER JUSQU&rsquo;\u00c0 DEMAIN<\/p>\n<p>Dans la seconde demi-finale de cette Ligue des nations, les Fran\u00e7ais affronteront jeudi l&rsquo;Espagne. Si plusieurs Parisiens sont pr\u00e9sents ce mercredi soir pour Allemagne\/Portugal apr\u00e8s leur sacre en Ligue des champions la semaine derni\u00e8re, qu&rsquo;en sera-t-il au sein de l&rsquo;effectif tricolore ? \u00c9l\u00e9ments de r\u00e9ponse dans cet article.<\/p>\n<p>Sports<img decoding=\"async\" src=\"https:\/\/www.europesays.com\/fr\/wp-content\/uploads\/2025\/06\/ousmane-dembele-ligue-des-champions-roland-garros-37974f-0@1x.jpeg\" alt=\"Espagne-France sur TF1 : \u00e0 peine champions d'Europe, les Parisiens pr\u00eats \u00e0 rejouer d\u00e8s jeudi ?\" loading=\"lazy\" importance=\"low\" fetchpriority=\"low\" class=\"\" aria-hidden=\"true\"\/>Publi\u00e9 le 3 juin 2025 \u00e0 18h2420:44<br class=\"jsx-494582681\"\/> 4 juin 2025S\u00c9RIE D&rsquo;INVINCIBILIT\u00c9<\/p>\n<p>Cela fait plus de 25 ans que le Portugal n&rsquo;a plus gagn\u00e9 contre l&rsquo;Allemagne. Sa derni\u00e8re victoire remonte aux phases de groupe de l&rsquo;Euro 2000 (3-0).\u00a0<\/p>\n<p>Les deux \u00e9quipes se sont de nouveau retrouv\u00e9es dans la m\u00eame lors de l&rsquo;Euro 2021, leur derni\u00e8re confrontation en date. L\u00e0 encore, la Nationalmannschaft s&rsquo;\u00e9tait impos\u00e9e (4-2). Ce match avait d\u00e9j\u00e0 eu lieu \u00e0 l&rsquo;Allianz Arena de Munich.\u00a0<\/p>\n<p>20:36<br class=\"jsx-494582681\"\/> 4 juin 2025\u00c9CHAUFFEMENT<\/p>\n<p>Sous la pluie, les deux \u00e9quipes sont actuellement \u00e0 l&rsquo;\u00e9chauffement \u00e0 l&rsquo;Allianz Arena. Pour rappel, le match entre l&rsquo;Allemagne et le Portugal est \u00e0 suivre en direct d\u00e8s 20h50 sur TF1 et TF1+.\u00a0<\/p>\n<p><img decoding=\"async\" src=\"https:\/\/www.europesays.com\/fr\/wp-content\/uploads\/2025\/06\/kimmich-gosens-adeyemi-allemagne-portugal-f953de-0@1x.jpeg\" alt=\"Robin Gosens, Joshua Kimmich et Karim Adeyemi \u00e0 l'\u00e9chauffement, avant Allemagne-Portugal, ce mercredi 4 juin. - Alexandra BEIER \/ AFP\" loading=\"lazy\" importance=\"low\" fetchpriority=\"low\" class=\"\"\/>Robin Gosens, Joshua Kimmich et Karim Adeyemi \u00e0 l&rsquo;\u00e9chauffement, avant Allemagne-Portugal, ce mercredi 4 juin. &#8211; Alexandra BEIER \/ AFP20:26<br class=\"jsx-494582681\"\/> 4 juin 2025LA COMPO&rsquo; DU PORTUGAL<\/p>\n<p>De son c\u00f4t\u00e9, la Sele\u00e7ao se pr\u00e9sente avec une \u00e9quipe plut\u00f4t classique. Quatre jours apr\u00e8s sa victoire avec le PSG en Ligue des champions, Nuno Mendes est bien l\u00e0, tout comme Joao Neves, titularis\u00e9 \u00e0 une \u00e9tonnante place de lat\u00e9ral droit. Vitinha, lui, est sur le banc. En attaque, le v\u00e9t\u00e9ran (40 ans) Cristiano Ronaldo tiendra bien sa place.<\/p>\n<p><strong>La composition du Portugal :<\/strong> Dio. Costa &#8211; N. Mendes, Inacio, R. Dias, J. Neves &#8211; Br. Fernandes, R. Neves, B. Silva &#8211; Neto, C. Ronaldo, Trinc\u00e3o.\u00a0<\/p>\n<blockquote data-testid=\"EmbedTwitter\" id=\"tweet-1930325989206130805-:Rspmj9komij9n79m:\" class=\"jsx-aeff1a1c40f54d7a twitter-tweet flex justify-center items-center\"><p>O \ud835\uddeb\ud835\udddc \ud835\udddc\ud835\udde1\ud835\udddc\ud835\uddd6\ud835\udddc\ud835\uddd4\ud835\udddf para a meia-final da Liga das Na\u00e7\u00f5es \ud83d\udcc3\ud83c\uddf5\ud83c\uddf9  #FazHist\u00f3ria |  #GERPOR #NationsLeague pic.twitter.com\/0ohwnQxpaW \u2014 Portugal (@selecaoportugal)  June 4, 2025<\/p><\/blockquote>\n<p>20:19<br class=\"jsx-494582681\"\/> 4 juin 2025LA COMPO&rsquo; DE L&rsquo;ALLEMAGNE<\/p>\n<p>Pour cette demi-finale, Julian Nagelsmann a r\u00e9serv\u00e9 une surprise en pointe de l&rsquo;attaque, avec la titularisation du joueur de Stuttgart Nick Woltemade. R\u00e9v\u00e9lation de la saison en Bundesliga, il conna\u00eet ce mercredi sa premi\u00e8re s\u00e9lection. Leroy San\u00e9 et Florian Wirtz sont align\u00e9s sur les ailes dans un syst\u00e8me en 3-4-2-1.<\/p>\n<p><strong>La composition de l&rsquo;Allemagne : <\/strong>Ter Stegen &#8211; R. Koch, Tah, Anton &#8211; Kimmich, A. Pavlovic, Goretzka, Mittelst\u00e4dt &#8211; L. San\u00e9, Wirtz &#8211; Woltemade.<\/p>\n<blockquote data-testid=\"EmbedTwitter\" id=\"tweet-1930319940503900466-:Rspoj9komij9n79m:\" class=\"jsx-aeff1a1c40f54d7a twitter-tweet flex justify-center items-center\"><p>Mit dieser 11 starten wir gegen Portugal! \ud83d\udca5 #dfbteam #GERPOR \ud83d\udcf8 UEFA  pic.twitter.com\/7UC31eFF0E \u2014 DFB-Team (@DFB_Team)  June 4, 2025<\/p><\/blockquote>\n<p>19:32<br class=\"jsx-494582681\"\/> 4 juin 2025M\u00c9T\u00c9O CAPRICIEUSE<\/p>\n<p>Les conditions m\u00e9t\u00e9o s&rsquo;annoncent difficiles ce mercredi soir \u00e0 Munich lors du match entre l&rsquo;Allemagne et le Portugal. D&rsquo;importants orages sont attendus dans la soir\u00e9e. Sur les r\u00e9seaux sociaux, la f\u00e9d\u00e9ration allemande a enjoint ses supporters \u00e0 s&rsquo;\u00e9quiper en cons\u00e9quence. \u00ab\u00a0Portez un poncho ou un imperm\u00e9able, ou apportez un petit parapluie pliable\u00a0\u00bb, a-t-elle pr\u00e9venu sur son compte X.\u00a0<\/p>\n<blockquote data-testid=\"EmbedTwitter\" id=\"tweet-1930256027947053474-:Rspqj9komij9n79m:\" class=\"jsx-aeff1a1c40f54d7a twitter-tweet flex justify-center items-center\"><p>\u2139\ufe0f F\u00fcr unser heutiges Spiel liegt eine Warnung wegen widriger Wetterbedingungen vor. Bitte plant f\u00fcr die Anreise ins Stadion viel Zeit ein. Tragt einen Poncho oder eine Regenjacke bzw. nehmt einen kleinen zusammenklappbaren Regenschirm mit. Gro\u00dfe Regenschirme jeglicher Art sind\u2026 \u2014 DFB-Team (@DFB_Team)  June 4, 2025<\/p><\/blockquote>\n<p>19:10<br class=\"jsx-494582681\"\/> 4 juin 2025QUALIFICATION<\/p>\n<p>Pour atteindre le dernier carr\u00e9 de la Ligue des nations, l&rsquo;Allemagne s&rsquo;est d\u00e9fait au tour pr\u00e9c\u00e9dent de l&rsquo;Italie. Apr\u00e8s une victoire 2-1 \u00e0 l&rsquo;aller, la Nationalmannschaft s&rsquo;\u00e9tait content\u00e9e d&rsquo;un match nul (3-3) pour valider sa qualification.<\/p>\n<p>De son c\u00f4t\u00e9, le Portugal avait renvers\u00e9 en quart le Danemark apr\u00e8s une d\u00e9faite au match aller (1-0). Les hommes de Roberto Martinez avaient largement remport\u00e9 le match retour (5-2). Une rencontre marqu\u00e9e entre autres par des buts du quintuple Ballon d&rsquo;or Cristiano Ronaldo et du Parisien Gon\u00e7alo Ramos.<\/p>\n<p>19:00<br class=\"jsx-494582681\"\/> 4 juin 2025UNE RENCONTRE \u00c0 SUIVRE SUR TF1<\/p>\n<p>Le match sera \u00e0 suivre d\u00e8s 20h50 en direct sur TF1 et TF1 +. Les deux \u00e9quipes s&rsquo;affronteront pour une place en finale dimanche. Le vainqueur sera oppos\u00e9 \u00e0 l&rsquo;Espagne ou \u00e0 la France, dont le match est programm\u00e9 demain.<\/p>\n<p>Sports<img decoding=\"async\" src=\"https:\/\/www.europesays.com\/fr\/wp-content\/uploads\/2025\/06\/florian-wirtz-allemagne-2025-8bfcf9-0@1x.jpeg\" alt=\"Florian Wirtz sous les couleurs de l'Allemagne, le 16 novembre 2024.\" loading=\"lazy\" importance=\"low\" fetchpriority=\"low\" class=\"\" aria-hidden=\"true\"\/>Publi\u00e9 le 3 juin 2025 \u00e0 16h2218:56<br class=\"jsx-494582681\"\/> 4 juin 2025BIENVENUE<\/p>\n<p>Bonjour \u00e0 toutes et \u00e0 tous et bienvenue sur ce live consacr\u00e9 au match Allemagne-Portugal. Suivez avec nous cette premi\u00e8re demi-finale de Ligue des nations. Coup d&rsquo;envoi \u00e0 21 heures.<\/p>\n<p>Th\u00e9odore AZOUZE<\/p>\n<p><script async src=\"https:\/\/platform.twitter.com\/widgets.js\" charset=\"utf-8\"><\/script><\/p>\n","protected":false},"excerpt":{"rendered":"L&rsquo;Allemagne affrontait le Portugal, ce mercredi 4 juin, lors de la premi\u00e8re demi-finale de la Ligue des nations.&hellip;\n","protected":false},"author":2,"featured_media":152790,"comment_status":"","ping_status":"","sticky":false,"template":"","format":"standard","meta":{"footnotes":""},"categories":[1587],"tags":[1111,11,672,1921,1804,1805,1803,1777,674,63,1801,1922,23733,12,6996,1802,199,133,4712],"class_list":{"0":"post-152789","1":"post","2":"type-post","3":"status-publish","4":"format-standard","5":"has-post-thumbnail","7":"category-allemagne","8":"tag-actu","9":"tag-actualites","10":"tag-allemagne","11":"tag-article-video","12":"tag-bundesrepublik-deutschland","13":"tag-de","14":"tag-deutschland","15":"tag-eu","16":"tag-europe","17":"tag-football","18":"tag-germany","19":"tag-info","20":"tag-ligue-des-nations","21":"tag-news","22":"tag-portugal","23":"tag-republique-federale-dallemagne","24":"tag-tf1","25":"tag-video","26":"tag-video-sports"},"share_on_mastodon":{"url":"https:\/\/pubeurope.com\/@fr\/114628170186812581","error":""},"_links":{"self":[{"href":"https:\/\/www.europesays.com\/fr\/wp-json\/wp\/v2\/posts\/152789","targetHints":{"allow":["GET"]}}],"collection":[{"href":"https:\/\/www.europesays.com\/fr\/wp-json\/wp\/v2\/posts"}],"about":[{"href":"https:\/\/www.europesays.com\/fr\/wp-json\/wp\/v2\/types\/post"}],"author":[{"embeddable":true,"href":"https:\/\/www.europesays.com\/fr\/wp-json\/wp\/v2\/users\/2"}],"replies":[{"embeddable":true,"href":"https:\/\/www.europesays.com\/fr\/wp-json\/wp\/v2\/comments?post=152789"}],"version-history":[{"count":0,"href":"https:\/\/www.europesays.com\/fr\/wp-json\/wp\/v2\/posts\/152789\/revisions"}],"wp:featuredmedia":[{"embeddable":true,"href":"https:\/\/www.europesays.com\/fr\/wp-json\/wp\/v2\/media\/152790"}],"wp:attachment":[{"href":"https:\/\/www.europesays.com\/fr\/wp-json\/wp\/v2\/media?parent=152789"}],"wp:term":[{"taxonomy":"category","embeddable":true,"href":"https:\/\/www.europesays.com\/fr\/wp-json\/wp\/v2\/categories?post=152789"},{"taxonomy":"post_tag","embeddable":true,"href":"https:\/\/www.europesays.com\/fr\/wp-json\/wp\/v2\/tags?post=152789"}],"curies":[{"name":"wp","href":"https:\/\/api.w.org\/{rel}","templated":true}]}}