{"id":152795,"date":"2025-06-05T01:32:21","date_gmt":"2025-06-05T01:32:21","guid":{"rendered":"https:\/\/www.europesays.com\/fr\/152795\/"},"modified":"2025-06-05T01:32:21","modified_gmt":"2025-06-05T01:32:21","slug":"rachida-dati-et-gdf-suez-revelations-sur-largent-cache-de-lancienne-eurodeputee-mediapart","status":"publish","type":"post","link":"https:\/\/www.europesays.com\/fr\/152795\/","title":{"rendered":"Rachida Dati et GDF-Suez : r\u00e9v\u00e9lations sur l\u2019argent cach\u00e9 de l\u2019ancienne eurod\u00e9put\u00e9e &#8211; Mediapart"},"content":{"rendered":"<ol>\n<li><a href=\"https:\/\/news.google.com\/rss\/articles\/CBMixwFBVV95cUxOSDNma1VxZ3RsSERfM1pRV0xpYlRuZ2V4cmVwdkozakNDUE5Bb1hsVm5DbTUtWFJ4cE5CeVJTemt0ZDdibWw3SFNzUFZWakdIMllwUHFuVU0zWWZ0ejVrVkV2UHVGRHBjMHgwZzdrdFQxVlcybTg1LWFMZUtnaFN1U1BNS2VIT2lZOTlKRjdvZnN2LTlvUUtmekowZ2N3RkRXRmFfQ1BDRVZxZExSNlZEYjlUSjVDV1NyVkswX1dJSVozY0RsWkpr?oc=5\" target=\"_blank\" rel=\"nofollow noopener\">Rachida Dati et GDF-Suez : r\u00e9v\u00e9lations sur l\u2019argent cach\u00e9 de l\u2019ancienne eurod\u00e9put\u00e9e<\/a>&nbsp;&nbsp;Mediapart<\/li>\n<li><a href=\"https:\/\/news.google.com\/rss\/articles\/CBMi5AFBVV95cUxQOHp1U1RIbDhCYlRQazBwLXBmdU9XLV9XWlI2OVRkNzFGRFVOUnlUaU5nRE5PV2tRTzlNeC12dDZ3ME5Ta1l1RmFKRkdrUUwtVnNzZzVtaTh4Ukx6dFRqZTQybWdMMHY4ZWpWak9jMndOeENTd3ozTEY2Q0x6Uk9YZXJMWTJDQi1BTE5PRlhiOG45a1ZSWnBOUHdRYTJremtfeEhIRmZPMm5MZlhPRjF1QjU1djF0OVVIY1BXQmZWaV81aDJ3cnA5UUFWZDBzZTlhbHRmQ0hzVkgzdV9BTG4tcVlVUTE?oc=5\" target=\"_blank\" rel=\"nofollow noopener\">La nouvelle affaire Rachida Dati : r\u00e9v\u00e9lations sur l\u2019argent cach\u00e9 de l\u2019ex-d\u00e9put\u00e9e europ\u00e9enne<\/a>&nbsp;&nbsp;Le Nouvel Obs<\/li>\n<li><a href=\"https:\/\/news.google.com\/rss\/articles\/CBMigAJBVV95cUxQb3dNNnJpSHktWmxuSWRxZTMxXzVBaG9iLXNnbmk4cWlHWVc2WERwTm1JaXRGSTFZMVZETmpObHl6anBPcVJUZkRDdTFVY3d4Q1lvRDdZaUR1ejVGcmVxeHhtaWVrNHc5NFFJeDMtWENudzJVUG9Mbm5USGVEaEpBR3FGdUhINXRlTVVldFdKLXVtNmxDbnlIcWxFaHhTQ01VSy1rX1NETWF0amZLME9GOE5vUVdjLUlPTkNTNFhRM2hFTkd3clhGQ1dxckNYd0lqb0p5bVNjTlB2c3lEcWdyU3gtcUlFQUZfamZZa3k4ZnlMRWpEWmJnek5lVjNTTjlj?oc=5\" target=\"_blank\" rel=\"nofollow noopener\">\u00ab Compl\u00e9ment d\u2019enqu\u00eate \u00bb sur France 2 : ce que contient le prochain num\u00e9ro sur Rachida Dati<\/a>&nbsp;&nbsp;Le Parisien<\/li>\n<li><a href=\"https:\/\/news.google.com\/rss\/articles\/CBMigwJBVV95cUxOZEl2a0s3MDlSV3ltMkYwR0FlZVJMVkR6cy1abmF0VWdMa0NRQ2xRYzh6a1FsUjNRR2t0dWdvUHBwTGZOZkRLNHd1bUlYZjA5NmhxOXZnV0tldGR3T2VGWm5NV0syWUtiNms4UURtVjJ1bm5hSWVMcFhqNHFLbzV0ZXBySkZROUcxWW5HY3JpZFhMal8zUTJfM1VmZlhxX0lUUXJGX19TNFZYMVFUSjZxbmx1aGlnMXlJUVNiaHRXWGRBQ1hqdE1IMGpkNzl6Y2FINjhubWJNcGkxVVkyX1g2cFVRbHpuZFE3bmdxTFl4VzdKZVptZDBJRzZUT2p1ZDNpeWlr?oc=5\" target=\"_blank\" rel=\"nofollow noopener\">\u00ab\u00a0Dati honoraire GDF Suez\u00a0\u00bb : les troublants paiements re\u00e7us par Rachida Dati d&rsquo;un cabinet d&rsquo;avocats<\/a>&nbsp;&nbsp;France Info<\/li>\n<li><a href=\"https:\/\/news.google.com\/rss\/articles\/CBMi1AFBVV95cUxNVVRTUXZkQ0swTTR6aDFYT25tSnE5ejB2eG9aeDV0MldpRkJlUDlYX21PbDVaN282QWFyRTBEbXJzSXFaV3NiWWZINFhEb1BoS00xbUpudWFPa3dKLXVPUm9rV0FlZ2dFTHBaYmJMemlPOGtuMHdjUEQwWHcxT21nZ01ySEp1a3IxRnNPZkt2QlJiT1RpOW5GM085SWJUVlc2Nk5lS1pSN3BEN1FPWFhBYUF2M0gzaUNnbGVjZjNTZHk4WllWbHlCVHNxUkI2WmVLZml2RA?oc=5\" target=\"_blank\" rel=\"nofollow noopener\">Rachida Dati aurait per\u00e7u 299.000 euros d&rsquo;honoraires de GDF Suez en 2010-2011, selon deux m\u00e9dias<\/a>&nbsp;&nbsp;Le Figaro<\/li>\n<\/ol>\n","protected":false},"excerpt":{"rendered":"Rachida Dati et GDF-Suez : r\u00e9v\u00e9lations sur l\u2019argent cach\u00e9 de l\u2019ancienne eurod\u00e9put\u00e9e&nbsp;&nbsp;Mediapart La nouvelle affaire Rachida Dati :&hellip;\n","protected":false},"author":2,"featured_media":152796,"comment_status":"","ping_status":"","sticky":false,"template":"","format":"standard","meta":{"footnotes":""},"categories":[2],"tags":[11,28240,1011,27,28199,12,417,25,28241],"class_list":{"0":"post-152795","1":"post","2":"type-post","3":"status-publish","4":"format-standard","5":"has-post-thumbnail","7":"category-actualites","8":"tag-actualites","9":"tag-complement-denquete","10":"tag-fr","11":"tag-france","12":"tag-gdf-suez","13":"tag-news","14":"tag-rachida-dati","15":"tag-republique-francaise","16":"tag-transparence-et-probite"},"share_on_mastodon":{"url":"https:\/\/pubeurope.com\/@fr\/114628181655081907","error":""},"_links":{"self":[{"href":"https:\/\/www.europesays.com\/fr\/wp-json\/wp\/v2\/posts\/152795","targetHints":{"allow":["GET"]}}],"collection":[{"href":"https:\/\/www.europesays.com\/fr\/wp-json\/wp\/v2\/posts"}],"about":[{"href":"https:\/\/www.europesays.com\/fr\/wp-json\/wp\/v2\/types\/post"}],"author":[{"embeddable":true,"href":"https:\/\/www.europesays.com\/fr\/wp-json\/wp\/v2\/users\/2"}],"replies":[{"embeddable":true,"href":"https:\/\/www.europesays.com\/fr\/wp-json\/wp\/v2\/comments?post=152795"}],"version-history":[{"count":0,"href":"https:\/\/www.europesays.com\/fr\/wp-json\/wp\/v2\/posts\/152795\/revisions"}],"wp:featuredmedia":[{"embeddable":true,"href":"https:\/\/www.europesays.com\/fr\/wp-json\/wp\/v2\/media\/152796"}],"wp:attachment":[{"href":"https:\/\/www.europesays.com\/fr\/wp-json\/wp\/v2\/media?parent=152795"}],"wp:term":[{"taxonomy":"category","embeddable":true,"href":"https:\/\/www.europesays.com\/fr\/wp-json\/wp\/v2\/categories?post=152795"},{"taxonomy":"post_tag","embeddable":true,"href":"https:\/\/www.europesays.com\/fr\/wp-json\/wp\/v2\/tags?post=152795"}],"curies":[{"name":"wp","href":"https:\/\/api.w.org\/{rel}","templated":true}]}}