{"id":152797,"date":"2025-06-05T01:33:16","date_gmt":"2025-06-05T01:33:16","guid":{"rendered":"https:\/\/www.europesays.com\/fr\/152797\/"},"modified":"2025-06-05T01:33:16","modified_gmt":"2025-06-05T01:33:16","slug":"a-quelle-heure-et-sur-quelle-chaine-tele-voir-le-match","status":"publish","type":"post","link":"https:\/\/www.europesays.com\/fr\/152797\/","title":{"rendered":"\u00e0 quelle heure et sur quelle cha\u00eene t\u00e9l\u00e9 voir le match\u00a0?"},"content":{"rendered":"<p>            Par<br \/>\n        <strong><br \/>\n            <a href=\"https:\/\/actu.fr\/auteur\/anne-laure-petit-henon\" title=\"Consulter tous les articles de Anne-Laure Petit-H\u00e9non\" target=\"_blank\" rel=\"noopener\">Anne-Laure Petit-H\u00e9non<\/a><br \/>\n        <\/strong><\/p>\n<p>        Publi\u00e9 le<\/p>\n<p>            4 juin 2025 \u00e0 19h38        <\/p>\n<p>Mais o\u00f9 va s\u2019arr\u00eater Lo\u00efs Boisson\u2009? La Fran\u00e7aise vient de se qualifier pour les demi-finales de Roland-Garros apr\u00e8s avoir<a href=\"https:\/\/actu.fr\/sports\/tennis\/incroyable-lois-boisson-se-qualifie-pour-les-demi-finales-de-roland-garros_62728170.html\" target=\"_blank\" rel=\"noopener\"> battu Mirra Andreeva en quarts de finale<\/a>, ce mercredi 4\u00a0juin 2025.<\/p>\n<p class=\" wall-content\">Et il ne faudra pas attendre longtemps avant de revoir le ph\u00e9nom\u00e8ne sur la terre battue du Chatrier, car les demi-finales femmes ont lieu d\u00e8s demain, ce <strong>jeudi 5\u00a0juin<\/strong>, avec la premi\u00e8re demi-finale qui d\u00e9butera \u00e0 15 h. Lo\u00efs Boisson sera sur le court pour la deuxi\u00e8me demi-finale, donc apr\u00e8s.\u00a0<\/p>\n<p>Le dernier carr\u00e9<\/p>\n<p class=\" wall-content\"><a href=\"https:\/\/actu.fr\/bourgogne-franche-comte\/dijon_21231\/qui-est-lois-boisson-cette-jeune-dijonnaise-qui-fait-sensation-a-roland-garros_62720108.html\" target=\"_blank\" rel=\"noopener\">Lo\u00efs Boisson<\/a> \u00e9tait la derni\u00e8re joueuse \u00e0 pouvoir se qualifier pour le dernier carr\u00e9 qui est aussi compos\u00e9 de la num\u00e9ro un mondiale <strong>Aryna Sabalenka<\/strong>, la num\u00e9ro\u00a02 mondiale, <strong>Coco Gauff<\/strong> et l\u2019actuelle tenante du titre et 5e mondiale, <strong>Iga \u015awi\u0105tek<\/strong>.<\/p>\n<p class=\" wall-content\">Que des gros calibres, face \u00e0 celle qui \u00e9tait class\u00e9e 361e mondiale avant les Internationaux de France, mais qui est d\u2019ores et d\u00e9j\u00e0 assur\u00e9e d\u2019int\u00e9grer le top\u00a070 et de devenir la <strong>premi\u00e8re Fran\u00e7aise au classement WTA<\/strong> \u00e0 la fin du tournoi.<\/p>\n<p class=\" wall-content\">La premi\u00e8re demi-finale opposera Aryna Sabalenka \u00e0 Iga \u015awi\u0105tek. Lo\u00efs Boisson, elle, sera face \u00e0 l\u2019Am\u00e9ricaine Coco Gauff.<\/p>\n<p>Vid\u00e9os : en ce moment sur ActuLa deuxi\u00e8me demi-finale<\/p>\n<p class=\" wall-content\">Les demi-finales femmes auront donc lieu ce jeudi 5\u00a0juin.<\/p>\n<p class=\" wall-content\">Pour voir le choc entre Aryna Sabalenka \u00e0 Iga \u015awi\u0105tek, ce sera \u00e0 partir de 15 heures. Lo\u00efs Boisson et Coco Gauff joueront ensuite. L\u2019organisation de Roland-Garros met comme heure indicative 16h10. Mais en gros, la deuxi\u00e8me demi-finale d\u00e9marrera une fois le mach pr\u00e9c\u00e9dent termin\u00e9.<\/p>\n<p class=\" wall-content\">Donc si le match Sabalenka\/\u015awi\u0105tek s\u2019\u00e9ternise (ce qui est fort probable), Lo\u00efs Boisson ne pourrait faire son entr\u00e9e sur le Chatrier que bien apr\u00e8s 16h10.<\/p>\n<p>Rendez-vous sur la 2 (sauf si\u2026)<\/p>\n<p class=\" wall-content\">Toutes les demi-finales ainsi que les finales seront diffus\u00e9es conjointement sur <a href=\"https:\/\/actu.fr\/economie\/amazon-prime-video-la-publicite-arrive-bientot-dans-votre-abonnement-sauf-si-vous-payez_60773198.html\" target=\"_blank\" rel=\"noopener\">Prime vid\u00e9o<\/a>, le service de streaming d\u2019<strong>Amazon<\/strong>, et sur les cha\u00eenes du groupe France T\u00e9l\u00e9visions.<\/p>\n<p class=\" wall-content\">Mais alors, faudra-t-il mettre la 2, la 3 ou encore la 14 pour voir le choc\u2009?<\/p>\n<p class=\" wall-content\">D\u00e8s 14h50, rendez-vous sur <strong>France 2<\/strong> pour voir la premi\u00e8re demi-finale.<\/p>\n<p class=\" wall-content\">Apr\u00e8s, si on se fie \u00e0 notre appli de programme t\u00e9l\u00e9, il faudra rester sur le canal 2 jusqu\u2019\u00e0 19 h.<\/p>\n<p class=\" wall-content\">\u00c7a, c\u2019est la th\u00e9orie, car les matchs peuvent durer plus longtemps. Dans ce cas, il faudra \u00eatre attentif \u00e0 la <strong>fameuse bascule<\/strong>\u2009: c\u2019est le journaliste Laurent Luyat, chef d\u2019orchestre du tournoi sur France T\u00e9l\u00e9visions, qui devrait annoncer sur quelle cha\u00eene zapper pour suivre la suite des \u00e9v\u00e9nements.<\/p>\n<p class=\" wall-content\">Suivez toute l\u2019actualit\u00e9 de vos villes et m\u00e9dias favoris en vous inscrivant \u00e0 <a href=\"https:\/\/moncompte.actu.fr\" title=\"D\u00e9couvez Mon Actu\" rel=\"nofollow noopener\" data-trk=\"{&quot;cta&quot;:{&quot;action&quot;:&quot;https:\\\/\\\/moncompte.actu.fr&quot;,&quot;category&quot;:&quot;mon compte&quot;,&quot;from&quot;:&quot;article footer&quot;,&quot;name&quot;:&quot;Mon actu&quot;,&quot;type&quot;:&quot;cta&quot;}}\" target=\"_blank\">Mon Actu<\/a>.<\/p>\n<ul class=\"ac-article-tag wall-content\">\n<li><a href=\"https:\/\/actu.fr\/tag\/roland-garros\" data-trk=\"{&quot;cta&quot;:{&quot;action&quot;:&quot;Roland-Garros&quot;,&quot;category&quot;:&quot;tag&quot;,&quot;from&quot;:&quot;article footer&quot;,&quot;name&quot;:&quot;Roland-Garros&quot;,&quot;type&quot;:&quot;cta&quot;}}\" target=\"_blank\" rel=\"noopener\">#Roland-Garros<\/a><\/li>\n<li><a href=\"https:\/\/actu.fr\/tag\/tournoi-roland-garros\" data-trk=\"{&quot;cta&quot;:{&quot;action&quot;:&quot;Tournoi Roland-Garros&quot;,&quot;category&quot;:&quot;tag&quot;,&quot;from&quot;:&quot;article footer&quot;,&quot;name&quot;:&quot;Tournoi Roland-Garros&quot;,&quot;type&quot;:&quot;cta&quot;}}\" target=\"_blank\" rel=\"noopener\">#Tournoi Roland-Garros<\/a><\/li>\n<\/ul>\n","protected":false},"excerpt":{"rendered":"Par Anne-Laure Petit-H\u00e9non Publi\u00e9 le 4 juin 2025 \u00e0 19h38 Mais o\u00f9 va s\u2019arr\u00eater Lo\u00efs Boisson\u2009? La Fran\u00e7aise&hellip;\n","protected":false},"author":2,"featured_media":152798,"comment_status":"","ping_status":"","sticky":false,"template":"","format":"standard","meta":{"footnotes":""},"categories":[2],"tags":[11,1011,27,12,25,4171,60,1467,11107],"class_list":{"0":"post-152797","1":"post","2":"type-post","3":"status-publish","4":"format-standard","5":"has-post-thumbnail","7":"category-actualites","8":"tag-actualites","9":"tag-fr","10":"tag-france","11":"tag-news","12":"tag-republique-francaise","13":"tag-roland-garros","14":"tag-sports","15":"tag-tennis","16":"tag-tournoi-roland-garros"},"share_on_mastodon":{"url":"https:\/\/pubeurope.com\/@fr\/114628185663609704","error":""},"_links":{"self":[{"href":"https:\/\/www.europesays.com\/fr\/wp-json\/wp\/v2\/posts\/152797","targetHints":{"allow":["GET"]}}],"collection":[{"href":"https:\/\/www.europesays.com\/fr\/wp-json\/wp\/v2\/posts"}],"about":[{"href":"https:\/\/www.europesays.com\/fr\/wp-json\/wp\/v2\/types\/post"}],"author":[{"embeddable":true,"href":"https:\/\/www.europesays.com\/fr\/wp-json\/wp\/v2\/users\/2"}],"replies":[{"embeddable":true,"href":"https:\/\/www.europesays.com\/fr\/wp-json\/wp\/v2\/comments?post=152797"}],"version-history":[{"count":0,"href":"https:\/\/www.europesays.com\/fr\/wp-json\/wp\/v2\/posts\/152797\/revisions"}],"wp:featuredmedia":[{"embeddable":true,"href":"https:\/\/www.europesays.com\/fr\/wp-json\/wp\/v2\/media\/152798"}],"wp:attachment":[{"href":"https:\/\/www.europesays.com\/fr\/wp-json\/wp\/v2\/media?parent=152797"}],"wp:term":[{"taxonomy":"category","embeddable":true,"href":"https:\/\/www.europesays.com\/fr\/wp-json\/wp\/v2\/categories?post=152797"},{"taxonomy":"post_tag","embeddable":true,"href":"https:\/\/www.europesays.com\/fr\/wp-json\/wp\/v2\/tags?post=152797"}],"curies":[{"name":"wp","href":"https:\/\/api.w.org\/{rel}","templated":true}]}}