{"id":152810,"date":"2025-06-05T01:44:10","date_gmt":"2025-06-05T01:44:10","guid":{"rendered":"https:\/\/www.europesays.com\/fr\/152810\/"},"modified":"2025-06-05T01:44:10","modified_gmt":"2025-06-05T01:44:10","slug":"meghan-markle-fete-les-4-ans-de-sa-fille-lilibet-avec-une-serie-dimages-inedites-dont-sa-drole-de-danse-de-laccouchement-avec-le-prince-harry","status":"publish","type":"post","link":"https:\/\/www.europesays.com\/fr\/152810\/","title":{"rendered":"Meghan Markle f\u00eate les 4 ans de sa fille Lilibet avec une s\u00e9rie d&rsquo;images in\u00e9dites (dont sa dr\u00f4le de danse de l&rsquo;accouchement avec le prince Harry)"},"content":{"rendered":"<p>La petite Lilibet souffle ses 4 bougies ! Pour cette occasion toute douce, sa m\u00e8re, <a href=\"https:\/\/www.vanityfair.fr\/dossier\/meghan-markle\" isautogenerated=\"true\" target=\"_blank\" rel=\"noopener\">Meghan Markle<\/a>, lui a adress\u00e9 un tendre message sur <a href=\"https:\/\/www.vanityfair.fr\/dossier\/instagram\" isautogenerated=\"true\" target=\"_blank\" rel=\"noopener\">Instagram<\/a>, partageant une photo o\u00f9 l\u2019on d\u00e9couvre le visage de la fillette comme rarement. \u00ab Joyeux anniversaire \u00e0 notre belle fille ! Il y a quatre ans aujourd&rsquo;hui, elle est entr\u00e9e dans notre vie et chaque jour est plus lumineux et meilleur gr\u00e2ce \u00e0 elle \u00bb, \u00e9crit la duchesse, avant de conclure : \u00ab Merci \u00e0 tous ceux qui lui envoient de l&rsquo;amour et qui c\u00e9l\u00e8brent cette journ\u00e9e sp\u00e9ciale ! \u00bb<\/p>\n<p>Instagram content<\/p>\n<p>This content can also be viewed on the site it <a href=\"https:\/\/www.instagram.com\/p\/DKeD9atgOf0\" target=\"_blank\" rel=\"nofollow noreferrer noopener\" aria-label=\"Opens in a new window\" class=\"BaseWrap-sc-gjQpdd BaseText-ewhhUZ BaseLink-eNWuiM ConsentBannerLink-dJZMSz iUEiRd hfDfPc joAuXZ\">originates<\/a> from.<\/p>\n<p>Depuis l\u2019ouverture de son compte Instagram, Meghan partage plus librement son quotidien, sa maternit\u00e9 et ses enfants. Il est devenu fr\u00e9quent de voir appara\u00eetre, souvent de dos, les deux petites t\u00eates rousses d\u2019Archie et Lilibet au fil de ses posts. En pleine mission jardinage, atelier cuisine ou moments c\u00e2lins, les deux enfants apportent avec beaucoup de tendresse une touche de vie \u00e0 ses publications.<\/p>\n<p>Pour c\u00e9l\u00e9brer ce quatri\u00e8me anniversaire, Meghan a publi\u00e9 de nouvelles images personnelles. Dans un premier clich\u00e9, on d\u00e9couvre une sc\u00e8ne forte : le <a href=\"https:\/\/www.vanityfair.fr\/dossier\/prince-harry\" isautogenerated=\"true\" target=\"_blank\" rel=\"noopener\">prince Harry<\/a> tenant Lilibet dans ses bras alors qu\u2019elle n\u2019\u00e9tait encore qu\u2019un nourrisson, son regard plong\u00e9 dans le sien. \u00ab Le lien le plus doux \u00e0 regarder se d\u00e9velopper \u00bb, commente la m\u00e8re de famille. Un second clich\u00e9 montre le duo p\u00e8re-fille, quelques ann\u00e9es plus tard, courant main dans la main sur un chemin de sable bord\u00e9 de palmiers.<\/p>\n<p>Instagram content<\/p>\n<p>This content can also be viewed on the site it <a href=\"https:\/\/www.instagram.com\/p\/DKe4mD5RkNO\" target=\"_blank\" rel=\"nofollow noreferrer noopener\" aria-label=\"Opens in a new window\" class=\"BaseWrap-sc-gjQpdd BaseText-ewhhUZ BaseLink-eNWuiM ConsentBannerLink-dJZMSz iUEiRd hfDfPc joAuXZ\">originates<\/a> from.<\/p>\n<p><script async src=\"\/\/www.instagram.com\/embed.js\"><\/script><\/p>\n","protected":false},"excerpt":{"rendered":"La petite Lilibet souffle ses 4 bougies ! Pour cette occasion toute douce, sa m\u00e8re, Meghan Markle, lui&hellip;\n","protected":false},"author":2,"featured_media":152811,"comment_status":"","ping_status":"","sticky":false,"template":"","format":"standard","meta":{"footnotes":""},"categories":[1359],"tags":[58,59,1011,27,908,973,267],"class_list":{"0":"post-152810","1":"post","2":"type-post","3":"status-publish","4":"format-standard","5":"has-post-thumbnail","7":"category-people","8":"tag-divertissement","9":"tag-entertainment","10":"tag-fr","11":"tag-france","12":"tag-meghan-markle","13":"tag-people","14":"tag-prince-harry"},"share_on_mastodon":{"url":"https:\/\/pubeurope.com\/@fr\/114628228749716491","error":""},"_links":{"self":[{"href":"https:\/\/www.europesays.com\/fr\/wp-json\/wp\/v2\/posts\/152810","targetHints":{"allow":["GET"]}}],"collection":[{"href":"https:\/\/www.europesays.com\/fr\/wp-json\/wp\/v2\/posts"}],"about":[{"href":"https:\/\/www.europesays.com\/fr\/wp-json\/wp\/v2\/types\/post"}],"author":[{"embeddable":true,"href":"https:\/\/www.europesays.com\/fr\/wp-json\/wp\/v2\/users\/2"}],"replies":[{"embeddable":true,"href":"https:\/\/www.europesays.com\/fr\/wp-json\/wp\/v2\/comments?post=152810"}],"version-history":[{"count":0,"href":"https:\/\/www.europesays.com\/fr\/wp-json\/wp\/v2\/posts\/152810\/revisions"}],"wp:featuredmedia":[{"embeddable":true,"href":"https:\/\/www.europesays.com\/fr\/wp-json\/wp\/v2\/media\/152811"}],"wp:attachment":[{"href":"https:\/\/www.europesays.com\/fr\/wp-json\/wp\/v2\/media?parent=152810"}],"wp:term":[{"taxonomy":"category","embeddable":true,"href":"https:\/\/www.europesays.com\/fr\/wp-json\/wp\/v2\/categories?post=152810"},{"taxonomy":"post_tag","embeddable":true,"href":"https:\/\/www.europesays.com\/fr\/wp-json\/wp\/v2\/tags?post=152810"}],"curies":[{"name":"wp","href":"https:\/\/api.w.org\/{rel}","templated":true}]}}