{"id":152836,"date":"2025-06-05T01:58:16","date_gmt":"2025-06-05T01:58:16","guid":{"rendered":"https:\/\/www.europesays.com\/fr\/152836\/"},"modified":"2025-06-05T01:58:16","modified_gmt":"2025-06-05T01:58:16","slug":"saint-etienne-devoile-ses-ecrins-de-verdure-pour-pique-niquer-a-lombre","status":"publish","type":"post","link":"https:\/\/www.europesays.com\/fr\/152836\/","title":{"rendered":"SAINT-\u00c9TIENNE D\u00c9VOILE SES \u00c9CRINS DE VERDURE POUR PIQUE-NIQUER \u00c0 L&rsquo;OMBRE"},"content":{"rendered":"<p>                <a href=\"https:\/\/42info.fr\/gagnez-vos-airpods-pro\/\" target=\"_blank\" aria-label=\"Gagnez Airpod\" rel=\"noopener\"><img loading=\"lazy\" decoding=\"async\" src=\"https:\/\/www.europesays.com\/fr\/wp-content\/uploads\/2025\/05\/Gagnez-Airpod-scaled.jpg\" alt=\"\"   width=\"2560\" height=\"960\"\/><\/a><\/p>\n<p>Pour \u00e9chapper \u00e0 la fournaise urbaine sans quitter les limites communales, la ville regorge d\u2019espaces verts propices aux repas en plein air. Voici notre s\u00e9lection des meilleurs refuges ombrag\u00e9s pour savourer un d\u00e9jeuner sur l\u2019herbe.<\/p>\n<p>Montaud : l\u2019\u00e9vasion champ\u00eatre aux portes de la ville<\/p>\n<p>V\u00e9ritable poumon vert de 55 hectares, ce site constitue la plus vaste \u00e9tendue naturelle de l\u2019agglom\u00e9ration st\u00e9phanoise. Cette bulle de nature offre un d\u00e9paysement total avec ses sentiers de randonn\u00e9e, ses \u00e9quipements ludiques et son parcours audio-guid\u00e9.<\/p>\n<p>Le point culminant r\u00e9v\u00e8le un panorama exceptionnel sur l\u2019ensemble urbain et abrite un observatoire d\u00e9di\u00e9 aux sciences c\u00e9lestes. Plusieurs zones am\u00e9nag\u00e9es permettent de s\u2019installer confortablement pour un repas en famille, dans un cadre pr\u00e9serv\u00e9 o\u00f9 la faune aviaire b\u00e9n\u00e9ficie d\u2019une protection particuli\u00e8re.<\/p>\n<p>Le bois d\u2019Avaize : un sanctuaire \u00e9cologique sur les hauteurs<\/p>\n<p>Perch\u00e9 sur l\u2019une des collines environnantes, cet espace naturel de 30 hectares jouit d\u2019un statut de protection europ\u00e9en Natura 2000. Facilement accessible par les transports en commun, il fait l\u2019objet d\u2019un programme de restauration \u00e9cologique ambitieux.<\/p>\n<p>Au-del\u00e0 de sa fonction de corridor biologique vers le Pilat, ce site offre des perspectives m\u00e9connues sur l\u2019agglom\u00e9ration. Ses nombreuses zones d\u2019ombre naturelle en font un lieu privil\u00e9gi\u00e9 pour s\u2019oxyg\u00e9ner tout en d\u00e9gustant un repas champ\u00eatre dans un environnement pr\u00e9serv\u00e9.<\/p>\n<p>Le Jardin des plantes : l\u2019alliance de l\u2019histoire et de la d\u00e9tente<\/p>\n<p>Doyen des espaces verts municipaux, ce parc historique s\u2019\u00e9tend sur plus de 9 hectares au sommet de la colline Villeb\u0153uf. Sa position dominante offre une \u00e9chapp\u00e9e belle sur la cit\u00e9 tout en abritant l\u2019institution lyrique locale.<\/p>\n<p>Les am\u00e9nagements r\u00e9cents incluent des aires de loisirs pour les plus jeunes et des espaces d\u00e9di\u00e9s aux repas en ext\u00e9rieur. Les promeneurs pourront \u00e9galement d\u00e9couvrir le monument d\u00e9di\u00e9 au c\u00e9l\u00e8bre explorateur local du M\u00e9kong, Francis Garnier, t\u00e9moignage du patrimoine aventurier st\u00e9phanois.<\/p>\n<p>Le Parc de l\u2019Europe : entre loisirs familiaux et s\u00e9r\u00e9nit\u00e9 v\u00e9g\u00e9tale<\/p>\n<p>R\u00e9put\u00e9 pour ses attractions ferroviaires miniatures et ses installations ludiques, cet espace de 11 hectares s\u00e9duit \u00e9galement par sa v\u00e9g\u00e9tation luxuriante. Th\u00e9\u00e2tre annuel de la c\u00e9l\u00e8bre manifestation florale printani\u00e8re, il r\u00e9v\u00e8le ses charmes tout au long de l\u2019ann\u00e9e.<\/p>\n<p>Ses bassins ornementaux, ses compositions florales soign\u00e9es et sa longue promenade ombrag\u00e9e cr\u00e9ent une atmosph\u00e8re propice \u00e0 la relaxation. L\u2019\u00e9t\u00e9 venu, des s\u00e9ances de gymnastique douce y sont organis\u00e9es, compl\u00e9tant l\u2019offre de bien-\u00eatre en plein air.<\/p>\n<p>Saint-Victor-sur-Loire : l\u2019\u00e9vasion aquatique en territoire communal<\/p>\n<p>Peu de St\u00e9phanois savent que cette commune lig\u00e9rienne fait partie int\u00e9grante de leur territoire municipal. Cette destination offre un changement de d\u00e9cor radical avec ses rives naturelles et ses m\u00e9andres fluviaux.<\/p>\n<p>Bien que la surveillance baln\u00e9aire soit limit\u00e9e aux mois estivaux, les berges am\u00e9nag\u00e9es et les pelouses environnantes permettent de s\u2019installer confortablement face au cours d\u2019eau. La liaison en transport public depuis le centre-ville n\u00e9cessite une demi-heure, r\u00e9compens\u00e9e par un cadre authentiquement bucolique.<\/p>\n<p>Des espaces verts accessibles et diversifi\u00e9s<\/p>\n<p>Cette s\u00e9lection illustre la richesse du patrimoine naturel st\u00e9phanois, souvent m\u00e9connu des habitants eux-m\u00eames. Chaque site poss\u00e8de ses sp\u00e9cificit\u00e9s : panoramas urbains, biodiversit\u00e9 prot\u00e9g\u00e9e, patrimoine historique ou \u00e9vasion aquatique.<\/p>\n<p>L\u2019accessibilit\u00e9 par les transports collectifs de la plupart de ces destinations facilite leur fr\u00e9quentation sans recours \u00e0 la voiture individuelle. Cette mobilit\u00e9 douce s\u2019inscrit parfaitement dans une d\u00e9marche de loisir respectueuse de l\u2019environnement.<\/p>\n<p>Conseils pratiques pour profiter pleinement de ces \u00e9crins<\/p>\n<p>Pour optimiser ces sorties estivales, quelques pr\u00e9cautions s\u2019imposent : protection solaire, hydratation suffisante et respect des espaces naturels. La plupart de ces sites disposent d\u2019\u00e9quipements de base (tables, poubelles) mais il convient d\u2019emporter son mat\u00e9riel de pique-nique.<\/p>\n<p>L\u2019amplitude horaire d\u2019ouverture varie selon les parcs, certains \u00e9tant accessibles en permanence tandis que d\u2019autres respectent des cr\u00e9neaux d\u00e9finis. Une v\u00e9rification pr\u00e9alable \u00e9vite les d\u00e9convenues, surtout lors des fortes chaleurs o\u00f9 ces refuges ombrag\u00e9s deviennent particuli\u00e8rement pris\u00e9s.<\/p>\n<p>Ces espaces constituent autant d\u2019alternatives \u00e0 la climatisation artificielle, offrant fra\u00eecheur naturelle et qualit\u00e9 de vie en p\u00e9riode caniculaire. Ils t\u00e9moignent de l\u2019engagement municipal en faveur de la pr\u00e9servation du cadre de vie et de l\u2019adaptation aux d\u00e9fis climatiques contemporains.<\/p>\n","protected":false},"excerpt":{"rendered":"Pour \u00e9chapper \u00e0 la fournaise urbaine sans quitter les limites communales, la ville regorge d\u2019espaces verts propices aux&hellip;\n","protected":false},"author":2,"featured_media":152837,"comment_status":"","ping_status":"","sticky":false,"template":"","format":"standard","meta":{"footnotes":""},"categories":[9653],"tags":[1111,11,2430,2883,1777,674,28252,10282,1011,27,3367,7357,12,16589,25,9838,9669,4001],"class_list":{"0":"post-152836","1":"post","2":"type-post","3":"status-publish","4":"format-standard","5":"has-post-thumbnail","7":"category-saint-etienne","8":"tag-actu","9":"tag-actualites","10":"tag-auvergne-rhone-alpes","11":"tag-ete","12":"tag-eu","13":"tag-europe","14":"tag-firmini","15":"tag-firminy","16":"tag-fr","17":"tag-france","18":"tag-loire","19":"tag-montbrison","20":"tag-news","21":"tag-pique-nique","22":"tag-republique-francaise","23":"tag-roanne","24":"tag-saint-chamond","25":"tag-saint-etienne"},"share_on_mastodon":{"url":"https:\/\/pubeurope.com\/@fr\/114628283875062032","error":""},"_links":{"self":[{"href":"https:\/\/www.europesays.com\/fr\/wp-json\/wp\/v2\/posts\/152836","targetHints":{"allow":["GET"]}}],"collection":[{"href":"https:\/\/www.europesays.com\/fr\/wp-json\/wp\/v2\/posts"}],"about":[{"href":"https:\/\/www.europesays.com\/fr\/wp-json\/wp\/v2\/types\/post"}],"author":[{"embeddable":true,"href":"https:\/\/www.europesays.com\/fr\/wp-json\/wp\/v2\/users\/2"}],"replies":[{"embeddable":true,"href":"https:\/\/www.europesays.com\/fr\/wp-json\/wp\/v2\/comments?post=152836"}],"version-history":[{"count":0,"href":"https:\/\/www.europesays.com\/fr\/wp-json\/wp\/v2\/posts\/152836\/revisions"}],"wp:featuredmedia":[{"embeddable":true,"href":"https:\/\/www.europesays.com\/fr\/wp-json\/wp\/v2\/media\/152837"}],"wp:attachment":[{"href":"https:\/\/www.europesays.com\/fr\/wp-json\/wp\/v2\/media?parent=152836"}],"wp:term":[{"taxonomy":"category","embeddable":true,"href":"https:\/\/www.europesays.com\/fr\/wp-json\/wp\/v2\/categories?post=152836"},{"taxonomy":"post_tag","embeddable":true,"href":"https:\/\/www.europesays.com\/fr\/wp-json\/wp\/v2\/tags?post=152836"}],"curies":[{"name":"wp","href":"https:\/\/api.w.org\/{rel}","templated":true}]}}