{"id":152855,"date":"2025-06-05T02:13:22","date_gmt":"2025-06-05T02:13:22","guid":{"rendered":"https:\/\/www.europesays.com\/fr\/152855\/"},"modified":"2025-06-05T02:13:22","modified_gmt":"2025-06-05T02:13:22","slug":"on-fait-quoi-ce-week-end-food-trucks-cine-soiree-fado-ou-accordeon-nos-idees-de-sorties-a-strasbourg-2","status":"publish","type":"post","link":"https:\/\/www.europesays.com\/fr\/152855\/","title":{"rendered":"On fait quoi ce week-end. Food trucks, cin\u00e9, soir\u00e9e fado ou accord\u00e9on&#8230; Nos id\u00e9es de sorties \u00e0 Strasbourg"},"content":{"rendered":"<p class=\"insetTitle\">L&rsquo;id\u00e9e cin\u00e9 de la semaine : Le Grand bleu<\/p>\n<p>On a tout dit de ce film monumental, sorte de quintessence du cin\u00e9ma de Luc Besson avant les pol\u00e9miques, les d\u00e9ceptions, les trahisons. Le Grand bleu, c&rsquo;est une madeleine \u00e0 100 m\u00e8tres sous la surface, une r\u00e9f\u00e9rence pour toute une g\u00e9n\u00e9ration. Une histoire d&rsquo;amour improbable, \u00e9th\u00e9r\u00e9e, parfois d\u00e9sesp\u00e9r\u00e9e, dans le monde fascinant de la plong\u00e9e en apn\u00e9e.<\/p>\n<p>C&rsquo;\u00e9tait en 1988, et Besson s&rsquo;int\u00e9ressait \u00e0 la trajectoire de l&rsquo;alien Jacques Mayol, racontait ses rivalit\u00e9s amicales avec l&rsquo;Italien Enzo Molinari. Le duo mis \u00e0 l&rsquo;\u00e9cran, magnifiquement incarn\u00e9 par Jean-Marc Barr et Jean Reno, se d\u00e9chirait aussi pour une femme \u00e9videmment, incandescente, innocente, immortalis\u00e9e par Rosanna Arquette alors au summum de sa carri\u00e8re. Le Grand bleu, c&rsquo;\u00e9tait l&rsquo;alchimie improbable de ces trois figures incontournables du cin\u00e9ma des ann\u00e9es 1990, dans les paysages \u00e9cras\u00e9s par le soleil de Taormina, en Sicile. On s&rsquo;y laissait bercer par la po\u00e9sie des images, le surr\u00e9alisme des r\u00eaves et des plong\u00e9es qui parfois se confondaient.<\/p>\n<p>Et puis il y avait\u00a0 cette musique d&rsquo;Eric Serra, inspir\u00e9e du chant des baleines, que personne n&rsquo;a oubli\u00e9. Elle r\u00e9sonnait comme un appel \u00e0 rejoindre les dauphins, l\u00e0-bas, tout au fond, en un ultime \u00e9lan de libert\u00e9. Comme l&rsquo;oeuvre de Besson elle-m\u00eame, notre pr\u00e9f\u00e9r\u00e9e, que l&rsquo;on prendra un vif plaisir \u00e0 retrouver sur grand \u00e9cran, dans une salle de cin\u00e9. Un plaisir d&rsquo;ado ressuscit\u00e9&#8230;<\/p>\n<p class=\"note\"><strong>Au Vox Strasbourg, dimanche 8 juin \u00e0 19h30.<\/strong><\/p>\n<p class=\"insetSignature\">N.B.<\/p>\n","protected":false},"excerpt":{"rendered":"L&rsquo;id\u00e9e cin\u00e9 de la semaine : Le Grand bleu On a tout dit de ce film monumental, sorte&hellip;\n","protected":false},"author":2,"featured_media":151619,"comment_status":"","ping_status":"","sticky":false,"template":"","format":"standard","meta":{"footnotes":""},"categories":[2820],"tags":[1111,11,1687,2880,1777,674,107,1011,27,775,873,12,25,104,3140,640,2879,1631],"class_list":{"0":"post-152855","1":"post","2":"type-post","3":"status-publish","4":"format-standard","5":"has-post-thumbnail","7":"category-strasbourg","8":"tag-actu","9":"tag-actualites","10":"tag-culture-loisirs","11":"tag-edition-strasbourg","12":"tag-eu","13":"tag-europe","14":"tag-fil-info","15":"tag-fr","16":"tag-france","17":"tag-grand-est","18":"tag-musique","19":"tag-news","20":"tag-republique-francaise","21":"tag-societe","22":"tag-spectacle","23":"tag-strasbourg","24":"tag-strasbourg-ville","25":"tag-vie-associative"},"share_on_mastodon":{"url":"https:\/\/pubeurope.com\/@fr\/114628342760090164","error":""},"_links":{"self":[{"href":"https:\/\/www.europesays.com\/fr\/wp-json\/wp\/v2\/posts\/152855","targetHints":{"allow":["GET"]}}],"collection":[{"href":"https:\/\/www.europesays.com\/fr\/wp-json\/wp\/v2\/posts"}],"about":[{"href":"https:\/\/www.europesays.com\/fr\/wp-json\/wp\/v2\/types\/post"}],"author":[{"embeddable":true,"href":"https:\/\/www.europesays.com\/fr\/wp-json\/wp\/v2\/users\/2"}],"replies":[{"embeddable":true,"href":"https:\/\/www.europesays.com\/fr\/wp-json\/wp\/v2\/comments?post=152855"}],"version-history":[{"count":0,"href":"https:\/\/www.europesays.com\/fr\/wp-json\/wp\/v2\/posts\/152855\/revisions"}],"wp:featuredmedia":[{"embeddable":true,"href":"https:\/\/www.europesays.com\/fr\/wp-json\/wp\/v2\/media\/151619"}],"wp:attachment":[{"href":"https:\/\/www.europesays.com\/fr\/wp-json\/wp\/v2\/media?parent=152855"}],"wp:term":[{"taxonomy":"category","embeddable":true,"href":"https:\/\/www.europesays.com\/fr\/wp-json\/wp\/v2\/categories?post=152855"},{"taxonomy":"post_tag","embeddable":true,"href":"https:\/\/www.europesays.com\/fr\/wp-json\/wp\/v2\/tags?post=152855"}],"curies":[{"name":"wp","href":"https:\/\/api.w.org\/{rel}","templated":true}]}}