{"id":152866,"date":"2025-06-05T02:20:19","date_gmt":"2025-06-05T02:20:19","guid":{"rendered":"https:\/\/www.europesays.com\/fr\/152866\/"},"modified":"2025-06-05T02:20:19","modified_gmt":"2025-06-05T02:20:19","slug":"girondins-le-chantier-du-milieu-de-terrain-a-bordeaux-selon-djino-forte","status":"publish","type":"post","link":"https:\/\/www.europesays.com\/fr\/152866\/","title":{"rendered":"Girondins : le chantier du milieu de terrain \u00e0 Bordeaux selon Djino Fort\u00e9"},"content":{"rendered":"<p><img decoding=\"async\" src=\"https:\/\/www.europesays.com\/fr\/wp-content\/uploads\/2025\/06\/671_7936bd2bf45293ad7eed00f463e762c3.jpg\" alt=\"Girondins : le chantier du milieu de terrain \u00e0 Bordeaux selon Djino Fort\u00e9\" class=\"img-responsive mt-3\"\/><\/p>\n<p class=\"text-center mb-3\" style=\"font-size: 14px\">\u00a9 Iconsport<\/p>\n<p style=\"text-align: justify;\">\u00c9coutez ses propos ou lisez-les :<\/p>\n<p>\u00a0<\/p>\n<p><strong>Le rescap\u00e9 : Adrien Louveau<\/strong><\/p>\n<p style=\"text-align: justify;\">Djino Fort\u00e9 dans le <a href=\"https:\/\/www.youtube.com\/watch?v=yvIFAVXtylQ&amp;t=6169s\" target=\"_blank\" rel=\"noopener\">Talk sur WebGirondins<\/a> : \u201cJe garde tr\u00e8s peu de monde au niveau du milieu de terrain. Je garde Adrien Louveau, bien qu&rsquo;il puisse jouer en d\u00e9fense centrale. Dans un effectif, c&rsquo;est un joueur polyvalent qui a montr\u00e9 qu&rsquo;il pouvait faire de bonnes choses dans l&rsquo;\u00e9quipe et qui a une bonne mentalit\u00e9.\u201d<\/p>\n<p><strong>Des milieux de terrain pas \u00e0 la hauteur<\/strong><\/p>\n<p style=\"text-align: justify;\">\u201cPour le reste, \u00e7a me para\u00eet \u00eatre des joueurs qui ont compl\u00e8tement loup\u00e9 leur saison. Pas \u00e0 la hauteur de leur salaire et leur statut comme Trazi\u00e9, Depussay qui est trop limit\u00e9, Fofana, pareil, c&rsquo;\u00e9tait un joueur de niveau inf\u00e9rieur comme Ramon.\u201d<\/p>\n<p><strong>Issam Ben Khemis : la d\u00e9ception<\/strong><\/p>\n<p style=\"text-align: justify;\">\u201cEt la grande d\u00e9ception c&rsquo;est Ben Khemis, qu&rsquo;on n&rsquo;a pas vraiment essay\u00e9 sur cette saison, car le coach ne comptait pas dessus. Compliqu\u00e9 de le prolonger dans ces conditions-l\u00e0. Si \u00e7a ne tenait qu\u2019\u00e0 moi, j&rsquo;aurais gard\u00e9 Ben Khemis pour l&rsquo;utiliser de diff\u00e9rentes mani\u00e8res.\u201d<\/p>\n<p style=\"text-align: justify;\">Adrien Louveau est encore sous contrat avec les Girondins de Bordeaux jusqu&rsquo;en 2027. Trazi\u00e9, Depussay et N.Fofana sont en fin de contrat.<\/p>\n<p>&gt;&gt; <strong><a href=\"https:\/\/www.webgirondins.com\/actualite-girondins-mercato-girondins-shelton-guillaume-et-djibril-khouma-dans-le-viseur-129306\" target=\"_blank\" rel=\"noopener\">Mercato &#8211; Girondins : Shelton Guillaume et Djibril Khouma dans le viseur !<\/a><\/strong><\/p>\n<p style=\"text-align: justify;\">\u00a0<\/p>\n","protected":false},"excerpt":{"rendered":"\u00a9 Iconsport \u00c9coutez ses propos ou lisez-les : \u00a0 Le rescap\u00e9 : Adrien Louveau Djino Fort\u00e9 dans le&hellip;\n","protected":false},"author":2,"featured_media":152867,"comment_status":"","ping_status":"","sticky":false,"template":"","format":"standard","meta":{"footnotes":""},"categories":[2817],"tags":[1111,11,1020,1997,4107,10568,28257,1446,17179,28256,1777,674,9212,1011,27,1987,12413,12,2219,471,25,4561,15298,3945,5238],"class_list":{"0":"post-152866","1":"post","2":"type-post","3":"status-publish","4":"format-standard","5":"has-post-thumbnail","7":"category-bordeaux","8":"tag-actu","9":"tag-actualites","10":"tag-analyse","11":"tag-bordeaux","12":"tag-chantier","13":"tag-concession","14":"tag-constat","15":"tag-dans","16":"tag-djino","17":"tag-dresse","18":"tag-eu","19":"tag-europe","20":"tag-forte","21":"tag-fr","22":"tag-france","23":"tag-girondins","24":"tag-milieu","25":"tag-news","26":"tag-nouvelle-aquitaine","27":"tag-pour","28":"tag-republique-francaise","29":"tag-sans","30":"tag-selon","31":"tag-terrain","32":"tag-webgirondins"},"share_on_mastodon":{"url":"https:\/\/pubeurope.com\/@fr\/114628370447828864","error":""},"_links":{"self":[{"href":"https:\/\/www.europesays.com\/fr\/wp-json\/wp\/v2\/posts\/152866","targetHints":{"allow":["GET"]}}],"collection":[{"href":"https:\/\/www.europesays.com\/fr\/wp-json\/wp\/v2\/posts"}],"about":[{"href":"https:\/\/www.europesays.com\/fr\/wp-json\/wp\/v2\/types\/post"}],"author":[{"embeddable":true,"href":"https:\/\/www.europesays.com\/fr\/wp-json\/wp\/v2\/users\/2"}],"replies":[{"embeddable":true,"href":"https:\/\/www.europesays.com\/fr\/wp-json\/wp\/v2\/comments?post=152866"}],"version-history":[{"count":0,"href":"https:\/\/www.europesays.com\/fr\/wp-json\/wp\/v2\/posts\/152866\/revisions"}],"wp:featuredmedia":[{"embeddable":true,"href":"https:\/\/www.europesays.com\/fr\/wp-json\/wp\/v2\/media\/152867"}],"wp:attachment":[{"href":"https:\/\/www.europesays.com\/fr\/wp-json\/wp\/v2\/media?parent=152866"}],"wp:term":[{"taxonomy":"category","embeddable":true,"href":"https:\/\/www.europesays.com\/fr\/wp-json\/wp\/v2\/categories?post=152866"},{"taxonomy":"post_tag","embeddable":true,"href":"https:\/\/www.europesays.com\/fr\/wp-json\/wp\/v2\/tags?post=152866"}],"curies":[{"name":"wp","href":"https:\/\/api.w.org\/{rel}","templated":true}]}}