{"id":152876,"date":"2025-06-05T02:25:10","date_gmt":"2025-06-05T02:25:10","guid":{"rendered":"https:\/\/www.europesays.com\/fr\/152876\/"},"modified":"2025-06-05T02:25:10","modified_gmt":"2025-06-05T02:25:10","slug":"marseille-ce-restaurant-propose-une-formule-imbattable-sur-le-vieux-port-du-tout-compris","status":"publish","type":"post","link":"https:\/\/www.europesays.com\/fr\/152876\/","title":{"rendered":"Marseille. Ce restaurant propose une formule imbattable sur le Vieux-Port : \u00ab\u00a0Du tout compris\u00a0\u00bb"},"content":{"rendered":"<p>            Par<br \/>\n        <strong><br \/>\n            <a href=\"https:\/\/actu.fr\/auteur\/fabien-binacchi\" title=\"Consulter tous les articles de Fabien Binacchi\" rel=\"nofollow noopener\" target=\"_blank\">Fabien Binacchi<\/a><br \/>\n        <\/strong><\/p>\n<p>        Publi\u00e9 le<\/p>\n<p>            4 juin 2025 \u00e0 18h07        <\/p>\n<p>Une vue imprenable sur <a href=\"https:\/\/actu.fr\/tag\/vieux-port\" rel=\"nofollow noopener\" target=\"_blank\">le Vieux-Port<\/a>, une vaste terrasse au soleil et la promesse de bien manger, sans se ruiner. \u00c0 <a href=\"https:\/\/actu.fr\/marseille\/\" rel=\"nofollow noopener\" target=\"_blank\">Marseille<\/a>, sur le plateau du Pharo, <strong>l\u2019h\u00f4tel Novotel<\/strong> a pris le parti de faire sa r\u00e9volution c\u00f4t\u00e9 restauration. Loin des standards des grandes cha\u00eenes h\u00f4teli\u00e8res dont il fait lui-m\u00eame partie, l\u2019\u00e9tablissement du groupe Accor a d\u00e9velopp\u00e9 <strong>\u00ab\u2009un concept 100\u2009% maison, imagin\u00e9 en interne\u2009\u00bb.<\/strong> Et dont le nom, d\u00e9sormais dans le dictionnaire, est \u00e0 lui tout seul une ode \u00e0 la cit\u00e9 phoc\u00e9enne. Mag\u00e2t\u00e9 r\u00e9gale (et d\u00e9tonne) avec une offre qui devrait mettre tout le monde d\u2019accord, y compris les locaux. On vous dit tout.<\/p>\n<p>\u00ab\u2009Un concept qui colle \u00e0 l\u2019image de la ville\u2009\u00bb<\/p>\n<p class=\" wall-content\">En choisissant ce nom, <strong>popularis\u00e9 par un tube (merci SCH),<\/strong> l\u2019\u00e9quipe du Novotel Vieux-Port n\u2019imaginait pas qu\u2019il finirait <a href=\"https:\/\/actu.fr\/provence-alpes-cote-d-azur\/marseille_13055\/ces-trois-mots-de-marseille-font-leur-entree-dans-le-dictionnaire-voici-lesquels_62633499.html\" rel=\"nofollow noopener\" target=\"_blank\">dans Le Robert 2026.<\/a> Mag\u00e2t\u00e9, le nouveau restaurant de l\u2019\u00e9tablissement, ouvert il y a un an, fleure bon Marseille et c\u2019est tout sauf un hasard\u2009:<\/p>\n<blockquote class=\"ac-article-quote wall-content\">\n<p>\u00ab\u00a0On a imagin\u00e9 un concept qui colle \u00e0 l&rsquo;image de la ville. Avec nos \u00e9quipes en interne. Sans faire appel \u00e0 aucune agence de conseil ou autre chose du genre.\u00a0\u00bb\n<\/p>\n<p>    <strong>Vincent Gaymard<\/strong><br \/>\n        Directeur    <\/p><\/blockquote>\n<p class=\" wall-content\">Le patron des deux h\u00f4tels du groupe Accor (avec le Sofitel) install\u00e9s-l\u00e0, sur le Vieux-Port, y va m\u00eame plus fort\u2009: \u00ab\u2009Il faut qu\u2019il y en ait pour tous les go\u00fbts. Mais, ici, on n\u2019est <strong>pas dans la tendance des bistros parisiens<\/strong> un peu bobo qui d\u00e9ferlent sur Marseille\u2009\u00bb.<\/p>\n<p>Formule imbattable et carte de fid\u00e9lit\u00e9<\/p>\n<p class=\" wall-content\">Mag\u00e2t\u00e9 promet une certaine authenticit\u00e9 pour s\u00e9duire les touristes et les locaux, avec une offre aussi int\u00e9ressante qu\u2019inattendue pour ce genre d\u2019h\u00f4tel 4 \u00e9toiles. Une formule du midi plat, dessert, caf\u00e9\u2026 et parking (une b\u00e9n\u00e9diction \u00e0 Marseille) est propos\u00e9e <strong>\u00e0 23\u00a0euros.<\/strong> \u00ab\u2009C\u2019est du tout compris\u2009\u00bb, vante-t-on sur place. Imbattable.<\/p>\n<p class=\" wall-content\">Et encore, on ne vous a pas tout dit\u2009: une \u00ab\u2009carte de fid\u00e9lit\u00e9\u2009\u00bb permet de se faire offrir un verre de vin au 5e tampon et m\u00eame un repas tout entier au 10e. Le restaurant ne s\u2019en cache pas du tout et le mart\u00e8le, <strong>il cherche \u00e0 s\u00e9duire les Phoc\u00e9ens.<\/strong><\/p>\n<p class=\" wall-content\">\u00c0 ce prix-l\u00e0, le plat inclus dans le menu est fixe (fish &amp; chips, magret de canard, etc.) mais au moins aussi gourmand que ceux propos\u00e9s dans le reste de la carte.<\/p>\n<p>Des plats r\u00e9gressifs, des \u00ab\u2009madeleines de Proust\u2009\u00bb<\/p>\n<p class=\" wall-content\">\u00ab\u2009On a essay\u00e9 d\u2019imaginer une cuisine simple, concentr\u00e9e sur le go\u00fbt, avec des petites madeleines de Proust qui me sont ch\u00e8res et qui sont ch\u00e8res \u00e0 mon \u00e9quipe\u2009\u00bb, explique \u00e0 actu Marseille le chef Sophian Jellouli. Avec <strong>une Saucisse-pur\u00e9e de comp\u00e9tition<\/strong>, \u00e0 l\u2019ail confit et sauce au poivre (22\u00a0euros), un Gratin de coquillettes, jambon et gorgonzola ultra-r\u00e9gressif (22\u00a0euros), et d\u2019autres propositions qui tombent dans le mille.<\/p>\n<p>    <img   decoding=\"async\" loading=\"lazy\" src=\"https:\/\/www.europesays.com\/fr\/wp-content\/uploads\/2025\/06\/magate-marseille-saucisee-960x640.jpg\" alt=\"Le\" width=\"960\" height=\"640\"\/><br \/>\n    La saucisse bouch\u00e8re de Mag\u00e2t\u00e9, accompagn\u00e9e d\u2019une pur\u00e9e \u00e0 l\u2019ail confit. (\u00a9Fabien Binacchi \/ actu Marseille)<\/p>\n<p class=\" wall-content\">Comme le ceviche de crevettes, lait de coco, mangue, coriandre, poivron et oignon rouge en entr\u00e9e (13\u00a0euros) et le plat signature du responsable des cuisines, <strong>tout en rondeur<\/strong>\u2009: des filets de maquereaux, pur\u00e9e de petit pois, grenailles et vierge de f\u00e8ves, \u00e0 26\u00a0euros.<\/p>\n<p>    <img   decoding=\"async\" loading=\"lazy\" src=\"https:\/\/www.europesays.com\/fr\/wp-content\/uploads\/2025\/06\/magate-marseille-crevette-2-960x640.jpg\" alt=\"Le\" width=\"960\" height=\"640\"\/><br \/>\n    Le ceviche de crevettes, lait de coco, mangue, coriandre, poivron et oignon rouge. (\u00a9Fabien Binacchi \/ actu Marseille)<\/p>\n<blockquote class=\"ac-article-quote wall-content\">\n<p>\u00ab\u00a0On a imagin\u00e9 la carte pour qu\u2019elle parle \u00e0 tout le monde. Ici, on ne vous propose pas une exp\u00e9rience culinaire, mais simplement de bien manger, de passer un bon moment.\u00a0\u00bb<\/p>\n<p>    <strong>Sophian Jellouli<\/strong>\n            <\/p><\/blockquote>\n<p>Des produits de la mer et du terroir<\/p>\n<p class=\" wall-content\">Un bon moment. Et dans un cadre magnifique. Ce qui ne g\u00e2che rien. <strong>Le Mucem et le Vieux-Port, pile en face<\/strong> de ma Mag\u00e2t\u00e9, font \u00e9cho dans les assiettes, o\u00f9 les produits de la mer tiennent une grande place, au moins au tant que ceux du terroir proven\u00e7al.<\/p>\n<p class=\" wall-content\">\u00ab\u2009Nous avons mont\u00e9 un partenariat avec l\u2019entreprise locale Terre de go\u00fbt et sa patronne Marianne qui est un peu ma <strong>chercheuse de p\u00e9pites,<\/strong> poursuit Sophian Jellouli. On a des ch\u00e8vres frais qui nous viennent des Alpilles, \u00e0 partager pour l\u2019ap\u00e9ro. On a des asperges du cru. Et bient\u00f4t aussi des tomates, des p\u00eaches et des nectarines.\u2009\u00bb<\/p>\n<p class=\" wall-content\"><a href=\"https:\/\/www.instagram.com\/p\/DJ6V2A5ttNG\/embed\" title=\"Ouvrir le lien sur Instagram\" rel=\"nofollow noopener\" target=\"_blank\">Visualiser le contenu sur Instagram<\/a><\/p>\n<p class=\" wall-content\">Une proposition au plus de pr\u00e8s de Marseille et des Marseillais pour Mag\u00e2t\u00e9, qui veut se d\u00e9finir aussi comme un \u00ab\u2009v\u00e9ritable lieu de vie\u2009\u00bb, esp\u00e8re Robin Gouss\u00e9, le responsable de la restauration du Novotel. <strong>Un terrain de p\u00e9tanque<\/strong> est \u00e0 la disposition des clients \u00ab\u2009et nous avons m\u00eame <strong>une salle de karaok\u00e9<\/strong> en pr\u00e9paration\u2009\u00bb, explique-t-il.<\/p>\n<p>Mag\u00e2t\u00e9, H\u00f4tel Novotel Vieux-Port, 36 boulevard Charles-Livon \u00e0 Marseille (7e).<br \/>\nInfos et r\u00e9servations au 0496114222 et sur<a href=\"https:\/\/restaurantsandbars.accor.com\/fr\/restaurant\/0911_R001\" rel=\"nofollow noopener\" target=\"_blank\"> le site Internet du restaurant.<\/a><\/p>\n<p class=\" wall-content\">Suivez toute l\u2019actualit\u00e9 de vos villes et m\u00e9dias favoris en vous inscrivant \u00e0 <a href=\"https:\/\/moncompte.actu.fr\" title=\"D\u00e9couvez Mon Actu\" rel=\"nofollow noopener\" data-trk=\"{&quot;cta&quot;:{&quot;action&quot;:&quot;https:\\\/\\\/moncompte.actu.fr&quot;,&quot;category&quot;:&quot;mon compte&quot;,&quot;from&quot;:&quot;article footer&quot;,&quot;name&quot;:&quot;Mon actu&quot;,&quot;type&quot;:&quot;cta&quot;}}\" target=\"_blank\">Mon Actu<\/a>.<\/p>\n<p>                    <script async src=\"\/\/www.instagram.com\/embed.js\"><\/script><\/p>\n","protected":false},"excerpt":{"rendered":"Par Fabien Binacchi Publi\u00e9 le 4 juin 2025 \u00e0 18h07 Une vue imprenable sur le Vieux-Port, une vaste&hellip;\n","protected":false},"author":2,"featured_media":152877,"comment_status":"","ping_status":"","sticky":false,"template":"","format":"standard","meta":{"footnotes":""},"categories":[2814],"tags":[1111,11,677,1777,674,1011,27,1661,1305,884,12,882,25,1340],"class_list":{"0":"post-152876","1":"post","2":"type-post","3":"status-publish","4":"format-standard","5":"has-post-thumbnail","7":"category-marseille","8":"tag-actu","9":"tag-actualites","10":"tag-bons-plans","11":"tag-eu","12":"tag-europe","13":"tag-fr","14":"tag-france","15":"tag-gastronomie","16":"tag-lifestyle","17":"tag-marseille","18":"tag-news","19":"tag-provence-alpes-cote-dazur","20":"tag-republique-francaise","21":"tag-restaurant"},"share_on_mastodon":{"url":"https:\/\/pubeurope.com\/@fr\/114628390174473455","error":""},"_links":{"self":[{"href":"https:\/\/www.europesays.com\/fr\/wp-json\/wp\/v2\/posts\/152876","targetHints":{"allow":["GET"]}}],"collection":[{"href":"https:\/\/www.europesays.com\/fr\/wp-json\/wp\/v2\/posts"}],"about":[{"href":"https:\/\/www.europesays.com\/fr\/wp-json\/wp\/v2\/types\/post"}],"author":[{"embeddable":true,"href":"https:\/\/www.europesays.com\/fr\/wp-json\/wp\/v2\/users\/2"}],"replies":[{"embeddable":true,"href":"https:\/\/www.europesays.com\/fr\/wp-json\/wp\/v2\/comments?post=152876"}],"version-history":[{"count":0,"href":"https:\/\/www.europesays.com\/fr\/wp-json\/wp\/v2\/posts\/152876\/revisions"}],"wp:featuredmedia":[{"embeddable":true,"href":"https:\/\/www.europesays.com\/fr\/wp-json\/wp\/v2\/media\/152877"}],"wp:attachment":[{"href":"https:\/\/www.europesays.com\/fr\/wp-json\/wp\/v2\/media?parent=152876"}],"wp:term":[{"taxonomy":"category","embeddable":true,"href":"https:\/\/www.europesays.com\/fr\/wp-json\/wp\/v2\/categories?post=152876"},{"taxonomy":"post_tag","embeddable":true,"href":"https:\/\/www.europesays.com\/fr\/wp-json\/wp\/v2\/tags?post=152876"}],"curies":[{"name":"wp","href":"https:\/\/api.w.org\/{rel}","templated":true}]}}