{"id":15288,"date":"2025-04-10T15:31:09","date_gmt":"2025-04-10T15:31:09","guid":{"rendered":"https:\/\/www.europesays.com\/fr\/15288\/"},"modified":"2025-04-10T15:31:09","modified_gmt":"2025-04-10T15:31:09","slug":"guerre-commerciale-de-donald-trump-les-produits-de-meghan-markle-ne-seront-pas-affectes-et-cest-elle-qui-le-dit","status":"publish","type":"post","link":"https:\/\/www.europesays.com\/fr\/15288\/","title":{"rendered":"Guerre commerciale de Donald Trump : les produits de Meghan Markle ne seront pas affect\u00e9s, et c\u2019est elle qui le dit"},"content":{"rendered":"<p class=\"\" data-start=\"265\" data-end=\"679\">Meghan Markle va<br \/>\npouvoir souffler. Comme de tr\u00e8s nombreux Am\u00e9ricains, <a href=\"https:\/\/www.closermag.fr\/royautes\/meghan-markle-lepouse-du-prince-harry-change-de-nom-et-on-ne-va-pas-reussir-a-sy-faire-3524711\" rel=\"nofollow noopener\" target=\"_blank\"><br \/>\nl\u00a0\u00bb\u00e9pouse du prince Harry<\/a> s&rsquo;est inqui\u00e9t\u00e9e pour son business<br \/>\napr\u00e8s les r\u00e9centes annonces chocs de <a href=\"https:\/\/www.closermag.fr\/bio-people\/donald-trump\" rel=\"nofollow noopener\" target=\"_blank\">Donald<br \/>\nTrump<\/a>. Depuis plusieurs jours, le pr\u00e9sident des \u00c9tats-Unis a<br \/>\nlanc\u00e9 une guerre commerciale avec la Chine et l&rsquo;Union europ\u00e9enne.<br \/>\nIl a en effet mis en place une nouvelle salve de droits de douane \u00e0<br \/>\nl&rsquo;importation, de 20% pour l&rsquo;Union europ\u00e9enne.<\/p>\n<p class=\"\" data-start=\"681\" data-end=\"1145\">De quoi provoquer une<br \/>\nonde de panique mondiale et un choc dans les march\u00e9s boursiers.<br \/>\nMais <a href=\"https:\/\/www.closermag.fr\/bio-people\/biographie-de-meghan-markle-682925\" rel=\"nofollow noopener\" target=\"_blank\"><br \/>\nMeghan Markle<\/a>, elle, <strong>va passer entre les mailles du<br \/>\nfilet<\/strong>. \u00c0 la t\u00eate de As<br \/>\nEver, la duchesse de Sussex a expliqu\u00e9 que les tarifs impos\u00e9s<br \/>\npar Donald Trump ne devraient pas avoir d&rsquo;impact sur ses produits.<br \/>\n\u00ab\u00a0Pour le moment, tous nos produits sont fabriqu\u00e9s aux<br \/>\n\u00c9tats-Unis, nous ne pr\u00e9voyons donc pas que les tarifs nous<br \/>\naffecteront directement\u00a0\u00bb, a-t-elle confi\u00e9 \u00e0 Fortune.<\/p>\n<p>Meghan Markle : des produits<br \/>\n\u00ab\u00a0accessibles\u00a0\u00bb<\/p>\n<p class=\"\" data-start=\"1147\" data-end=\"1628\">\u00ab\u00a0Mais lorsque<br \/>\nnous examinons le contexte plus large de la fa\u00e7on dont cela va<br \/>\naffecter le consommateur au quotidien, je suis tr\u00e8s reconnaissante<br \/>\nque, dans le cadre de la conception de cette marque, j&rsquo;aie voulu<br \/>\ncr\u00e9er des produits qui semblent plus prestigieux, mais qui sont<br \/>\nplus accessibles et abordables\u00a0\u00bb, s&rsquo;est r\u00e9jouie Meghan Markle.<br \/>\nDans cette <strong>\u00ab\u00a0p\u00e9riode de r\u00e9cession\u00a0\u00bb<\/strong>, elle<br \/>\nestime que les gens veulent \u00ab\u00a0trouver du r\u00e9confort\u00a0\u00bb et que<br \/>\nses produits peuvent leur apporter \u00ab\u00a0de la joie\u00a0\u00bb.<\/p>\n<p class=\"\" data-start=\"1630\" data-end=\"2069\">Elle a soulign\u00e9 que<br \/>\n<strong>la \u00ab\u00a0majorit\u00e9\u00a0\u00bb de ses produits co\u00fbtait moins de 20<br \/>\ndollars.<\/strong> \u00ab\u00a0De notre point de vue, certainement pour<br \/>\nmoi, m\u00eame dans l&rsquo;expansion de la marque, les choses devraient<br \/>\ntoujours sembler accessibles\u00a0\u00bb, a ajout\u00e9 Meghan Markle. Depuis<br \/>\nle lancement officiel d&rsquo;As Ever, les objets vendus par la duchesse<br \/>\nsemblent s&rsquo;arracher. En quelques heures \u00e0 peine, ses confitures,<br \/>\nses tisanes et son miel se sont retrouv\u00e9s en rupture de stock.<\/p>\n<p>Entre<br \/>\nDonald Trump et les Sussex : la tr\u00eave apr\u00e8s la guerre<\/p>\n<p class=\"\" data-start=\"2071\" data-end=\"2536\">Bien que le nombre<br \/>\nexact de produits vendus n&rsquo;ait pas \u00e9t\u00e9 confirm\u00e9, la soci\u00e9t\u00e9 a<br \/>\nd\u00e9clar\u00e9 qu&rsquo;il s&rsquo;agissait de \u00ab\u00a0dizaines de milliers\u00a0\u00bb. De quoi<br \/>\nrassurer Meghan Markle et calmer les tensions qui ont pu exister<br \/>\navec Donald Trump. Jamais en manque de critiques \u00e0 l&rsquo;\u00e9gard du<br \/>\npr\u00e9sident des \u00c9tats-Unis, <strong>les Sussex avaient \u00e9t\u00e9 violemment<br \/>\npris \u00e0 partie<\/strong> par l&rsquo;\u00e9poux de Melania Trump. Mais, s&rsquo;il a<br \/>\nun temps envisag\u00e9 de les expulser, il tient aujourd&rsquo;hui un discours<br \/>\nplus serein.<\/p>\n<p class=\"\" data-start=\"2538\" data-end=\"3013\">En f\u00e9vrier dernier,<br \/>\nDonald Trump calmait en effet le jeu avec le prince Harry. Accus\u00e9<br \/>\nd&rsquo;avoir menti sur sa demande de visa, le duc de Sussex aurait pu<br \/>\n\u00eatre expuls\u00e9 des \u00c9tats-Unis. Mais le pr\u00e9sident am\u00e9ricain en a<br \/>\nd\u00e9cid\u00e9 autrement. \u00ab\u00a0Je le laisse tranquille. Il a d\u00e9j\u00e0 assez de<br \/>\nprobl\u00e8mes avec sa femme. Elle est horrible\u00a0\u00bb, pestait-il.<br \/>\nHorrible, selon lui, mais redoutable businesswoman. Car, bien que<br \/>\ncritiqu\u00e9e de toute part, Meghan Markle est \u00e0 la t\u00eate d&rsquo;un empire en<br \/>\ndevenir.<\/p>\n","protected":false},"excerpt":{"rendered":"Meghan Markle va pouvoir souffler. Comme de tr\u00e8s nombreux Am\u00e9ricains, l\u00a0\u00bb\u00e9pouse du prince Harry s&rsquo;est inqui\u00e9t\u00e9e pour son&hellip;\n","protected":false},"author":2,"featured_media":15289,"comment_status":"","ping_status":"","sticky":false,"template":"","format":"standard","meta":{"footnotes":""},"categories":[1359],"tags":[548,58,75,59,1011,27,908,973],"class_list":{"0":"post-15288","1":"post","2":"type-post","3":"status-publish","4":"format-standard","5":"has-post-thumbnail","7":"category-people","8":"tag-article-simple","9":"tag-divertissement","10":"tag-donald-trump","11":"tag-entertainment","12":"tag-fr","13":"tag-france","14":"tag-meghan-markle","15":"tag-people"},"share_on_mastodon":{"url":"https:\/\/pubeurope.com\/@fr\/114314391319251205","error":""},"_links":{"self":[{"href":"https:\/\/www.europesays.com\/fr\/wp-json\/wp\/v2\/posts\/15288","targetHints":{"allow":["GET"]}}],"collection":[{"href":"https:\/\/www.europesays.com\/fr\/wp-json\/wp\/v2\/posts"}],"about":[{"href":"https:\/\/www.europesays.com\/fr\/wp-json\/wp\/v2\/types\/post"}],"author":[{"embeddable":true,"href":"https:\/\/www.europesays.com\/fr\/wp-json\/wp\/v2\/users\/2"}],"replies":[{"embeddable":true,"href":"https:\/\/www.europesays.com\/fr\/wp-json\/wp\/v2\/comments?post=15288"}],"version-history":[{"count":0,"href":"https:\/\/www.europesays.com\/fr\/wp-json\/wp\/v2\/posts\/15288\/revisions"}],"wp:featuredmedia":[{"embeddable":true,"href":"https:\/\/www.europesays.com\/fr\/wp-json\/wp\/v2\/media\/15289"}],"wp:attachment":[{"href":"https:\/\/www.europesays.com\/fr\/wp-json\/wp\/v2\/media?parent=15288"}],"wp:term":[{"taxonomy":"category","embeddable":true,"href":"https:\/\/www.europesays.com\/fr\/wp-json\/wp\/v2\/categories?post=15288"},{"taxonomy":"post_tag","embeddable":true,"href":"https:\/\/www.europesays.com\/fr\/wp-json\/wp\/v2\/tags?post=15288"}],"curies":[{"name":"wp","href":"https:\/\/api.w.org\/{rel}","templated":true}]}}