{"id":152881,"date":"2025-06-05T02:28:10","date_gmt":"2025-06-05T02:28:10","guid":{"rendered":"https:\/\/www.europesays.com\/fr\/152881\/"},"modified":"2025-06-05T02:28:10","modified_gmt":"2025-06-05T02:28:10","slug":"previsions-du-jeudi-5-juin-2025-8","status":"publish","type":"post","link":"https:\/\/www.europesays.com\/fr\/152881\/","title":{"rendered":"pr\u00e9visions du jeudi 5 juin 2025"},"content":{"rendered":"<p>Aujourd&rsquo;hui, Lyon se retrouvera sous des valeurs d&rsquo;environ 19\u00b0C. Un vent de sud-ouest soufflera l\u00e9g\u00e8rement, avec 6 km\/h. Le matin, on verra l&rsquo;arriv\u00e9e de nuages. Des pluies \u00e9parses sont pr\u00e9vues. En revanche, les temp\u00e9ratures vont monter pendant l&rsquo;apr\u00e8s-midi de quelques degr\u00e9s. Les valeurs afficheront entre 20 et 25\u00b0C. Encore de la grisaille le soir. Les nuages vont stationner. C&rsquo;est un ciel clair que conna\u00eetra la nuit de jeudi \u00e0 vendredi.<\/p>\n<p>L&rsquo;air ambiant va se r\u00e9chauffer demain \u00e0 Lyon avec une hausse de quelques degr\u00e9s. Les valeurs seront comprises entre 15 et 27\u00b0C. Un vent de sud rafra\u00eechira un peu l&rsquo;atmosph\u00e8re. Le ciel va l\u00e9g\u00e8rement se d\u00e9gager dans la matin\u00e9e avec des \u00e9claircies. Le thermom\u00e8tre affichera 22\u00b0C en moyenne. Demain apr\u00e8s-midi, c&rsquo;est sur un ciel couvert de nuages qu&rsquo;il faudra compter. Du mauvais temps est \u00e0 pr\u00e9voir. Des pluies \u00e9parses vont tomber. Les temp\u00e9ratures s&rsquo;\u00e9chelonneront de 24 \u00e0 27\u00b0C. Il sera difficile de rester au sec car de la pluie est annonc\u00e9e dans la soir\u00e9e. Il va faire 19\u00b0C en moyenne.<\/p>\n<p>Le temps des jours suivants va \u00e9voluer progressivement. M\u00eame si le beau temps se maintiendra quelque peu samedi, il faut s&rsquo;attendre \u00e0 une d\u00e9gradation ensuite.<\/p>\n<p><\/p>\n","protected":false},"excerpt":{"rendered":"Aujourd&rsquo;hui, Lyon se retrouvera sous des valeurs d&rsquo;environ 19\u00b0C. Un vent de sud-ouest soufflera l\u00e9g\u00e8rement, avec 6 km\/h.&hellip;\n","protected":false},"author":2,"featured_media":152882,"comment_status":"","ping_status":"","sticky":false,"template":"","format":"standard","meta":{"footnotes":""},"categories":[1889],"tags":[1111,11,2430,1777,674,1011,27,2428,12,2119,25,2429,2431],"class_list":{"0":"post-152881","1":"post","2":"type-post","3":"status-publish","4":"format-standard","5":"has-post-thumbnail","7":"category-lyon","8":"tag-actu","9":"tag-actualites","10":"tag-auvergne-rhone-alpes","11":"tag-eu","12":"tag-europe","13":"tag-fr","14":"tag-france","15":"tag-lyon","16":"tag-news","17":"tag-previsions-meteo","18":"tag-republique-francaise","19":"tag-rhone","20":"tag-rhone-alpes"},"share_on_mastodon":{"url":"https:\/\/pubeurope.com\/@fr\/114628401760850247","error":""},"_links":{"self":[{"href":"https:\/\/www.europesays.com\/fr\/wp-json\/wp\/v2\/posts\/152881","targetHints":{"allow":["GET"]}}],"collection":[{"href":"https:\/\/www.europesays.com\/fr\/wp-json\/wp\/v2\/posts"}],"about":[{"href":"https:\/\/www.europesays.com\/fr\/wp-json\/wp\/v2\/types\/post"}],"author":[{"embeddable":true,"href":"https:\/\/www.europesays.com\/fr\/wp-json\/wp\/v2\/users\/2"}],"replies":[{"embeddable":true,"href":"https:\/\/www.europesays.com\/fr\/wp-json\/wp\/v2\/comments?post=152881"}],"version-history":[{"count":0,"href":"https:\/\/www.europesays.com\/fr\/wp-json\/wp\/v2\/posts\/152881\/revisions"}],"wp:featuredmedia":[{"embeddable":true,"href":"https:\/\/www.europesays.com\/fr\/wp-json\/wp\/v2\/media\/152882"}],"wp:attachment":[{"href":"https:\/\/www.europesays.com\/fr\/wp-json\/wp\/v2\/media?parent=152881"}],"wp:term":[{"taxonomy":"category","embeddable":true,"href":"https:\/\/www.europesays.com\/fr\/wp-json\/wp\/v2\/categories?post=152881"},{"taxonomy":"post_tag","embeddable":true,"href":"https:\/\/www.europesays.com\/fr\/wp-json\/wp\/v2\/tags?post=152881"}],"curies":[{"name":"wp","href":"https:\/\/api.w.org\/{rel}","templated":true}]}}