{"id":152885,"date":"2025-06-05T02:31:12","date_gmt":"2025-06-05T02:31:12","guid":{"rendered":"https:\/\/www.europesays.com\/fr\/152885\/"},"modified":"2025-06-05T02:31:12","modified_gmt":"2025-06-05T02:31:12","slug":"elle-est-geniale-la-petite-boisson-place-de-la-concorde-la-victoire-francaise-sur-ecrans-geants","status":"publish","type":"post","link":"https:\/\/www.europesays.com\/fr\/152885\/","title":{"rendered":"\u00ab\u00a0Elle est g\u00e9niale la petite Boisson\u00a0!\u00a0\u00bb\u00a0: place de la Concorde, la victoire fran\u00e7aise sur \u00e9crans g\u00e9ants"},"content":{"rendered":"<p class=\"paragraph text_align_left\">Malgr\u00e9 quelques gouttes de pluie pendant le premier set et le d\u00e9but du second, ils \u00e9taient plusieurs dizaines, voire centaines, \u00e0 assister \u00e0 <a href=\"https:\/\/www.leparisien.fr\/sports\/tennis\/roland-garros\/direct-roland-garros-2025-suivez-le-quart-de-finale-de-la-francaise-lois-boisson-face-a-mirra-andreeva-04-06-2025-QHJNIKBEXRCIDFWEK3HQCOLAYY.php\" target=\"_blank\" rel=\"noreferrer nofollow noopener\">l\u2019exploit de la jeune tricolore<\/a>, r\u00e9v\u00e9lation de ce Roland-Garros \u00e9dition 2025, en quart de finale du Grand Chelem de la Porte d\u2019Auteuil (XVIe), depuis la <a href=\"https:\/\/www.leparisien.fr\/sports\/tennis\/roland-garros\/un-hommage-a-nadal-et-une-fan-zone-gratuite-a-la-concorde-roland-garros-annonce-ses-nouveautes-pour-2025-17-04-2025-DBZ4RW3VEZFNZOS2S3VIWSPYDM.php\" target=\"_blank\" rel=\"noreferrer nofollow noopener\">fan-zone<\/a> am\u00e9nag\u00e9e l\u00e0 pendant six jours sur la plus grande place parisienne.<\/p>\n","protected":false},"excerpt":{"rendered":"Malgr\u00e9 quelques gouttes de pluie pendant le premier set et le d\u00e9but du second, ils \u00e9taient plusieurs dizaines,&hellip;\n","protected":false},"author":2,"featured_media":152886,"comment_status":"","ping_status":"","sticky":false,"template":"","format":"standard","meta":{"footnotes":""},"categories":[1888],"tags":[1111,1928,11,1927,1777,674,1011,27,1944,12,1926,626,1925,25,60],"class_list":{"0":"post-152885","1":"post","2":"type-post","3":"status-publish","4":"format-standard","5":"has-post-thumbnail","7":"category-paris","8":"tag-actu","9":"tag-actu-paris","10":"tag-actualites","11":"tag-actualites-paris","12":"tag-eu","13":"tag-europe","14":"tag-fr","15":"tag-france","16":"tag-ma-ville","17":"tag-news","18":"tag-news-paris","19":"tag-paris","20":"tag-paris-news","21":"tag-republique-francaise","22":"tag-sports"},"share_on_mastodon":{"url":"https:\/\/pubeurope.com\/@fr\/114628413617304849","error":""},"_links":{"self":[{"href":"https:\/\/www.europesays.com\/fr\/wp-json\/wp\/v2\/posts\/152885","targetHints":{"allow":["GET"]}}],"collection":[{"href":"https:\/\/www.europesays.com\/fr\/wp-json\/wp\/v2\/posts"}],"about":[{"href":"https:\/\/www.europesays.com\/fr\/wp-json\/wp\/v2\/types\/post"}],"author":[{"embeddable":true,"href":"https:\/\/www.europesays.com\/fr\/wp-json\/wp\/v2\/users\/2"}],"replies":[{"embeddable":true,"href":"https:\/\/www.europesays.com\/fr\/wp-json\/wp\/v2\/comments?post=152885"}],"version-history":[{"count":0,"href":"https:\/\/www.europesays.com\/fr\/wp-json\/wp\/v2\/posts\/152885\/revisions"}],"wp:featuredmedia":[{"embeddable":true,"href":"https:\/\/www.europesays.com\/fr\/wp-json\/wp\/v2\/media\/152886"}],"wp:attachment":[{"href":"https:\/\/www.europesays.com\/fr\/wp-json\/wp\/v2\/media?parent=152885"}],"wp:term":[{"taxonomy":"category","embeddable":true,"href":"https:\/\/www.europesays.com\/fr\/wp-json\/wp\/v2\/categories?post=152885"},{"taxonomy":"post_tag","embeddable":true,"href":"https:\/\/www.europesays.com\/fr\/wp-json\/wp\/v2\/tags?post=152885"}],"curies":[{"name":"wp","href":"https:\/\/api.w.org\/{rel}","templated":true}]}}