{"id":152887,"date":"2025-06-05T02:32:09","date_gmt":"2025-06-05T02:32:09","guid":{"rendered":"https:\/\/www.europesays.com\/fr\/152887\/"},"modified":"2025-06-05T02:32:09","modified_gmt":"2025-06-05T02:32:09","slug":"bourg-en-bresse-na-pas-tenu-la-distance-face-a-paris","status":"publish","type":"post","link":"https:\/\/www.europesays.com\/fr\/152887\/","title":{"rendered":"Bourg-en-Bresse n\u2019a pas tenu la distance face \u00e0 Paris"},"content":{"rendered":"<p>Le Paris Basketball l\u2019a emport\u00e9 face \u00e0 la JL Bourg ce mercredi, \u00e0 l\u2019Adidas Arena, lors du premier match de la s\u00e9rie qui oppose les deux \u00e9quipes en demies de Betclic Elite.<\/p>\n<p class=\"fig-paragraph\">Le Paris Basketball a poursuivi sa s\u00e9rie victorieuse contre Bourg-en-Bresse (100-89), mercredi, \u00e0 l\u2019Adidas Arena, pour mener 1-0 en demi-finales du championnat de France. Les Parisiens, invaincus face aux Bressans depuis d\u00e9cembre 2023 (sept victoires toutes comp\u00e9titions confondues d\u00e9sormais), auront l&rsquo;occasion de faire le break vendredi, toujours devant leur public, dans cette s\u00e9rie en trois succ\u00e8s gagnants.<\/p>\n<p class=\"fig-paragraph\">Ils ont fait un tiers du chemin apr\u00e8s avoir \u00e9t\u00e9 longtemps emb\u00eat\u00e9s par les Bressans qui ont cependant touch\u00e9, une nouvelle fois, leurs limites face au trio de t\u00eate du championnat qui \u00e9volue en Euroligue (Paris, Monaco et l&rsquo;Asvel). Dans un match assez ouvert, l&rsquo;\u00e9quipe de\u00a0<a href=\"http:\/\/www.lefigaro.fr\/sports\/basket\/la-force-de-freddy-c-est-qu-il-est-encore-joueur-dans-son-esprit-fauthoux-le-bouillant-petitou-a-la-tete-des-grands-bleus-20240925\" data-fig-type=\"Article\" data-gtm-custom-categorie=\"navigation\" data-gtm-custom-action=\"crossclick\" data-gtm-custom-label=\"Contextuel\" data-gtm-event=\"customEventSPE\" data-fig-domain=\"LEFIGARO\" target=\"_blank\" rel=\"noopener\">Fr\u00e9d\u00e9ric Fauthoux<\/a>\u00a0a caus\u00e9 des soucis \u00e0 l&rsquo;int\u00e9rieur au club de la capitale, par l&rsquo;impact de K\u00e9vin Kokila (12 pts et 6 rebonds), la main de Masksim Salash (18 pts) ou la polyvalence de Jo\u00ebl Ayayi (13 pts, 4 rbds et 4 passes d\u00e9cisives), mais n&rsquo;a pas tenu la distance.<\/p>\n<p>La JL Bourg explose dans le dernier quart<\/p>\n<p class=\"fig-paragraph\">Elle a ainsi explos\u00e9 en d\u00e9but de quatri\u00e8me quart-temps, encaissant un 14-0 (91-74, 34e) en comptant la fl\u00e8che au buzzer de la troisi\u00e8me p\u00e9riode d\u00e9coch\u00e9e par Maodo L\u00f4. L\u00f4 (13 pts \u00e0 3\/6 \u00e0 3 pts), Nadir Hifi (23 pts) et TJ Shorts (22 pts et 9 pd): la diabolique traction arri\u00e8re de Paris a inscrit 10 des 14 points de cette s\u00e9rie fatale et sonn\u00e9 le glas des esp\u00e9rances de la JL, sanctionn\u00e9e plusieurs fois d&rsquo;affil\u00e9e par les arbitres. Dont deux tirs prim\u00e9s de Shorts (84-74) puis Hifi (91-74), qui se sont rappel\u00e9s au bon souvenir de Bourg, d\u00e9j\u00e0 assomm\u00e9 par Paris et ses deux \u00e9lectriques meneurs-arri\u00e8res en finale de l&rsquo;Eurocoupe la saison derni\u00e8re (2-0).<\/p>\n<p class=\"fig-paragraph\"><a href=\"http:\/\/www.lefigaro.fr\/sports\/basket\/basket-tombeur-du-mans-en-finale-le-paris-basketball-prend-une-coupe-de-france-20250426\" data-fig-type=\"NewsFlash\" data-gtm-custom-categorie=\"navigation\" data-gtm-custom-action=\"crossclick\" data-gtm-custom-label=\"Contextuel\" data-gtm-event=\"customEventSPE\" data-fig-domain=\"LEFIGARO\" target=\"_blank\" rel=\"noopener\">Vainqueurs depuis \u00e9galement de la Coupe de France<\/a>, ils comptent bien garnir l&rsquo;armoire parisienne d&rsquo;un nouveau troph\u00e9e.<\/p>\n","protected":false},"excerpt":{"rendered":"Le Paris Basketball l\u2019a emport\u00e9 face \u00e0 la JL Bourg ce mercredi, \u00e0 l\u2019Adidas Arena, lors du premier&hellip;\n","protected":false},"author":2,"featured_media":152888,"comment_status":"","ping_status":"","sticky":false,"template":"","format":"standard","meta":{"footnotes":""},"categories":[1888],"tags":[1111,1928,11,1927,2190,1465,1464,3146,2180,2192,814,64,1777,450,2183,674,1011,27,2191,2193,820,2181,2182,12,1926,626,2179,1925,2189,2186,2184,2185,25,1980,2188,2187],"class_list":{"0":"post-152887","1":"post","2":"type-post","3":"status-publish","4":"format-standard","5":"has-post-thumbnail","7":"category-paris","8":"tag-actu","9":"tag-actu-paris","10":"tag-actualites","11":"tag-actualites-paris","12":"tag-asvel","13":"tag-basket","14":"tag-basketball","15":"tag-betclic-elite","16":"tag-championnats-deurope","17":"tag-cholet","18":"tag-direct","19":"tag-equipe-de-france","20":"tag-eu","21":"tag-euro","22":"tag-euroligue","23":"tag-europe","24":"tag-fr","25":"tag-france","26":"tag-le-mans","27":"tag-limoges","28":"tag-live","29":"tag-mondial","30":"tag-nba","31":"tag-news","32":"tag-news-paris","33":"tag-paris","34":"tag-paris-basketball","35":"tag-paris-news","36":"tag-photos","37":"tag-play-offs","38":"tag-pro-a","39":"tag-pro-b","40":"tag-republique-francaise","41":"tag-resultats","42":"tag-statistiques","43":"tag-stats"},"share_on_mastodon":{"url":"https:\/\/pubeurope.com\/@fr\/114628417510325184","error":""},"_links":{"self":[{"href":"https:\/\/www.europesays.com\/fr\/wp-json\/wp\/v2\/posts\/152887","targetHints":{"allow":["GET"]}}],"collection":[{"href":"https:\/\/www.europesays.com\/fr\/wp-json\/wp\/v2\/posts"}],"about":[{"href":"https:\/\/www.europesays.com\/fr\/wp-json\/wp\/v2\/types\/post"}],"author":[{"embeddable":true,"href":"https:\/\/www.europesays.com\/fr\/wp-json\/wp\/v2\/users\/2"}],"replies":[{"embeddable":true,"href":"https:\/\/www.europesays.com\/fr\/wp-json\/wp\/v2\/comments?post=152887"}],"version-history":[{"count":0,"href":"https:\/\/www.europesays.com\/fr\/wp-json\/wp\/v2\/posts\/152887\/revisions"}],"wp:featuredmedia":[{"embeddable":true,"href":"https:\/\/www.europesays.com\/fr\/wp-json\/wp\/v2\/media\/152888"}],"wp:attachment":[{"href":"https:\/\/www.europesays.com\/fr\/wp-json\/wp\/v2\/media?parent=152887"}],"wp:term":[{"taxonomy":"category","embeddable":true,"href":"https:\/\/www.europesays.com\/fr\/wp-json\/wp\/v2\/categories?post=152887"},{"taxonomy":"post_tag","embeddable":true,"href":"https:\/\/www.europesays.com\/fr\/wp-json\/wp\/v2\/tags?post=152887"}],"curies":[{"name":"wp","href":"https:\/\/api.w.org\/{rel}","templated":true}]}}