{"id":152889,"date":"2025-06-05T02:33:16","date_gmt":"2025-06-05T02:33:16","guid":{"rendered":"https:\/\/www.europesays.com\/fr\/152889\/"},"modified":"2025-06-05T02:33:16","modified_gmt":"2025-06-05T02:33:16","slug":"les-nocturnes-des-musees-a-faire-a-paris-cet-ete","status":"publish","type":"post","link":"https:\/\/www.europesays.com\/fr\/152889\/","title":{"rendered":"Les nocturnes des mus\u00e9es \u00e0 faire \u00e0 Paris cet \u00e9t\u00e9"},"content":{"rendered":"<p><strong>Quand ?<\/strong> Tous les vendredis jusqu\u2019\u00e0 22h.<\/p>\n<p>Artemisia Gentileschi, Ya\u00ebl et Sis\u00e9ra, 1620. Huile sur toile, 93 x 128 cm.\u00a9 Sz\u00e9pm\u0171v\u00e9szeti M\u00fazeum \/ Museum of Fine Arts Budapest 2025<\/p>\n<p>Le Monde selon l\u2019IA au Jeu de Paume<\/p>\n<p>Le Monde selon l\u2019IA pr\u00e9sente une s\u00e9lection d\u2019\u0153uvres (pour la plupart in\u00e9dites) d\u2019artistes qui, au cours de ces dix derni\u00e8res ann\u00e9es, se sont empar\u00e9s des liens \u2013 tant\u00f4t r\u00e9jouissants, tant\u00f4t effrayants \u2013 qui unissent l\u2019intelligence artificielle \u00e0 l\u2019art, que ce soit la photographie, le cin\u00e9ma, la sculpture ou la litt\u00e9rature.<\/p>\n<p><strong>Quand ?<\/strong> Les mardis jusqu\u2019\u00e0 21h.<\/p>\n<p>Erik Bullot, Cin\u00e9ma vivant (2024). Tirages num\u00e9riques de 12 images g\u00e9n\u00e9r\u00e9es par le mod\u00e8le de diffusion Lexica, 40 \u00d7 45 cm chacun. Avec le soutien du Jeu de Paume, Paris.\u00a9 Erik Bullot<\/p>\n<p>Paul Poiret, La Mode est une f\u00eate au Mus\u00e9e des Arts d\u00e9coratifs<\/p>\n<p>Cet \u00e9t\u00e9, le Mus\u00e9e des Arts d\u00e9coratifs pr\u00e9sente la premi\u00e8re monographie d\u00e9di\u00e9e \u00e0 <a href=\"https:\/\/www.vogue.fr\/article\/paul-poiret-la-mode-est-une-fete-exposition-paris-musee-des-arts-decoratifs\" target=\"_blank\" rel=\"nofollow noopener\"><strong>Paul Poiret<\/strong><\/a>. L\u2019exposition permet de d\u00e9couvrir l\u2019esprit novateur du couturier fran\u00e7ais \u00e0 travers des dessins, des photographies, des illustrations, des affiches, avec une s\u00e9lection d\u2019\u0153uvres, de documents, de t\u00e9moignages et de ses nombreuses inspirations qui l\u2019ont marqu\u00e9 au cours de sa vie\u2026 de son admiration pour les ballets russes \u00e0 sa collaboration avec le peintre <strong>Raoul Dufy<\/strong>, jusqu\u2019\u00e0 l\u2019Exposition internationale des arts d\u00e9coratifs et industriels modernes de 1925.<\/p>\n","protected":false},"excerpt":{"rendered":"Quand ? Tous les vendredis jusqu\u2019\u00e0 22h. Artemisia Gentileschi, Ya\u00ebl et Sis\u00e9ra, 1620. Huile sur toile, 93 x&hellip;\n","protected":false},"author":2,"featured_media":152890,"comment_status":"","ping_status":"","sticky":false,"template":"","format":"standard","meta":{"footnotes":""},"categories":[1888],"tags":[11,1777,674,1349,1011,27,7107,12,626,2551,25,27735],"class_list":{"0":"post-152889","1":"post","2":"type-post","3":"status-publish","4":"format-standard","5":"has-post-thumbnail","7":"category-paris","8":"tag-actualites","9":"tag-eu","10":"tag-europe","11":"tag-expositions","12":"tag-fr","13":"tag-france","14":"tag-musees","15":"tag-news","16":"tag-paris","17":"tag-patrimoine","18":"tag-republique-francaise","19":"tag-special-ete"},"share_on_mastodon":{"url":"https:\/\/pubeurope.com\/@fr\/114628421555213475","error":""},"_links":{"self":[{"href":"https:\/\/www.europesays.com\/fr\/wp-json\/wp\/v2\/posts\/152889","targetHints":{"allow":["GET"]}}],"collection":[{"href":"https:\/\/www.europesays.com\/fr\/wp-json\/wp\/v2\/posts"}],"about":[{"href":"https:\/\/www.europesays.com\/fr\/wp-json\/wp\/v2\/types\/post"}],"author":[{"embeddable":true,"href":"https:\/\/www.europesays.com\/fr\/wp-json\/wp\/v2\/users\/2"}],"replies":[{"embeddable":true,"href":"https:\/\/www.europesays.com\/fr\/wp-json\/wp\/v2\/comments?post=152889"}],"version-history":[{"count":0,"href":"https:\/\/www.europesays.com\/fr\/wp-json\/wp\/v2\/posts\/152889\/revisions"}],"wp:featuredmedia":[{"embeddable":true,"href":"https:\/\/www.europesays.com\/fr\/wp-json\/wp\/v2\/media\/152890"}],"wp:attachment":[{"href":"https:\/\/www.europesays.com\/fr\/wp-json\/wp\/v2\/media?parent=152889"}],"wp:term":[{"taxonomy":"category","embeddable":true,"href":"https:\/\/www.europesays.com\/fr\/wp-json\/wp\/v2\/categories?post=152889"},{"taxonomy":"post_tag","embeddable":true,"href":"https:\/\/www.europesays.com\/fr\/wp-json\/wp\/v2\/tags?post=152889"}],"curies":[{"name":"wp","href":"https:\/\/api.w.org\/{rel}","templated":true}]}}