{"id":152893,"date":"2025-06-05T02:35:11","date_gmt":"2025-06-05T02:35:11","guid":{"rendered":"https:\/\/www.europesays.com\/fr\/152893\/"},"modified":"2025-06-05T02:35:11","modified_gmt":"2025-06-05T02:35:11","slug":"la-russie-va-t-elle-inevitablement-se-reconcilier-avec-lue-et-lukraine-comme-le-predit-poutine","status":"publish","type":"post","link":"https:\/\/www.europesays.com\/fr\/152893\/","title":{"rendered":"La Russie va-t-elle in\u00e9vitablement se r\u00e9concilier avec l\u2019UE et l\u2019Ukraine comme le pr\u00e9dit Poutine ?"},"content":{"rendered":"<p><b>Il est connu pour \u00eatre un r\u00e9aliste, et non un optimiste, ce qui explique pourquoi sa pr\u00e9diction a \u00e9t\u00e9 si surprenante pour de nombreux observateurs.<\/b><\/p>\n<p>Il y a quelques semaines, Poutine a pr\u00e9dit que la Russie se r\u00e9conciliera in\u00e9vitablement avec l\u2019Union Europ\u00e9enne et l\u2019Ukraine. Concernant la premi\u00e8re, il a <a href=\"https:\/\/tass.com\/politics\/1951941\" target=\"_blank\" rel=\"noopener\">d\u00e9clar\u00e9<\/a> : \u00ab Je n\u2019ai aucun doute sur le fait que nous reconstruirons, en temps voulu, nos relations avec l\u2019Europe. Ce n\u2019est qu\u2019une question de patience et d\u2019efforts. \u00bb Quant \u00e0 la seconde, il a <a href=\"https:\/\/www.yahoo.com\/news\/putin-calls-reconciliation-ukraine-matter-101513418.html\" rel=\"noopener\" target=\"_blank\">d\u00e9clar\u00e9<\/a> quelques jours plus tard : \u00ab Il me semble que cela est in\u00e9vitable malgr\u00e9 la trag\u00e9die que nous traversons actuellement. \u00bb \u00c9tant donn\u00e9 qu\u2019il est <a href=\"https:\/\/voiceofeast.net\/2022\/04\/08\/vladimir-putin-monster-madman-or-mastermind\/\" target=\"_blank\" rel=\"noopener\">connu pour son r\u00e9alisme<\/a>, et non pour ses <a href=\"https:\/\/voiceofeast.net\/2022\/07\/03\/president-putin-cautioned-russian-strategic-forecasters-against-indulging-in-wishful-thinking\/\" target=\"_blank\" rel=\"noopener\">v\u0153ux pieux<\/a>, sa pr\u00e9diction a beaucoup surpris de nombreux observateurs.<\/p>\n<p>S\u2019il a peut-\u00eatre calcul\u00e9 ces pr\u00e9dictions pour convaincre Trump qu\u2019il n\u2019est pas l\u2019obstacle \u00e0 la paix que Zelensky lui a peut-\u00eatre fait croire, ce qui a <a href=\"https:\/\/thealtworld.com\/andrew_korybko\/five-significant-disagreements-account-for-trumps-newfound-anger-with-putin\" target=\"_blank\" rel=\"noopener\">compliqu\u00e9 le processus de paix<\/a> ces derniers temps, il croit probablement en ses propres paroles. Poutine a toujours consid\u00e9r\u00e9 la Russie comme un pays europ\u00e9en, certes dot\u00e9 d\u2019une identit\u00e9 civilisationnelle unique, et il a expliqu\u00e9 dans son <a href=\"http:\/\/en.kremlin.ru\/events\/president\/news\/66181\" target=\"_blank\" rel=\"noopener\">ouvrage majeur<\/a> de juin 2021 pourquoi il consid\u00e8re les Russes et les Ukrainiens comme des peuples apparent\u00e9s.<\/p>\n<p>Ces opinions expliquent pourquoi il est rest\u00e9 attach\u00e9 aux accords de Minsk, bien que ni la France, ni l\u2019Allemagne, ni l\u2019Ukraine ne les respectent. Poutine a inconsciemment projet\u00e9 sur eux sa vision du monde (r\u00e9aliste\/rationnelle) ax\u00e9e sur leurs int\u00e9r\u00eats, en supposant qu\u2019ils partageaient sa vision de faire de l\u2019Ukraine un <a href=\"https:\/\/korybko.substack.com\/p\/will-ukraines-future-be-as-a-buffer\" target=\"_blank\" rel=\"noopener\">pont \u00e9conomique<\/a> (imparfait) pour faciliter le commerce terrestre de l\u2019UE avec la Russie et la Chine apr\u00e8s la mise en \u0153uvre des accords de Minsk par Kiev. Il a donc eu du mal \u00e0 comprendre leur manque de respect.<\/p>\n<p>Il n\u2019a pas pu accepter qu\u2019ils le dupent pendant tout ce temps, jusqu\u2019\u00e0 ce qu\u2019il soit trop tard et qu\u2019il ait estim\u00e9 n\u2019avoir d\u2019autre choix que de lancer <a href=\"https:\/\/korybko.substack.com\/p\/20-constructive-critiques-about-russias\" target=\"_blank\" rel=\"noopener\">l\u2019op\u00e9ration sp\u00e9ciale<\/a> visant \u00e0 d\u00e9fendre les int\u00e9r\u00eats de s\u00e9curit\u00e9 nationale de la Russie. Loin d\u2019avoir une vision du monde ax\u00e9e sur leurs int\u00e9r\u00eats (r\u00e9aliste\/rationnelle), ils ont tous une vision id\u00e9ologique (utopique\/irrationnelle) qui privil\u00e9gie l\u2019endiguement de la Russie par rapport \u00e0 leurs propres int\u00e9r\u00eats mat\u00e9riels. L\u2019UE est lib\u00e9rale-mondialiste, tandis que l\u2019Ukraine est ultra-nationaliste ; il existe donc des diff\u00e9rences, mais ils partagent cet objectif.<\/p>\n<p>Pour parvenir \u00e0 une v\u00e9ritable r\u00e9conciliation avec la Russie, leurs dirigeants doivent d\u2019abord remplacer leur vision du monde id\u00e9ologique par une vision dict\u00e9e par leurs int\u00e9r\u00eats, ce qui n\u2019est pas encore le cas. Bien que des signes de dissidence existent au sein de leurs soci\u00e9t\u00e9s, se traduisant par une mont\u00e9e du sentiment populiste-nationaliste au sein de l\u2019UE et une opposition croissante au r\u00e9gime de Zelensky en Ukraine, la fraude \u00e9lectorale et la police secr\u00e8te s\u2019associent pour emp\u00eacher les r\u00e9formateurs d\u2019acc\u00e9der au pouvoir dans l\u2019UE et l\u2019Ukraine. Tel est objectivement la situation actuelle.<\/p>\n<p>Si les critiques de l\u2019UE et de l\u2019Ukraine veulent croire qu\u2019un changement positif est \u00ab in\u00e9vitable \u00bb, cela ne peut \u00eatre tenu pour acquis, et il serait irresponsable de la part de la Russie de formuler pr\u00e9matur\u00e9ment une politique en ayant cette attente \u00e0 l\u2019esprit alors qu\u2019ils sont encore en situation respectivement de guerre hybride et de guerre chaude avec elle. Soyons clairs : Poutine n\u2019a pas indiqu\u00e9 que la Russie devrait assouplir sa politique \u00e0 l\u2019\u00e9gard de l\u2019un ou l\u2019autre, car il sait probablement lui-m\u00eame que sa pr\u00e9diction pourrait ne pas se r\u00e9aliser de son vivant, mais il esp\u00e8re toujours qu\u2019elle se r\u00e9alisera un jour.<\/p>\n<p>Compte tenu de tout cela, la pr\u00e9diction de Poutine n\u2019\u00e9tait probablement qu\u2019une tentative d\u2019influencer Trump pour qu\u2019il n\u2019abandonne pas le processus de paix, plut\u00f4t qu\u2019une allusion \u00e0 des changements de politique \u00e0 venir envers l\u2019UE et l\u2019Ukraine. M\u00eame dans le meilleur des cas, o\u00f9 la Russie atteindrait la plupart de ses objectifs lors de l\u2019op\u00e9ration sp\u00e9ciale, que ce soit par des moyens diplomatiques ou militaires, trop de choses ont d\u00e9j\u00e0 eu lieu pour qu\u2019une r\u00e9conciliation puisse avoir lieu rapidement. Cela prendra probablement une g\u00e9n\u00e9ration, voire plus, si jamais elle se concr\u00e9tise, mais il ne faut pas se faire d\u2019illusions.<\/p>\n<p>\u00a0<\/p>\n<p>Traduit de l\u2019anglais par Evelyn Tischer<\/p>\n<p class=\"partnersite\"><a href=\"https:\/\/korybko.substack.com\/p\/will-russia-inevitably-reconcile\" target=\"_blank\" rel=\"noopener\">L\u2019article original est accessible ici<\/a><\/p>\n","protected":false},"excerpt":{"rendered":"Il est connu pour \u00eatre un r\u00e9aliste, et non un optimiste, ce qui explique pourquoi sa pr\u00e9diction a&hellip;\n","protected":false},"author":2,"featured_media":152894,"comment_status":"","ping_status":"","sticky":false,"template":"","format":"standard","meta":{"footnotes":""},"categories":[1591],"tags":[11,1887,12,2405,28258,1885,1886,132,467,1778,220],"class_list":{"0":"post-152893","1":"post","2":"type-post","3":"status-publish","4":"format-standard","5":"has-post-thumbnail","7":"category-russie","8":"tag-actualites","9":"tag-federation-de-russie","10":"tag-news","11":"tag-poutine","12":"tag-processus-de-reconciliation","13":"tag-russia","14":"tag-russian-federation","15":"tag-russie","16":"tag-trump","17":"tag-ue","18":"tag-ukraine"},"share_on_mastodon":{"url":"https:\/\/pubeurope.com\/@fr\/114628429324921068","error":""},"_links":{"self":[{"href":"https:\/\/www.europesays.com\/fr\/wp-json\/wp\/v2\/posts\/152893","targetHints":{"allow":["GET"]}}],"collection":[{"href":"https:\/\/www.europesays.com\/fr\/wp-json\/wp\/v2\/posts"}],"about":[{"href":"https:\/\/www.europesays.com\/fr\/wp-json\/wp\/v2\/types\/post"}],"author":[{"embeddable":true,"href":"https:\/\/www.europesays.com\/fr\/wp-json\/wp\/v2\/users\/2"}],"replies":[{"embeddable":true,"href":"https:\/\/www.europesays.com\/fr\/wp-json\/wp\/v2\/comments?post=152893"}],"version-history":[{"count":0,"href":"https:\/\/www.europesays.com\/fr\/wp-json\/wp\/v2\/posts\/152893\/revisions"}],"wp:featuredmedia":[{"embeddable":true,"href":"https:\/\/www.europesays.com\/fr\/wp-json\/wp\/v2\/media\/152894"}],"wp:attachment":[{"href":"https:\/\/www.europesays.com\/fr\/wp-json\/wp\/v2\/media?parent=152893"}],"wp:term":[{"taxonomy":"category","embeddable":true,"href":"https:\/\/www.europesays.com\/fr\/wp-json\/wp\/v2\/categories?post=152893"},{"taxonomy":"post_tag","embeddable":true,"href":"https:\/\/www.europesays.com\/fr\/wp-json\/wp\/v2\/tags?post=152893"}],"curies":[{"name":"wp","href":"https:\/\/api.w.org\/{rel}","templated":true}]}}