{"id":152897,"date":"2025-06-05T02:37:11","date_gmt":"2025-06-05T02:37:11","guid":{"rendered":"https:\/\/www.europesays.com\/fr\/152897\/"},"modified":"2025-06-05T02:37:11","modified_gmt":"2025-06-05T02:37:11","slug":"theorie-du-pentagon-pizza-meter-quand-la-pizza-devient-un-indicateur-geopolitique","status":"publish","type":"post","link":"https:\/\/www.europesays.com\/fr\/152897\/","title":{"rendered":"Th\u00e9orie du \u00ab\u00a0Pentagon Pizza Meter\u00a0\u00bb, quand la pizza devient un indicateur g\u00e9opolitique"},"content":{"rendered":"<p>Cela pourrait pr\u00eater \u00e0 rire, mais certains internautes prennent la chose tr\u00e8s au s\u00e9rieux. Depuis quelques ann\u00e9es, une th\u00e9orie farfelue mais persistante attire l\u2019attention\u00a0: et si les commandes de <a href=\"https:\/\/www.20minutes.fr\/dossier\/pizza\" target=\"_blank\" class=\"color-ultramarine c-link\" rel=\"noopener\">pizza<\/a> autour du <a href=\"https:\/\/www.20minutes.fr\/monde\/pentagone\/\" target=\"_blank\" class=\"color-ultramarine c-link\" rel=\"noopener\">Pentagone<\/a> annon\u00e7aient les grandes secousses g\u00e9opolitiques\u00a0? Popularis\u00e9e par le site <a href=\"https:\/\/www.thetakeout.com\/1755640\/pentagon-pizza-theory-explained\/\" rel=\"nofollow noopener\" target=\"_blank\" class=\"color-ultramarine c-link\">The Takeout<\/a>, cette id\u00e9e improbable fait un retour remarqu\u00e9 \u00e0 l\u2019heure des r\u00e9seaux sociaux \u2013 avec une bonne dose d\u2019humour, mais aussi un soup\u00e7on de suspicion.<\/p>\n<p>Tout remonte aux ann\u00e9es\u00a01990. A cette \u00e9poque, Frank Meeks, un franchis\u00e9 Domino\u2019s bien implant\u00e9 \u00e0 Washington, avait remarqu\u00e9 une recrudescence soudaine des livraisons vers les b\u00e2timents de la CIA\u2026 la veille de l\u2019invasion du Kowe\u00eft par l\u2019Irak. Ce qu\u2019il pensait \u00eatre une co\u00efncidence s\u2019est r\u00e9p\u00e9t\u00e9 plusieurs fois au fil des ans. Depuis, une poign\u00e9e d\u2019observateurs scrutent les alentours du Pentagone comme d\u2019autres lisent des bulletins m\u00e9t\u00e9o.<\/p>\n<p>@PenPizzaReport, le compte qui guette la guerre<\/p>\n<p>Car l\u2019id\u00e9e, au fond, est assez logique\u00a0: lorsqu\u2019un \u00e9v\u00e9nement grave se profile, les \u00e9quipes du D\u00e9partement de la D\u00e9fense se mobilisent, travaillent tard \u2013 et finissent par commander \u00e0 manger. Et quoi de plus rapide et bon march\u00e9 qu\u2019une pizza\u00a0? R\u00e9sultat\u00a0: un pic de livraisons pourrait signaler, en creux, une crise en gestation.<\/p>\n<\/p>\n<p>Avec les r\u00e9seaux sociaux, cette \u00ab\u00a0Pizza Theory\u00a0\u00bb a trouv\u00e9 un nouveau terrain de jeu. Sur X, le compte<a href=\"https:\/\/x.com\/penpizzareport?lang=fr\" rel=\"nofollow\" target=\"_blank\" class=\"color-ultramarine c-link\">@PenPizzaReport<\/a> s\u2019est donn\u00e9 pour mission de surveiller en temps r\u00e9el l\u2019activit\u00e9 des pizzerias proches du Pentagone. Un peu par d\u00e9rision, beaucoup par curiosit\u00e9, ses publications m\u00ealent donn\u00e9es anecdotiques et clins d\u2019\u0153il \u00e0 l\u2019actualit\u00e9.<\/p>\n<p>Toutes les th\u00e9ories attirent le grand public<\/p>\n<p>Le 1er\u00a0juin 2025, le compte publiait\u00a0: \u00ab\u00a0A moins d\u2019une heure de la fermeture, le Domino\u2019s le plus proche du Pentagone conna\u00eet une affluence anormalement \u00e9lev\u00e9e.\u00a0\u00bb Quelques heures plus tard, des tensions s\u2019intensifiaient entre Isra\u00ebl et l\u2019Iran. Co\u00efncidence ou intuition\u00a0?<\/p>\n<p><a href=\"https:\/\/www.20minutes.fr\/monde\/etats-unis\/\" target=\"_blank\" class=\"c-link c-btn c-btn--primary\" rel=\"noopener\">Tous nos articles sur les Etats-Unis<\/a><\/p>\n<p>Dans une \u00e9poque satur\u00e9e d\u2019informations et de th\u00e9ories plus ou moins fumeuses, toutes les th\u00e9ories peuvent attirer l\u2019attention. Comme le souligne The Takeout, ces anecdotes montrent surtout \u00e0 quel point les signaux faibles, m\u00eame les plus inattendus, peuvent \u00e9veiller la curiosit\u00e9. Et ce n\u2019est s\u00fbrement pas Donald Trump qui dira le contraire.<\/p>\n","protected":false},"excerpt":{"rendered":"Cela pourrait pr\u00eater \u00e0 rire, mais certains internautes prennent la chose tr\u00e8s au s\u00e9rieux. Depuis quelques ann\u00e9es, une&hellip;\n","protected":false},"author":2,"featured_media":152898,"comment_status":"","ping_status":"","sticky":false,"template":"","format":"standard","meta":{"footnotes":""},"categories":[1589],"tags":[47,11,75,73,1866,74,12,1068,7401,938,28259,1864,1865,1863,308,2744],"class_list":{"0":"post-152897","1":"post","2":"type-post","3":"status-publish","4":"format-standard","5":"has-post-thumbnail","7":"category-etats-unis","8":"tag-actualite","9":"tag-actualites","10":"tag-donald-trump","11":"tag-etats-unis","12":"tag-etats-unis-damerique","13":"tag-monde","14":"tag-news","15":"tag-pentagone","16":"tag-pizza","17":"tag-reseaux-sociaux","18":"tag-twitter-x","19":"tag-united-states","20":"tag-united-states-of-america","21":"tag-us","22":"tag-usa","23":"tag-washington"},"share_on_mastodon":{"url":"https:\/\/pubeurope.com\/@fr\/114628437269926595","error":""},"_links":{"self":[{"href":"https:\/\/www.europesays.com\/fr\/wp-json\/wp\/v2\/posts\/152897","targetHints":{"allow":["GET"]}}],"collection":[{"href":"https:\/\/www.europesays.com\/fr\/wp-json\/wp\/v2\/posts"}],"about":[{"href":"https:\/\/www.europesays.com\/fr\/wp-json\/wp\/v2\/types\/post"}],"author":[{"embeddable":true,"href":"https:\/\/www.europesays.com\/fr\/wp-json\/wp\/v2\/users\/2"}],"replies":[{"embeddable":true,"href":"https:\/\/www.europesays.com\/fr\/wp-json\/wp\/v2\/comments?post=152897"}],"version-history":[{"count":0,"href":"https:\/\/www.europesays.com\/fr\/wp-json\/wp\/v2\/posts\/152897\/revisions"}],"wp:featuredmedia":[{"embeddable":true,"href":"https:\/\/www.europesays.com\/fr\/wp-json\/wp\/v2\/media\/152898"}],"wp:attachment":[{"href":"https:\/\/www.europesays.com\/fr\/wp-json\/wp\/v2\/media?parent=152897"}],"wp:term":[{"taxonomy":"category","embeddable":true,"href":"https:\/\/www.europesays.com\/fr\/wp-json\/wp\/v2\/categories?post=152897"},{"taxonomy":"post_tag","embeddable":true,"href":"https:\/\/www.europesays.com\/fr\/wp-json\/wp\/v2\/tags?post=152897"}],"curies":[{"name":"wp","href":"https:\/\/api.w.org\/{rel}","templated":true}]}}