{"id":15290,"date":"2025-04-10T15:32:20","date_gmt":"2025-04-10T15:32:20","guid":{"rendered":"https:\/\/www.europesays.com\/fr\/15290\/"},"modified":"2025-04-10T15:32:20","modified_gmt":"2025-04-10T15:32:20","slug":"montelimar-une-exposition-de-classe-mondiale-avec-les-photos-de-sebastiao-salgado-le-dauphine-libere","status":"publish","type":"post","link":"https:\/\/www.europesays.com\/fr\/15290\/","title":{"rendered":"Mont\u00e9limar. Une exposition de classe mondiale avec les photos de Sebasti\u00e3o Salgado &#8211; Le Dauphin\u00e9 Lib\u00e9r\u00e9"},"content":{"rendered":"<ol>\n<li><a href=\"https:\/\/news.google.com\/rss\/articles\/CBMiwgFBVV95cUxPdnZKR294ZjRoeVNOZVQxRnNlUUtoVXVCRk9aN2E5MVptNExyOWt0Yko2cklNNWNyRHk0MmZvdFM5ZWdhS25FM0tEVnBQbVI3X3hwUHVNeWktOFdoeW9CLUFHMlpja1V6QllyM2JIM3l3MXZpSXd3YVFZUWhMcnNvdDBGNlh1ZTBTS1d3R0RjMkkyQkthS2lBaVBUUXVyd0t5OUhVUV9Ocmt0N2FsTnJCRDB4ekZpcTVDcTVtQ3ZMUU5xdw?oc=5\" target=\"_blank\" rel=\"noopener\">Mont\u00e9limar. Une exposition de classe mondiale avec les photos de Sebasti\u00e3o Salgado<\/a>&nbsp;&nbsp;Le Dauphin\u00e9 Lib\u00e9r\u00e9<\/li>\n<li><a href=\"https:\/\/news.google.com\/rss\/articles\/CBMi7gFBVV95cUxNNG1Rd3ZUR0JtdFRuY3dhYUpSUHRNUW9ReXIxN1U1ZXNGd3VQRUNlMlZVei0zRUpaTTV5UF9JUEdGQmtrRWx2elM2LTlpMjFkNUhUaEFhRF93cFRTMmNQdjVlaE9aaG9PUTd2LUpvVTBHdU96WWU0LXF2dFd0TzVPMlpuZFNHeWttUmhPenppVDdWWGh5YWtOVFlDUXEtdldpN3d4ZTdWX2ZuYjBacUQtMGRiQV83ZHJfbG9tSXd4TFR6cUNpd25IVHctZXhtY2Q1RmpXd2l3R0trS2twRk9hQ183dlNzQ2FYSnU1VGNB?oc=5\" target=\"_blank\" rel=\"noopener\">Les choix de Fran\u00e7ois De Brigode : un voyage en Amazonie, un roman graphique et des performances in\u00e9dites d\u2019Ella Fitzgerald<\/a>&nbsp;&nbsp;RTBF<\/li>\n<li><a href=\"https:\/\/news.google.com\/rss\/articles\/CBMigwJBVV95cUxQSkJFbW9TdDVPcEllMERPbUlwa2RoZlUxWlFTczhTVklwNmJER3g4Tk1MM3ROeFVHS25HYjdyRGhSX0o5QlVCRjdpWklEY3d0R0NSM1pJYUpuaWlDd0VQbXFYMnJtdjFhZWVZNWVvS0NBcXR3ZU9WeG1KQU5kYkpKU19SV3ZCVGFDTWZrYVdXOWJMQXJobzNlaVctakdWOVZWa1lCQ2pLWTlsMnEzLV85V2pRRkpzZ3F1U3RvNkFiUjVvZ1R1ZmlteVdSTHVYWGZvTVA1MlpBeWg5VGxzbjg1VU1US1NCTGFUQVNhQjhHTENFOVdKVDJ1d01idDVBX29MYVZJ?oc=5\" target=\"_blank\" rel=\"noopener\">Jean-Michel Jarre a compos\u00e9 la musique de l&rsquo;exposition Amaz\u00f4nia de Sebast\u00e3o Salgado, \u00e0 Bruxelles (vid\u00e9o)<\/a>&nbsp;&nbsp;L&rsquo;Avenir<\/li>\n<li><a href=\"https:\/\/news.google.com\/rss\/articles\/CBMiqwFBVV95cUxNUEU4WnhrT2IyYXkwTl9CbjYyMXd1SHRPSFJ6REpJdXpQaUxlZzZLSVpZbS1qY0NTanJUdGhocTB2c2FlcERKRng5OTBEUmNlQ0ZpNUxrcTdoeUtYb21nSWxYWUhWZXRnajhmZ3RnRFhLZTRPMjM0WFhwNEFZaWdKQTJVLXZkTURGcndZb3F4SXhmZ09GQmhZbzdGZTRyYzRWM2wzX2NwSnhJNkU?oc=5\" target=\"_blank\" rel=\"noopener\">Sebasti\u00e3o Salgado au chevet de la for\u00eat amazonienne<\/a>&nbsp;&nbsp;L&rsquo;Echo<\/li>\n<li><a href=\"https:\/\/news.google.com\/rss\/articles\/CBMipwFBVV95cUxOb1dnbXJ1ZUZZRFhIeW5CYzBjVEZLYWtKV25IeWxRZTh6cTNrT3RqcHlRQ1k4NGYzVjBGQzhqOFlmYjE1ZS1xd00yMlU0cTNxbUhwWFlNLXB2YTh0T01qeU5kdnJBcFhNRS1rZTlKWDBUaHBPUU5vZEd0M2wyZFJ4aFlXQjBtZG5aX1NKaVU4Rm52WVc2TkpKbmFkT0ZERG45WE5maFpoMA?oc=5\" target=\"_blank\" rel=\"noopener\">Sebasti\u00e3o Salgado, une passion pour l\u2019humain et la plan\u00e8te<\/a>&nbsp;&nbsp;Le Soir<\/li>\n<\/ol>\n","protected":false},"excerpt":{"rendered":"Mont\u00e9limar. Une exposition de classe mondiale avec les photos de Sebasti\u00e3o Salgado&nbsp;&nbsp;Le Dauphin\u00e9 Lib\u00e9r\u00e9 Les choix de Fran\u00e7ois&hellip;\n","protected":false},"author":2,"featured_media":15291,"comment_status":"","ping_status":"","sticky":false,"template":"","format":"standard","meta":{"footnotes":""},"categories":[1358],"tags":[1348,1384,1385,1687,1386,58,2730,6436,59,2271,1011,27,6434,6435],"class_list":{"0":"post-15290","1":"post","2":"type-post","3":"status-publish","4":"format-standard","5":"has-post-thumbnail","7":"category-arts-et-design","8":"tag-arts","9":"tag-arts-and-design","10":"tag-arts-et-design","11":"tag-culture-loisirs","12":"tag-design","13":"tag-divertissement","14":"tag-drome","15":"tag-edition-montelimar-drome-provencale","16":"tag-entertainment","17":"tag-exposition-arts-plastiques","18":"tag-fr","19":"tag-france","20":"tag-montelimar","21":"tag-montelimar-bassin"},"share_on_mastodon":{"url":"https:\/\/pubeurope.com\/@fr\/114314395222156350","error":""},"_links":{"self":[{"href":"https:\/\/www.europesays.com\/fr\/wp-json\/wp\/v2\/posts\/15290","targetHints":{"allow":["GET"]}}],"collection":[{"href":"https:\/\/www.europesays.com\/fr\/wp-json\/wp\/v2\/posts"}],"about":[{"href":"https:\/\/www.europesays.com\/fr\/wp-json\/wp\/v2\/types\/post"}],"author":[{"embeddable":true,"href":"https:\/\/www.europesays.com\/fr\/wp-json\/wp\/v2\/users\/2"}],"replies":[{"embeddable":true,"href":"https:\/\/www.europesays.com\/fr\/wp-json\/wp\/v2\/comments?post=15290"}],"version-history":[{"count":0,"href":"https:\/\/www.europesays.com\/fr\/wp-json\/wp\/v2\/posts\/15290\/revisions"}],"wp:featuredmedia":[{"embeddable":true,"href":"https:\/\/www.europesays.com\/fr\/wp-json\/wp\/v2\/media\/15291"}],"wp:attachment":[{"href":"https:\/\/www.europesays.com\/fr\/wp-json\/wp\/v2\/media?parent=15290"}],"wp:term":[{"taxonomy":"category","embeddable":true,"href":"https:\/\/www.europesays.com\/fr\/wp-json\/wp\/v2\/categories?post=15290"},{"taxonomy":"post_tag","embeddable":true,"href":"https:\/\/www.europesays.com\/fr\/wp-json\/wp\/v2\/tags?post=15290"}],"curies":[{"name":"wp","href":"https:\/\/api.w.org\/{rel}","templated":true}]}}