{"id":152907,"date":"2025-06-05T02:42:16","date_gmt":"2025-06-05T02:42:16","guid":{"rendered":"https:\/\/www.europesays.com\/fr\/152907\/"},"modified":"2025-06-05T02:42:16","modified_gmt":"2025-06-05T02:42:16","slug":"attaque-raciste-du-var-le-rn-se-plaint-des-consequences-dont-il-cherit-les-causes-mediapart","status":"publish","type":"post","link":"https:\/\/www.europesays.com\/fr\/152907\/","title":{"rendered":"Attaque raciste du Var : le RN se plaint des cons\u00e9quences dont il ch\u00e9rit les causes &#8211; Mediapart"},"content":{"rendered":"<ol>\n<li><a href=\"https:\/\/news.google.com\/rss\/articles\/CBMixwFBVV95cUxQbDZfZi03TExEZE45NFRfek8zWU1LSXdtdU9VY1NpSVg0X3FQa2xuNWczTEdqRlhvU1c3QjlZNWRlaVl5eW1fZ2VEMk5BSFRtUEVYZ2JTcFlxXzRFM2MxazBrdkxtTC1hM1c5MFJndkhXMWVoTW42N3psX2NCaVROVXB6bktjZzAxSkR3OER2WTB0TXI1ajMtWW5UbEYwWVVGb1M5eXl4d2RmOXVPMDBrWXZ1UE9vTllfUUkyQi1DYnAzYVJSMW5F?oc=5\" target=\"_blank\" rel=\"nofollow noopener\">Attaque raciste du Var : le RN se plaint des cons\u00e9quences dont il ch\u00e9rit les causes<\/a>&nbsp;&nbsp;Mediapart<\/li>\n<li><a href=\"https:\/\/news.google.com\/rss\/articles\/CBMixAJBVV95cUxNOVF0WF8yS3hDWGFUTnU0M0VQdHd5dzhmdmdIWm5MRGl5VWJid0VLWlE3ZW1SZTZvREhMYWlabDk5LXlrVlFCMWh3bzMyYm5CUk5idlozbENXV3dCUTF3dk16MUJUc0E4YnpyZWNRQm42QkdTUzBPWC1KV0N2Nl9FZGxxa0VkNXFQQVRIN0VWUkxSUXNxeEZBYnI4Rnhadl9DanFNYWUxbERLRFZBMWVfNlZVZURWclpFVUF1MnVuMF8yVG40RVp4aF95eGVFYU5EcHFtdW04RDE4T1ZNNlIxZVRrbm9uVk1NQ3hLNm90RmpEQjZxWWY2R3hkWjZVWWtYcVQyWncxeU1LT2ZQNWdoTk44cVQ5V2JtVTBnS05uT3lvYjRQYzcwV20zTWtUdHk5Vk92YndPZ1NKRzZTRGJMa19KYVY?oc=5\" target=\"_blank\" rel=\"nofollow noopener\">\u00ab J\u2019ai sali mon \u00e2me, mais putain, les Fran\u00e7ais, r\u00e9veillez-vous ! \u00bb : ce que contiennent les vid\u00e9os de revendication du suspect de l\u2019attentat raciste dans le Var<\/a>&nbsp;&nbsp;Le Monde.fr<\/li>\n<li><a href=\"https:\/\/news.google.com\/rss\/articles\/CBMizgFBVV95cUxNcmlnYWNMYS1FMDBYLVdxbnRMWURVbnhINnJTTHJXQ3hXNTZnTHE1UW8xb1dfVHFjXzEyck1YZUMyUGE2Q0U5NXcwamFZaFB6R3QtcnBoUXEwSDV3U2hxY0dGazZLdEkzdG5NMnMzYVVRaUxlejVmVjNxaFd6dHIyY29HZ2xNV0hrZHJUZUxqa1RRVDFCaGg3LWFIM3NaRm92WTBHRUJsa0tNb3Bwdm9hQ0VuN2dTSFBZZlBUS2RVQU5qSHZXaHJkRV85LUVpQQ?oc=5\" target=\"_blank\" rel=\"nofollow noopener\">\u00ab Cette haine, pourquoi ? \u00bb : Puget-sur-Argens pleure Hichem, tu\u00e9 par son voisin raciste<\/a>&nbsp;&nbsp;Charente Libre<\/li>\n<li><a href=\"https:\/\/news.google.com\/rss\/articles\/CBMi1gFBVV95cUxQbXZJdkx6YUR4bGIzdXNwb2l1TDQ5TDhBRE5wOFN1THZHelhtS3BJVXRBc1pvSjhSMWFsNm1ycW4zazk3Zi1wWG01UldzWndrNFZQTGkxZXJKTnBDZ3lVcW5WSGZDbVk5eXkxZ19aUmx1R3haSVlSaW82ekd4bEY5LUlNQU5BWXZrbzFqYmZaSXFOV3ByRzN5NWpLRkk5QkJUVV94ZjI5VmxXZEZ4LXpGOXhsTWE4UndZMWUtSnotWUYyblp2RXdtMHp5M0hjNDF4T3hYeGFn?oc=5\" target=\"_blank\" rel=\"nofollow noopener\">Meurtre d\u2019un Tunisien dans le Var: \u00abLa France n\u2019est pas raciste\u00bb, r\u00e9pond \u00c9ric Ciotti \u00e0 Olivier Faure<\/a>&nbsp;&nbsp;Le Figaro<\/li>\n<li><a href=\"https:\/\/news.google.com\/rss\/articles\/CBMi9gFBVV95cUxPM3h3Mk5WalduWnY3REt6S2FXdThvWVpEZ2h4Sm9USGxpdU5VeVpFM1ZnUG51S0Q0blJtam5oQmNZUG41ZXVhRlJpOXdHM3M5YmlSak82dGZzM3l0bTMzRDRneHBpOUFZNFk0aGpianp1TWN1NDFROHFnV3FJX0duakxuNkhDUzBPVXpoNDRoeU5nOEJMYzQ4VDRheFNzeXpiYS1nNElONklGR1ZuOVVVTFNEZG8zeGg2RnZOYWgybGZUU3NZYjRHTmY2WVZJYktTM1YxVVVUVmpNT21sOEh1ZkNBUTJZRUVRTkVLSXdvdExwYVFxZnc?oc=5\" target=\"_blank\" rel=\"nofollow noopener\">Meurtre raciste dans le Var: \u00ab\u00a0Il serait pass\u00e9 \u00e0 l&rsquo;acte d&rsquo;une mani\u00e8re ou d&rsquo;une autre\u00a0\u00bb, d\u00e9clare Laurent Jacobelli (RN)<\/a>&nbsp;&nbsp;BFMTV<\/li>\n<\/ol>\n","protected":false},"excerpt":{"rendered":"Attaque raciste du Var : le RN se plaint des cons\u00e9quences dont il ch\u00e9rit les causes&nbsp;&nbsp;Mediapart \u00ab J\u2019ai&hellip;\n","protected":false},"author":2,"featured_media":152908,"comment_status":"","ping_status":"","sticky":false,"template":"","format":"standard","meta":{"footnotes":""},"categories":[2],"tags":[11,28260,1076,1011,27,28261,12,1078,25],"class_list":{"0":"post-152907","1":"post","2":"type-post","3":"status-publish","4":"format-standard","5":"has-post-thumbnail","7":"category-actualites","8":"tag-actualites","9":"tag-christophe-belgembe","10":"tag-extreme-droite","11":"tag-fr","12":"tag-france","13":"tag-hichem-miraoui","14":"tag-news","15":"tag-rassemblement-national","16":"tag-republique-francaise"},"share_on_mastodon":{"url":"https:\/\/pubeurope.com\/@fr\/114628456853354502","error":""},"_links":{"self":[{"href":"https:\/\/www.europesays.com\/fr\/wp-json\/wp\/v2\/posts\/152907","targetHints":{"allow":["GET"]}}],"collection":[{"href":"https:\/\/www.europesays.com\/fr\/wp-json\/wp\/v2\/posts"}],"about":[{"href":"https:\/\/www.europesays.com\/fr\/wp-json\/wp\/v2\/types\/post"}],"author":[{"embeddable":true,"href":"https:\/\/www.europesays.com\/fr\/wp-json\/wp\/v2\/users\/2"}],"replies":[{"embeddable":true,"href":"https:\/\/www.europesays.com\/fr\/wp-json\/wp\/v2\/comments?post=152907"}],"version-history":[{"count":0,"href":"https:\/\/www.europesays.com\/fr\/wp-json\/wp\/v2\/posts\/152907\/revisions"}],"wp:featuredmedia":[{"embeddable":true,"href":"https:\/\/www.europesays.com\/fr\/wp-json\/wp\/v2\/media\/152908"}],"wp:attachment":[{"href":"https:\/\/www.europesays.com\/fr\/wp-json\/wp\/v2\/media?parent=152907"}],"wp:term":[{"taxonomy":"category","embeddable":true,"href":"https:\/\/www.europesays.com\/fr\/wp-json\/wp\/v2\/categories?post=152907"},{"taxonomy":"post_tag","embeddable":true,"href":"https:\/\/www.europesays.com\/fr\/wp-json\/wp\/v2\/tags?post=152907"}],"curies":[{"name":"wp","href":"https:\/\/api.w.org\/{rel}","templated":true}]}}