{"id":152920,"date":"2025-06-05T02:52:09","date_gmt":"2025-06-05T02:52:09","guid":{"rendered":"https:\/\/www.europesays.com\/fr\/152920\/"},"modified":"2025-06-05T02:52:09","modified_gmt":"2025-06-05T02:52:09","slug":"cyclisme-criterium-du-dauphine-uae-et-tadej-pogacar-nont-pas-peur-de-jonas-vingegaard","status":"publish","type":"post","link":"https:\/\/www.europesays.com\/fr\/152920\/","title":{"rendered":"Cyclisme. Crit\u00e9rium du Dauphin\u00e9 &#8211; UAE et Tadej Pogacar n&rsquo;ont \u00abpas peur de Jonas Vingegaard\u00bb"},"content":{"rendered":"<p>\u00c0 un mois seulement du <strong>Tour de France<\/strong>, les cadors du cyclisme mondial vont se retrouver d\u00e8s ce dimanche 8 juin pour la 77e \u00e9dition du <strong><a href=\"https:\/\/www.cyclismactu.net\/..\/news-cyclisme-route-criterium-du-dauphine-les-parcours-et-profils-du-criterium-du-dauphine-2025-88190.html\" target=\"_blank\" rel=\"nofollow noopener\">Crit\u00e9rium du Dauphin\u00e9<\/a><\/strong>. Avant leur cinqui\u00e8me affrontement sur la Grande Boucle, <strong>Tadej Pogacar<\/strong> et <strong><a href=\"https:\/\/www.cyclismactu.net\/..\/news-cyclisme-route-criterium-du-dauphine-jonas-vingegaard-je-suis-une-personne-differente-88214.html\" target=\"_blank\" rel=\"nofollow noopener\">Jonas Vingegaard<\/a><\/strong> vont librer un premier duel afin de se tester sur les routes du <strong>Dauphin\u00e9<\/strong>. Le champion du monde slov\u00e8ne tentera de remporter pour la premi\u00e8re fois cette \u00e9preuve \u00e0 laquelle il n\u2019a particip\u00e9 qu&rsquo;une seule fois (c\u2019\u00e9tait en 2020). <strong>Andrej Hauptman<\/strong>, directeur sportif de la formation <strong>UAE Team Emirates-XRG<\/strong>, s&rsquo;est entretenu avec la cha\u00eene slov\u00e8ne RTV SLO sur cette premier bataille de la saison entre les deux principaux protagonistes du <strong>Tour<\/strong> ces derni\u00e8res ann\u00e9es.<\/p>\n<p>Vid\u00e9o &#8211; Cyrille Guimard au micro de Cyclism&rsquo;Actu ! Lire la suite de l&rsquo;article&#13;<\/p>\n<p>\u00a0<\/p>\n<p>&#13;<br \/>\n<strong>\u00ab\u00a0Le Dauphin\u00e9 sera une v\u00e9ritable r\u00e9p\u00e9tition g\u00e9n\u00e9rale avant le Tour de France&#8230;\u00a0\u00bb<\/strong>&#13;<\/p>\n<p>Le directeur sportif de l&rsquo;\u00e9quipe<strong> UAE Team Emirates-XRG<\/strong> a d\u00e9clar\u00e9 : \u00ab\u00a0Ce sera une v\u00e9ritable r\u00e9p\u00e9tition g\u00e9n\u00e9rale avant le Tour de France. L&rsquo;organisateur est le m\u00eame et le parcours est similaire. Tadej [Pogacar] y sera certainement au sommet de sa forme, comme il l&rsquo;a \u00e9t\u00e9 tout au long de la saison. Nous verrons o\u00f9 nous en sommes, puis nous terminerons notre entra\u00eenement en altitude. Nous n&rsquo;avons pas peur de Vingegaard, nous n&rsquo;avons peur de personne. Nous nous en tenons \u00e0 notre plan, que nous estimons \u00eatre le bon. Cependant, nous savons que Vingegaard et Evenepoel seront au sommet de leur forme lors du Tour, tout comme nous. Il y a beaucoup d&rsquo;ascensions que Tadej n&rsquo;a pas encore remport\u00e9es, notamment le Col de la Loze. Cela le motivera certainement encore plus. La comp\u00e9tition est tr\u00e8s intense dans le Tour et la pression est \u00e9norme. Une chaleur extr\u00eame est pr\u00e9vue en juillet. La premi\u00e8re semaine de la course dans le nord de la France peut \u00eatre tr\u00e8s mouvement\u00e9e, comme chaque ann\u00e9e, et nous devrons \u00eatre tr\u00e8s prudents. Il faut avoir une \u00e9quipe solide pour survivre \u00e0 toutes ces \u00e9tapes\u00a0\u00bb, a conclu <strong>Andrej Hauptman<\/strong> aupr\u00e8s de la cha\u00eene slov\u00e8ne RTV SLO.<\/p>\n","protected":false},"excerpt":{"rendered":"\u00c0 un mois seulement du Tour de France, les cadors du cyclisme mondial vont se retrouver d\u00e8s ce&hellip;\n","protected":false},"author":2,"featured_media":152921,"comment_status":"","ping_status":"","sticky":false,"template":"","format":"standard","meta":{"footnotes":""},"categories":[1411],"tags":[24803,1154,207,211,1011,27,209,60,210,212,208,213],"class_list":{"0":"post-152920","1":"post","2":"type-post","3":"status-publish","4":"format-standard","5":"has-post-thumbnail","7":"category-cyclisme","8":"tag-criterium-du-dauphine","9":"tag-cycling","10":"tag-cyclisme","11":"tag-ffc","12":"tag-fr","13":"tag-france","14":"tag-route","15":"tag-sports","16":"tag-tour-de-france","17":"tag-uci","18":"tag-velo","19":"tag-world-tour"},"share_on_mastodon":{"url":"https:\/\/pubeurope.com\/@fr\/114628496213102032","error":""},"_links":{"self":[{"href":"https:\/\/www.europesays.com\/fr\/wp-json\/wp\/v2\/posts\/152920","targetHints":{"allow":["GET"]}}],"collection":[{"href":"https:\/\/www.europesays.com\/fr\/wp-json\/wp\/v2\/posts"}],"about":[{"href":"https:\/\/www.europesays.com\/fr\/wp-json\/wp\/v2\/types\/post"}],"author":[{"embeddable":true,"href":"https:\/\/www.europesays.com\/fr\/wp-json\/wp\/v2\/users\/2"}],"replies":[{"embeddable":true,"href":"https:\/\/www.europesays.com\/fr\/wp-json\/wp\/v2\/comments?post=152920"}],"version-history":[{"count":0,"href":"https:\/\/www.europesays.com\/fr\/wp-json\/wp\/v2\/posts\/152920\/revisions"}],"wp:featuredmedia":[{"embeddable":true,"href":"https:\/\/www.europesays.com\/fr\/wp-json\/wp\/v2\/media\/152921"}],"wp:attachment":[{"href":"https:\/\/www.europesays.com\/fr\/wp-json\/wp\/v2\/media?parent=152920"}],"wp:term":[{"taxonomy":"category","embeddable":true,"href":"https:\/\/www.europesays.com\/fr\/wp-json\/wp\/v2\/categories?post=152920"},{"taxonomy":"post_tag","embeddable":true,"href":"https:\/\/www.europesays.com\/fr\/wp-json\/wp\/v2\/tags?post=152920"}],"curies":[{"name":"wp","href":"https:\/\/api.w.org\/{rel}","templated":true}]}}