{"id":152922,"date":"2025-06-05T02:53:10","date_gmt":"2025-06-05T02:53:10","guid":{"rendered":"https:\/\/www.europesays.com\/fr\/152922\/"},"modified":"2025-06-05T02:53:10","modified_gmt":"2025-06-05T02:53:10","slug":"ousmane-dembele-merite-le-ballon-dor","status":"publish","type":"post","link":"https:\/\/www.europesays.com\/fr\/152922\/","title":{"rendered":"\u00ab Ousmane Demb\u00e9l\u00e9 m\u00e9rite le Ballon d\u2019or \u00bb &#8211;"},"content":{"rendered":"<p><img width=\"700\" height=\"350\" src=\"https:\/\/www.europesays.com\/fr\/wp-content\/uploads\/2025\/06\/Dembele-LdC.jpg\" class=\"attachment-jannah-image-post size-jannah-image-post wp-post-image\" alt=\"Demb\u00e9l\u00e9 ldc\" is_main_img=\"1\" decoding=\"async\" fetchpriority=\"high\"  \/><\/p>\n<p>Ousmane Demb\u00e9l\u00e9 r\u00e9alise tr\u00e8s certainement la meilleure<br \/>\nsaison de sa carri\u00e8re. Pour Ibrahima Konat\u00e9, il n\u2019y a pas photo :<br \/>\nle num\u00e9ro 10 du PSG m\u00e9rite le Ballon d\u2019Or.\u00a0<\/p>\n<p>Le <strong>PSG<\/strong> a r\u00e9alis\u00e9 un quadrupl\u00e9 historique avec<br \/>\nle <strong>Troph\u00e9e des Champions<\/strong>, la <strong>Ligue<br \/>\n1<\/strong>, la <strong>Coupe de France<\/strong> et la <strong>Ligue<br \/>\ndes champions<\/strong>. <strong><a href=\"https:\/\/canal-supporters.com\/dembele-montrer-quil-faut-courir-pour-le-maillot\/\" title=\"\" rel=\"nofollow noopener\" target=\"_blank\">Ousmane Demb\u00e9l\u00e9<\/a><\/strong> a \u00e9t\u00e9 l\u2019un des protagonistes<br \/>\nde cette magnifique saison parisienne avec 33 buts et 15 passes<br \/>\nd\u00e9cisives en 49 matches toutes comp\u00e9titions confondues. Meilleur<br \/>\nbuteur et joueur de <strong>Ligue 1<\/strong> et meilleur joueur de<br \/>\nla <strong>Ligue des champions<\/strong> avec huit buts et six<br \/>\npasses d\u00e9cisives, l\u2019international fran\u00e7ais fait office de favori<br \/>\npour le <strong>Ballon d\u2019Or<\/strong>. C\u2019est ce que pense<br \/>\n<strong>Ibrahima Konat\u00e9<\/strong>.\u00a0<\/p>\n<p>A voir aussi : <a href=\"https:\/\/canal-supporters.com\/ballon-dor-le-psg-lance-la-campagne-pour-ousmane-dembele\/\" title=\"\" rel=\"nofollow noopener\" target=\"_blank\">Ballon d\u2019Or : Le PSG lance la campagne pour Ousmane<br \/>\nDemb\u00e9l\u00e9<\/a><\/p>\n<p><a href=\"https:\/\/x.com\/CanalSupporters\" target=\"_blank\" rel=\"noopener nofollow\" title=\"\">canalsupporters.com<\/a><\/p>\n<p>\u00ab\u00a0Ousmane<br \/>\nDemb\u00e9l\u00e9 a r\u00e9alis\u00e9 une saison exceptionnelle\u00a0\u00bb<\/p>\n<p>\u00ab\u00a0On m\u2019a beaucoup parl\u00e9 de <strong>Lamine<br \/>\nYamal<\/strong> ou <strong>Kylian Mbapp\u00e9<\/strong>. Mais personne n\u2019a<br \/>\nmentionn\u00e9 <strong>Ousmane Demb\u00e9l\u00e9<\/strong> qui a r\u00e9alis\u00e9 une saison<br \/>\nexceptionnelle. Franchement je n\u2019ai pas les mots pour la d\u00e9crire et<br \/>\npersonne ne l\u2019attendait l\u00e0. Donc c\u2019est pour \u00e7a que je suis l\u2019homme<br \/>\nle plus heureux pour lui. Et en toute honn\u00eatet\u00e9, celui qui m\u00e9rite<br \/>\nle <strong>Ballon d\u2019or<\/strong> cette saison c\u2019est <strong>Ousmane<br \/>\nDemb\u00e9l<\/strong><strong>\u00e9<\/strong>\u00ab\u00a0, lance le d\u00e9fenseur<br \/>\ncentral en <a href=\"https:\/\/www.fff.fr\/selection\/2-equipe-de-france\/index.html\" target=\"_blank\" rel=\"noopener nofollow\" title=\"\">conf\u00e9rence de presse<\/a>.<br \/>\nLe joueur de <strong>Liverpool<\/strong> a ensuite r\u00e9fut\u00e9<br \/>\nl\u2019importance du match de demain entre la <strong>France<\/strong> et<br \/>\nl\u2019<strong>Espagne<\/strong> en demi-finale de la <strong>Ligue des<br \/>\nnations<\/strong> dans la course au <strong><a href=\"https:\/\/canal-supporters.com\/luis-enrique-je-donnerais-le-ballon-dor-a-dembele-pour-sa-maniere-de-defendre\/\" title=\"\" rel=\"nofollow noopener\" target=\"_blank\">Ballon d\u2019or<\/a><\/strong>. \u00ab\u00a0Non ! \u00c7a c\u2019est les<br \/>\nEspagnols. Ils ont pos\u00e9 une question \u00e0 <strong>Lamine<br \/>\nYamal<\/strong>. Je ne l\u2019ai pas vue et je ne sais pas comment la<br \/>\nquestion a \u00e9t\u00e9 tourn\u00e9e mais c\u2019est tr\u00e8s tr\u00e8s fort. Je pense que vous<br \/>\ndevriez faire la m\u00eame chose pour les joueurs fran\u00e7ais. Ce qu\u2019a fait<br \/>\n<strong>Ousmane<\/strong> durant toute la saison c\u2019est juste<br \/>\nexceptionnel. Dites simplement que c\u2019est <strong>Ousmane<\/strong><br \/>\nqui m\u00e9rite le <strong>Ballon d\u2019or<\/strong>. Et point barre. Ne<br \/>\ncommencez pas \u00e0 dire <strong>Lamine<\/strong> o\u00f9 je ne sais quoi\u2026<br \/>\nOui il a fait une saison exceptionnelle et il faut souligner le<br \/>\ntalent qu\u2019il a \u00e0 17 ans. Je ne sais m\u00eame pas si<br \/>\n<strong>Messi<\/strong> \u00e0 cette \u00e9poque-l\u00e0 avait r\u00e9ussi \u00e7a \u00e0 son \u00e2ge.<br \/>\nMais je suis d\u00e9sol\u00e9 il faut\u2026 Il est fort en communication le petit.<br \/>\nMais il ne faut pas dire que \u00e7a va se jouer jeudi. Je ne suis pas<br \/>\nd\u2019accord avec \u00e7a et non, \u00e7a ne va pas se jouer<br \/>\njeudi.\u00a0\u00bb<\/p><\/p>\n","protected":false},"excerpt":{"rendered":"Ousmane Demb\u00e9l\u00e9 r\u00e9alise tr\u00e8s certainement la meilleure saison de sa carri\u00e8re. Pour Ibrahima Konat\u00e9, il n\u2019y a pas&hellip;\n","protected":false},"author":2,"featured_media":152923,"comment_status":"","ping_status":"","sticky":false,"template":"","format":"standard","meta":{"footnotes":""},"categories":[1410],"tags":[454,81,787,12732,63,1011,27,28119,28262,16748,2782,626,91,92,93,60,96,28263],"class_list":{"0":"post-152922","1":"post","2":"type-post","3":"status-publish","4":"format-standard","5":"has-post-thumbnail","7":"category-football","8":"tag-ballon-dor","9":"tag-canal-supporters","10":"tag-cs","11":"tag-dembele","12":"tag-football","13":"tag-fr","14":"tag-france","15":"tag-ibrahima-konate","16":"tag-konate","17":"tag-lamine-yamal","18":"tag-ousmane-dembele","19":"tag-paris","20":"tag-paris-saint-germain","21":"tag-paris-sg","22":"tag-psg","23":"tag-sports","24":"tag-une","25":"tag-yamal"},"share_on_mastodon":{"url":"https:\/\/pubeurope.com\/@fr\/114628500200975532","error":""},"_links":{"self":[{"href":"https:\/\/www.europesays.com\/fr\/wp-json\/wp\/v2\/posts\/152922","targetHints":{"allow":["GET"]}}],"collection":[{"href":"https:\/\/www.europesays.com\/fr\/wp-json\/wp\/v2\/posts"}],"about":[{"href":"https:\/\/www.europesays.com\/fr\/wp-json\/wp\/v2\/types\/post"}],"author":[{"embeddable":true,"href":"https:\/\/www.europesays.com\/fr\/wp-json\/wp\/v2\/users\/2"}],"replies":[{"embeddable":true,"href":"https:\/\/www.europesays.com\/fr\/wp-json\/wp\/v2\/comments?post=152922"}],"version-history":[{"count":0,"href":"https:\/\/www.europesays.com\/fr\/wp-json\/wp\/v2\/posts\/152922\/revisions"}],"wp:featuredmedia":[{"embeddable":true,"href":"https:\/\/www.europesays.com\/fr\/wp-json\/wp\/v2\/media\/152923"}],"wp:attachment":[{"href":"https:\/\/www.europesays.com\/fr\/wp-json\/wp\/v2\/media?parent=152922"}],"wp:term":[{"taxonomy":"category","embeddable":true,"href":"https:\/\/www.europesays.com\/fr\/wp-json\/wp\/v2\/categories?post=152922"},{"taxonomy":"post_tag","embeddable":true,"href":"https:\/\/www.europesays.com\/fr\/wp-json\/wp\/v2\/tags?post=152922"}],"curies":[{"name":"wp","href":"https:\/\/api.w.org\/{rel}","templated":true}]}}