{"id":152926,"date":"2025-06-05T02:56:13","date_gmt":"2025-06-05T02:56:13","guid":{"rendered":"https:\/\/www.europesays.com\/fr\/152926\/"},"modified":"2025-06-05T02:56:13","modified_gmt":"2025-06-05T02:56:13","slug":"des-centaines-de-livres-jeunesse-distribues-aux-familles-dans-la-metropole-de-lyon","status":"publish","type":"post","link":"https:\/\/www.europesays.com\/fr\/152926\/","title":{"rendered":"Des centaines de livres jeunesse distribu\u00e9s aux familles dans la M\u00e9tropole de Lyon"},"content":{"rendered":"<p>Partager un moment de lecture d\u00e8s les premi\u00e8res semaines de l&rsquo;enfant : c&rsquo;est ce que propose le dispositif \u00ab\u00a0Premi\u00e8res pages\u00a0\u00bb, lanc\u00e9 officiellement \u00e0 \u00c9cully ce mercredi 4 juin.<\/p>\n<p>Quoi de mieux qu&rsquo;un apr\u00e8s-midi de juin sous la pluie pour passer un peu de temps \u00e0 la biblioth\u00e8que ?<\/p>\n<p>\u00c0 l&rsquo;occasion du lancement du dispositif \u00ab\u00a0Premi\u00e8res pages\u00a0\u00bb, plusieurs familles d&rsquo;\u00c9cully ont pu r\u00e9cup\u00e9rer un livre jeunesse en pr\u00e9sence de son autrice. \u00ab\u00a0C&rsquo;est super, je trouve. Les enfants sont trop souvent sur les \u00e9crans\u00a0\u00bb, commente Ang\u00e8le, l&rsquo;une des mamans pr\u00e9sentes.<\/p>\n<p>\u00ab\u00a0C&rsquo;est tr\u00e8s \u00e9mouvant pour moi de rencontrer les familles et de leur donner le livre\u00a0\u00bb, sourit l&rsquo;illustratrice <b>Elo<\/b>. Son ouvrage, Ce petit moment, \u00e0 lire d\u00e8s la naissance, s&rsquo;adresse, comme son titre l&rsquo;indique, aux tout petits&#8230; et \u00e0 leurs parents.<\/p>\n<p>\u00ab\u00a0L&rsquo;id\u00e9e n&rsquo;est pas tant d&rsquo;apprendre \u00e0 lire \u00e0 cet \u00e2ge \u00e9videmment, mais de cr\u00e9er l&rsquo;\u00e9change avec l&rsquo;adulte. C&rsquo;est un moment de partage, qui va stimuler l&rsquo;imagination, sensibiliser au langage\u2026 et ouvrir au monde\u00a0\u00bb, se r\u00e9jouit <b>Val\u00e9rie Robin<\/b>, charg\u00e9e de mission aupr\u00e8s du minist\u00e8re de la Culture qui soutient le projet. <\/p>\n<p>Un livre offert \u00e0 la naissance d&rsquo;un enfant<\/p>\n<p>Au total, <b>300 livres seront ainsi distribu\u00e9s<\/b> dans plusieurs quartiers class\u00e9s prioritaires. Un moyen d&rsquo;attirer un public encore \u00e9loign\u00e9 des biblioth\u00e8ques. <\/p>\n<p>\u00ab\u00a0Ce sont des lieux ouverts \u00e0 tous, tient \u00e0 rappeler <b>Virginie Guy Colomby<\/b>, du service culture de la Ville. On sait qu&rsquo;il existe encore des freins pour pousser la porte de ces lieux, c&rsquo;est vraiment ce sur quoi on travaille. Les familles ne savent pas toujours qu&#8217;emprunter un livre, c&rsquo;est gratuit !\u00a0\u00bb <\/p>\n<p><b>La biblioth\u00e8que des Sources<\/b> travaille avec les \u00e9coles pour faire venir les enfants et propose des ateliers cr\u00e9atifs le mercredi. \u00ab\u00a0On essaie de faire voir la biblioth\u00e8que autrement que comme un lieu o\u00f9 il ne faut pas faire de bruit\u00a0\u00bb, ajoute <b>Romane Asis<\/b>, responsable du site. <\/p>\n<p>La M\u00e9tropole de Lyon compte <b>86 biblioth\u00e8ques<\/b> et annexes. Pr\u00e8s de <b>35.000 pr\u00eats<\/b> sont enregistr\u00e9s chaque jour en moyenne.<\/p>\n<p><img loading=\"lazy\" decoding=\"async\" src=\"https:\/\/www.europesays.com\/fr\/wp-content\/uploads\/2025\/06\/1749092173_256_img\" width=\"350\" height=\"200\" border=\"0\" title=\"ZAHO DE SAGAZAN\"\/><\/p>\n<p>\u25baCulture<\/p>\n<p style=\"font-size: 22px;\"><b>Nouvelle date de concert pour Zaho de Sagazan \u00e0 Lyon !<\/b><\/p>\n<p>La chanteuse Zaho de Sagazan a ajout\u00e9 une date&#8230;<\/p>\n<p><\/p>\n","protected":false},"excerpt":{"rendered":"Partager un moment de lecture d\u00e8s les premi\u00e8res semaines de l&rsquo;enfant : c&rsquo;est ce que propose le dispositif&hellip;\n","protected":false},"author":2,"featured_media":152927,"comment_status":"","ping_status":"","sticky":false,"template":"","format":"standard","meta":{"footnotes":""},"categories":[1357],"tags":[1379,58,8451,1719,59,1011,27,10803,1380,2428,2800,198],"class_list":{"0":"post-152926","1":"post","2":"type-post","3":"status-publish","4":"format-standard","5":"has-post-thumbnail","7":"category-livres","8":"tag-books","9":"tag-divertissement","10":"tag-ecully","11":"tag-enfants","12":"tag-entertainment","13":"tag-fr","14":"tag-france","15":"tag-lectures","16":"tag-livres","17":"tag-lyon","18":"tag-metropole","19":"tag-naissance"},"share_on_mastodon":{"url":"https:\/\/pubeurope.com\/@fr\/114628512015137857","error":""},"_links":{"self":[{"href":"https:\/\/www.europesays.com\/fr\/wp-json\/wp\/v2\/posts\/152926","targetHints":{"allow":["GET"]}}],"collection":[{"href":"https:\/\/www.europesays.com\/fr\/wp-json\/wp\/v2\/posts"}],"about":[{"href":"https:\/\/www.europesays.com\/fr\/wp-json\/wp\/v2\/types\/post"}],"author":[{"embeddable":true,"href":"https:\/\/www.europesays.com\/fr\/wp-json\/wp\/v2\/users\/2"}],"replies":[{"embeddable":true,"href":"https:\/\/www.europesays.com\/fr\/wp-json\/wp\/v2\/comments?post=152926"}],"version-history":[{"count":0,"href":"https:\/\/www.europesays.com\/fr\/wp-json\/wp\/v2\/posts\/152926\/revisions"}],"wp:featuredmedia":[{"embeddable":true,"href":"https:\/\/www.europesays.com\/fr\/wp-json\/wp\/v2\/media\/152927"}],"wp:attachment":[{"href":"https:\/\/www.europesays.com\/fr\/wp-json\/wp\/v2\/media?parent=152926"}],"wp:term":[{"taxonomy":"category","embeddable":true,"href":"https:\/\/www.europesays.com\/fr\/wp-json\/wp\/v2\/categories?post=152926"},{"taxonomy":"post_tag","embeddable":true,"href":"https:\/\/www.europesays.com\/fr\/wp-json\/wp\/v2\/tags?post=152926"}],"curies":[{"name":"wp","href":"https:\/\/api.w.org\/{rel}","templated":true}]}}