{"id":152928,"date":"2025-06-05T02:57:22","date_gmt":"2025-06-05T02:57:22","guid":{"rendered":"https:\/\/www.europesays.com\/fr\/152928\/"},"modified":"2025-06-05T02:57:22","modified_gmt":"2025-06-05T02:57:22","slug":"esprits-criminels-s10-e03-leclat-de-mille-soleils","status":"publish","type":"post","link":"https:\/\/www.europesays.com\/fr\/152928\/","title":{"rendered":"Esprits criminels &#8211; S10 E03 &#8211; L&rsquo;\u00e9clat de mille soleils"},"content":{"rendered":"<p id=\"descriptionPanel\" aria-labelledby=\"descriptionArrow\" aria-expanded=\"false\" class=\"mr-2 line-clamp-2 pr-2.5 text-secondary overflow-visible\">Un avion commercial s\u2019\u00e9crase dans le Colorado avec 152 passagers \u00e0 bord. L\u2019\u00e9quipe est envoy\u00e9e sur place pour \u00e9tablir s\u2019il s\u2019agit de l\u2019acte d\u2019un terroriste ou d\u2019un tueur. Apr\u00e8s avoir envisag\u00e9 la th\u00e8se d\u2019un missile, suite au t\u00e9moignage d\u2019un homme ayant vu une tra\u00een\u00e9e de fum\u00e9e, l\u2019\u00e9quipe \u00e9carte cette th\u00e9orie. En effet, Reid prouve qu&rsquo;au vu de la fa\u00e7on dont s\u2019est disloqu\u00e9 l\u2019avion, aucun objet externe n\u2019a pu venir le percuter. Le copilote est retrouv\u00e9 vivant et tr\u00e8s vite, les soup\u00e7ons se tournent sur le pilote ou le copilote. Mais l\u2019analyse de la bo\u00eete noire d\u00e9montre qu\u2019ils n\u2019y sont pour rien et qu\u2019il y a eu un probl\u00e8me dans le syst\u00e8me de vol, qui refusait d\u2019ob\u00e9ir aux pilotes.<\/p>\n<p><a class=\"shrink-0\" href=\"https:\/\/www.tf1.fr\/tf1\/esprits-criminels\" rel=\"nofollow noopener\" target=\"_blank\"><img decoding=\"async\" src=\"https:\/\/www.europesays.com\/fr\/wp-content\/uploads\/2025\/06\/vignette-portrait-24f61d-278a8a-0@1x.jpg\" width=\"138\" height=\"184\" alt=\"\" loading=\"eager\" fetchpriority=\"auto\" class=\"aspect-[3\/4] h-24 w-auto rounded-3px\" aria-hidden=\"true\"\/><\/a><\/p>\n","protected":false},"excerpt":{"rendered":"Un avion commercial s\u2019\u00e9crase dans le Colorado avec 152 passagers \u00e0 bord. L\u2019\u00e9quipe est envoy\u00e9e sur place pour&hellip;\n","protected":false},"author":2,"featured_media":152929,"comment_status":"","ping_status":"","sticky":false,"template":"","format":"standard","meta":{"footnotes":""},"categories":[1356],"tags":[58,59,1365,28242,25191,28243,1011,27,28245,252,1364,28246,28244],"class_list":{"0":"post-152928","1":"post","2":"type-post","3":"status-publish","4":"format-standard","5":"has-post-thumbnail","7":"category-television","8":"tag-divertissement","9":"tag-entertainment","10":"tag-episode","11":"tag-episode-esprits-criminels","12":"tag-esprits-criminels","13":"tag-esprits-criminels-episode","14":"tag-fr","15":"tag-france","16":"tag-streaming-esprits-criminels","17":"tag-television","18":"tag-tv","19":"tag-video-en-streaming-esprits-criminels","20":"tag-video-esprits-criminels"},"share_on_mastodon":{"url":"https:\/\/pubeurope.com\/@fr\/114628515807109947","error":""},"_links":{"self":[{"href":"https:\/\/www.europesays.com\/fr\/wp-json\/wp\/v2\/posts\/152928","targetHints":{"allow":["GET"]}}],"collection":[{"href":"https:\/\/www.europesays.com\/fr\/wp-json\/wp\/v2\/posts"}],"about":[{"href":"https:\/\/www.europesays.com\/fr\/wp-json\/wp\/v2\/types\/post"}],"author":[{"embeddable":true,"href":"https:\/\/www.europesays.com\/fr\/wp-json\/wp\/v2\/users\/2"}],"replies":[{"embeddable":true,"href":"https:\/\/www.europesays.com\/fr\/wp-json\/wp\/v2\/comments?post=152928"}],"version-history":[{"count":0,"href":"https:\/\/www.europesays.com\/fr\/wp-json\/wp\/v2\/posts\/152928\/revisions"}],"wp:featuredmedia":[{"embeddable":true,"href":"https:\/\/www.europesays.com\/fr\/wp-json\/wp\/v2\/media\/152929"}],"wp:attachment":[{"href":"https:\/\/www.europesays.com\/fr\/wp-json\/wp\/v2\/media?parent=152928"}],"wp:term":[{"taxonomy":"category","embeddable":true,"href":"https:\/\/www.europesays.com\/fr\/wp-json\/wp\/v2\/categories?post=152928"},{"taxonomy":"post_tag","embeddable":true,"href":"https:\/\/www.europesays.com\/fr\/wp-json\/wp\/v2\/tags?post=152928"}],"curies":[{"name":"wp","href":"https:\/\/api.w.org\/{rel}","templated":true}]}}