{"id":152936,"date":"2025-06-05T03:01:11","date_gmt":"2025-06-05T03:01:11","guid":{"rendered":"https:\/\/www.europesays.com\/fr\/152936\/"},"modified":"2025-06-05T03:01:11","modified_gmt":"2025-06-05T03:01:11","slug":"pour-moi-on-a-les-deux-meilleures-lignes-de-3-4-qui-vont-saffronter","status":"publish","type":"post","link":"https:\/\/www.europesays.com\/fr\/152936\/","title":{"rendered":"Pour moi, on a les deux meilleures lignes de 3\/4 qui vont s&rsquo;affronter"},"content":{"rendered":"<p>            Par<br \/>\n        <strong><br \/>\n            <a href=\"https:\/\/actu.fr\/auteur\/clement-mazella\" title=\"Consulter tous les articles de Cl\u00e9ment Mazella\" target=\"_blank\" rel=\"noopener\">Cl\u00e9ment Mazella<\/a><br \/>\n        <\/strong><\/p>\n<p>        Publi\u00e9 le<\/p>\n<p>            4 juin 2025 \u00e0 15h17        <\/p>\n<p>Ancien entra\u00eeneur de B\u00e9ziers et Montauban, consultant aupr\u00e8s de Canal + et Sud Radio, <strong>David G\u00e9rard<\/strong> est un \u0153il avis\u00e9 de la Pro D2. Aupr\u00e8s d\u2019<a href=\"https:\/\/actu.fr\/rugby\/\" target=\"_blank\" rel=\"noopener\">Actu Rugby<\/a>, l\u2019ancien deuxi\u00e8me ligne international (47 ans ; 1 s\u00e9lection) a accept\u00e9 de donner son avis d\u2019expert sur cette <strong>finale de Pro D2 <\/strong><a href=\"https:\/\/actu.fr\/rugby\/equipe\/grenoble_64dbdff47b8c09c4fec7b0a4\/\" target=\"_blank\" rel=\"noopener\">Grenoble<\/a>\u2013<a href=\"https:\/\/actu.fr\/rugby\/equipe\/montauban_64dbdff67b8c09c4fec7b138\/\" target=\"_blank\" rel=\"noopener\">Montauban<\/a> (samedi 7, 17h30 \u00e0 Ernest-Wallon) qui sera bien moins d\u00e9s\u00e9quilibr\u00e9e qu\u2019on ne le croit. David G\u00e9rard estime m\u00eame qu\u2019on aura droit\u00a0 \u00e0 un duel entre les deux meilleures lignes de 3\/4 du championnat. Outre le statut de favori du FCG, il s\u2019est livr\u00e9 sur les \u00e9l\u00e9ments que chaque \u00e9quipe qui l\u2019ont le plus impressionn\u00e9s cette saison.<\/p>\n<p class=\" wall-content\"><strong>Premier de la phase r\u00e9guli\u00e8re, Grenoble est-il selon vous le favori logique de cette finale de Pro D2 contre Montauban, 6e et dernier qualifi\u00e9 ?<\/strong><\/p>\n<p class=\" wall-content\">\u00ab\u00a0Grenoble est favori en raison de la saison qu\u2019il accomplit. Et m\u00eame, plus largement, si on prend en compte ses 3 derni\u00e8res ann\u00e9es. Mais cela reste une finale, et les cartes sont rebattues. Et s\u2019il y a bien quelqu\u2019un qui a une dynamique ultra positive sur les derni\u00e8res semaines, c\u2019est Montauban. Attention \u00e0 l\u2019USM. Je suis convaincu que c\u2019est du 50-50, sans vouloir tomber dans la langue de bois\u00a0\u00bb.\u00a0<\/p>\n<p>Grenoble va jouer sa 3e finale d\u2019affil\u00e9e. Vous savez comment il est dur d\u00e9j\u00e0 d\u2019acc\u00e9der \u00e0 la phase finale : cette r\u00e9gularit\u00e9 du FCG vous impressionne-t-elle ?<\/p>\n<p class=\" wall-content\">\u00ab\u00a0Totalement. Je suis impressionn\u00e9 par ce qu\u2019accomplit Grenoble, et je trouve m\u00eame que nous n\u2019en parlons pas assez. Le staff is\u00e9rois r\u00e9alise un tr\u00e8s gros boulot, et le club en lui-m\u00eame aussi. La Pro D2 est un championnat tr\u00e8s complexe, et le FCG est pass\u00e9 par des \u00e9tapes tr\u00e8s difficiles, avec des points retir\u00e9s, du retard \u00e0 l\u2019allumage, des probl\u00e8mes pour recruter. Ils ont rencontr\u00e9 beaucoup de soucis, mais \u00e0 l\u2019arriv\u00e9e, c\u2019est l\u2019\u00e9quipe la plus performante de ces 3 derni\u00e8res ann\u00e9es. Franchement, cette r\u00e9gularit\u00e9, c\u2019est monstrueux !\u00a0\u00bb<\/p>\n<p>Au-del\u00e0 des soucis extra-sportifs, Grenoble a aussi su se relever des gifles sportives re\u00e7ues, avec deux finales et deux match-access perdus en deux ans\u2026<\/p>\n<p class=\" wall-content\">\u00ab\u00a0C\u2019est tr\u00e8s fort ! Quand tu la commentes ou la vois, s\u2019il y a bien une \u00e9quipe o\u00f9 tu sais qu\u2019il va se passer des choses, c\u2019est Grenoble\u00a0\u00bb.\u00a0<\/p>\n<p>Grenoble aura pour la premi\u00e8re fois l\u2019\u00e9tiquette de favori en finale. Cela ne va-t-il leur rajouter une pression suppl\u00e9mentaire vis-\u00e0-vis de son passif en finale ?<\/p>\n<p class=\" wall-content\">\u00ab\u00a0J\u2019ai la sensation pour ma part que ce statut de favori va nourrir Montauban. Cette formation se pla\u00eet dans ce r\u00f4le d\u2019outsider, et on l\u2019a bien vu contre Colomiers et Brive. L\u2019USM a peur de quoi ? Rien. Sa saison est d\u00e9j\u00e0 plus que r\u00e9ussie. Et si elle gagne samedi, elle r\u00e9alisera un exploit monumental. Elle a tout \u00e0 y gagner, et c\u2019est \u00e7a qui en fait une \u00e9quipe dangereuse\u00a0\u00bb.<\/p>\n<p>    <img   decoding=\"async\" loading=\"lazy\" src=\"https:\/\/www.europesays.com\/fr\/wp-content\/uploads\/2025\/06\/julien-farnoux-grenoble-montauban-rugby-prod2-960x640.jpg\" alt=\"Les lignes d'attaque de Grenoble et Montauban sont les deux meilleures de la Pro D2 selon David G\u00e9rard, qui a d\u00e9cortiqu\u00e9 pour Actu Rugby la finale.\" width=\"960\" height=\"640\"\/><br \/>\n    David G\u00e9rard est impressionn\u00e9 par la r\u00e9gularit\u00e9 de Grenoble, qui malgr\u00e9 des al\u00e9as a su se hisser 3 ann\u00e9es de suite en finale de Pro D2. (\u00a9Icon Sport)L\u2019an dernier, Montauban \u00e9tait \u00e0 un fil d\u2019\u00eatre rel\u00e9gu\u00e9 en Nationale. Un an apr\u00e8s, elle acc\u00e8de \u00e0 la finale de Pro D2 : comment percevez-vous cette \u00e9quipe, dont vous avez \u00e9t\u00e9 manager entre 2021 et 2022 ?<\/p>\n<p class=\" wall-content\">\u00ab\u00a0Plus rien ne m\u2019\u00e9tonne en Pro D2 ! Tout peut aller tr\u00e8s vite, et dans les deux sens. Regardez Mont-de-Marsan : une ann\u00e9e c\u2019est qualifi\u00e9, la saison d\u2019apr\u00e8s \u00e7a joue le maintien. Personne n\u2019est \u00e0 l\u2019abri. La saison de Montauban, elle est tr\u00e8s forte. Pour moi, c\u2019est la meilleure ligne de 3\/4 de Pro D2. Il y a des dangers partout, m\u00eame dans la rotation. Et en plus, pour cette finale, ils sont quasiment au complet avec peu de bless\u00e9s. La seule \u00e9quipe qui a autant de talents que Montauban, c\u2019est Grenoble. Je pense m\u00eame qu\u2019on a les deux meilleures lignes de 3\/4 qui vont s\u2019affronter\u00a0\u00bb.<\/p>\n<p>Cette Pro D2 est longue, et Montauban a un gros match \u00e0 enjeux en plus dans les jambes. Ce petit manque de fra\u00eecheur pourrait-il lui desservir en finale ?<\/p>\n<p class=\" wall-content\">\u00ab\u00a0Bien s\u00fbr que la fra\u00eecheur peut y jouer, d\u2019autant plus qu\u2019un temps assez lourd est pr\u00e9vu samedi \u00e0 Toulouse. Mais Montauban a prouv\u00e9 par ses facult\u00e9s mentales qu\u2019il \u00e9tait capable d\u2019aller chercher dans les r\u00e9serves pour arriver \u00e0 \u00eatre performant. C\u2019est l\u00e0 o\u00f9 l\u2019USM est \u00e9tonnante cette ann\u00e9e : c\u2019est cette capacit\u00e9 \u00e0 se remettre en question, et c\u2019est l\u00e0 o\u00f9 je pense que le travail de S\u00e9bastien Tillous-Borde a bien march\u00e9. Humainement, on sent qu\u2019il y a du lien entre eux, et \u00e7a fait la force de ce groupe\u00a0\u00bb.<\/p>\n<p>Le joueur qui vous a impressionn\u00e9 dans cette \u00e9quipe de Montauban ?<\/p>\n<p class=\" wall-content\">\u00ab\u00a0Sans h\u00e9sitation, la paire de centres <a href=\"https:\/\/actu.fr\/rugby\/joueur\/renda_6548b1d24481bf25852f3572\/\" target=\"_blank\" rel=\"noopener\">Simon Renda<\/a>\u2013<a href=\"https:\/\/actu.fr\/rugby\/joueur\/jackson_64df8af87b8c09c4fecb3836\/\" target=\"_blank\" rel=\"noopener\">JT Jackson<\/a>. C\u2019est vraiment du haut niveau les deux, ils se compl\u00e8tent super bien\u00a0\u00bb.<\/p>\n<p>Et du c\u00f4t\u00e9 de Grenoble, LE joueur qui tire cette \u00e9quipe vers le haut ?<\/p>\n<p class=\" wall-content\">\u00ab\u00a0<a href=\"https:\/\/actu.fr\/rugby\/joueur\/davies_64df8af77b8c09c4fecb355b\/\" target=\"_blank\" rel=\"noopener\">Sam Davies<\/a> ! C\u2019est lui la plaque tournante. Avec ou sans lui, ce n\u2019est pas du tout le m\u00eame Grenoble. Bien s\u00fbr, le FCG reste une \u00e9quipe comp\u00e9titive s\u2019il n\u2019est pas l\u00e0, mais son impact est tel sur le jeu que tu es oblig\u00e9 de le mettre en avant\u00a0\u00bb.\u00a0<\/p>\n<p class=\" wall-content\">Suivez toute l\u2019actualit\u00e9 de vos villes et m\u00e9dias favoris en vous inscrivant \u00e0 <a href=\"https:\/\/moncompte.actu.fr\" title=\"D\u00e9couvez Mon Actu\" rel=\"nofollow noopener\" data-trk=\"{&quot;cta&quot;:{&quot;action&quot;:&quot;https:\\\/\\\/moncompte.actu.fr&quot;,&quot;category&quot;:&quot;mon compte&quot;,&quot;from&quot;:&quot;article footer&quot;,&quot;name&quot;:&quot;Mon actu&quot;,&quot;type&quot;:&quot;cta&quot;}}\" target=\"_blank\">Mon Actu<\/a>.<\/p>\n","protected":false},"excerpt":{"rendered":"Par Cl\u00e9ment Mazella Publi\u00e9 le 4 juin 2025 \u00e0 15h17 Ancien entra\u00eeneur de B\u00e9ziers et Montauban, consultant aupr\u00e8s&hellip;\n","protected":false},"author":2,"featured_media":152937,"comment_status":"","ping_status":"","sticky":false,"template":"","format":"standard","meta":{"footnotes":""},"categories":[9],"tags":[1011,27,2308,479,60],"class_list":{"0":"post-152936","1":"post","2":"type-post","3":"status-publish","4":"format-standard","5":"has-post-thumbnail","7":"category-sports","8":"tag-fr","9":"tag-france","10":"tag-pro-d2","11":"tag-rugby","12":"tag-sports"},"share_on_mastodon":{"url":"https:\/\/pubeurope.com\/@fr\/114628531684075490","error":""},"_links":{"self":[{"href":"https:\/\/www.europesays.com\/fr\/wp-json\/wp\/v2\/posts\/152936","targetHints":{"allow":["GET"]}}],"collection":[{"href":"https:\/\/www.europesays.com\/fr\/wp-json\/wp\/v2\/posts"}],"about":[{"href":"https:\/\/www.europesays.com\/fr\/wp-json\/wp\/v2\/types\/post"}],"author":[{"embeddable":true,"href":"https:\/\/www.europesays.com\/fr\/wp-json\/wp\/v2\/users\/2"}],"replies":[{"embeddable":true,"href":"https:\/\/www.europesays.com\/fr\/wp-json\/wp\/v2\/comments?post=152936"}],"version-history":[{"count":0,"href":"https:\/\/www.europesays.com\/fr\/wp-json\/wp\/v2\/posts\/152936\/revisions"}],"wp:featuredmedia":[{"embeddable":true,"href":"https:\/\/www.europesays.com\/fr\/wp-json\/wp\/v2\/media\/152937"}],"wp:attachment":[{"href":"https:\/\/www.europesays.com\/fr\/wp-json\/wp\/v2\/media?parent=152936"}],"wp:term":[{"taxonomy":"category","embeddable":true,"href":"https:\/\/www.europesays.com\/fr\/wp-json\/wp\/v2\/categories?post=152936"},{"taxonomy":"post_tag","embeddable":true,"href":"https:\/\/www.europesays.com\/fr\/wp-json\/wp\/v2\/tags?post=152936"}],"curies":[{"name":"wp","href":"https:\/\/api.w.org\/{rel}","templated":true}]}}