{"id":15294,"date":"2025-04-10T15:34:17","date_gmt":"2025-04-10T15:34:17","guid":{"rendered":"https:\/\/www.europesays.com\/fr\/15294\/"},"modified":"2025-04-10T15:34:17","modified_gmt":"2025-04-10T15:34:17","slug":"vous-vous-amusez-avec-vos-casseroles-yann-barthes-se-surpasse-en-interview-son-invite-presque-sans-voix","status":"publish","type":"post","link":"https:\/\/www.europesays.com\/fr\/15294\/","title":{"rendered":"\u201cVous vous amusez avec vos casseroles ?\u201d, Yann Barth\u00e8s se surpasse en interview, son invit\u00e9 (presque) sans voix"},"content":{"rendered":"<p>Ce mercredi 9 avril 2025, Yann Barth\u00e8s animait un nouvel \u00e9pisode de Quotidien. L\u2019animateur recevait sur son plateau <strong>Hugo Roellinger,<\/strong> chef du restaurant Le Coquillage, en Bretagne qui a obtenu 3 \u00e9toiles au Guide Michelin. Le pr\u00e9sentateur est alors revenu sur la cuisine \u00e9poustouflante de ce chef. Apr\u00e8s avoir visionn\u00e9 le t\u00e9moignage tr\u00e8s \u00e9mouvant du p\u00e8re de son invit\u00e9, voil\u00e0 que Yann Barth\u00e8s a lanc\u00e9 la venue <strong>d\u2019un groupe de musique, les Stomp,<\/strong> sp\u00e9cialis\u00e9 dans le jeu instrumental chor\u00e9graphi\u00e9 qui utilise des objets du quotidien.<\/p>\n<p>Yann Barth\u00e8s pose une question \u00e9trange \u00e0 son invit\u00e9 sur le plateau de Quotidien<\/p>\n<p>Et voil\u00e0 que l\u2019animateur lance alors : \u201cHugo, est-ce que vous vous amusez parfois \u00e0 faire de la musique avec vos casseroles et tous vos ustensiles ?\u201d, demande-t-il . Ce \u00e0 quoi Hugo Roellinger, <strong>assez d\u00e9sar\u00e7onn\u00e9 par la question r\u00e9pond<\/strong> : \u201cOui, il y en a dans la cuisine qui le font\u201d, r\u00e9pond-il. Yann Barth\u00e8s continue son interrogatoire : \u201cEst-ce qu&rsquo;ils le font mieux que Stomp ?\u201d. Avec franchise, le chef r\u00e9pond :<strong> \u201cJe ne pense pas\u201d.<\/strong> L\u2019animateur de Quotidien poursuit : \u201cC&rsquo;est le spectacle qui est devenu un classique de la pop culture depuis sa cr\u00e9ation en 1991 \u00e0 Brighton. Stomp a conquis le monde avec son show ultra culte de percussions avec les objets du quotidien\u201d. <\/p>\n<p>L&rsquo;animateur de TMC \u00e9blouit par le show propos\u00e9 par un groupe de musique qui joue avec des objets du quotidien<\/p>\n<p>Le groupe est alors pr\u00e9sent sur le plateau (&#8230;)<\/p>\n<p><a href=\"https:\/\/www.closermag.fr\/people\/vous-vous-amusez-avec-vos-casseroles-yann-barthes-se-surpasse-en-interview-son-invite-presque-sans-voix-3535822\" rel=\"nofollow noopener\" target=\"_blank\" data-ylk=\"slk:Lire la suite sur Closer;elm:context_link;itc:0;sec:content-canvas\" class=\"link \">Lire la suite sur Closer<\/a><\/p>\n<p><a href=\"https:\/\/www.closermag.fr\/vecu\/faits_divers\/mort-demile-au-vernet-ces-accrochages-de-son-grand-pere-qui-ont-longtemps-ete-tus-au-hameau-3535904\" rel=\"nofollow noopener\" target=\"_blank\" data-ylk=\"slk:Mort d\u2019Emile au Vernet : ces \u201caccrochages\u201d de son grand-p\u00e8re qui ont longtemps \u00e9t\u00e9 tus au hameau;elm:context_link;itc:0;sec:content-canvas\" class=\"link \">Mort d\u2019Emile au Vernet : ces \u201caccrochages\u201d de son grand-p\u00e8re qui ont longtemps \u00e9t\u00e9 tus au hameau<\/a><br \/><a href=\"https:\/\/www.closermag.fr\/royautes\/prince-william-a-paris-tout-le-monde-dit-la-meme-chose-sur-son-escapade-secrete-avec-son-fils-george-3535915\" rel=\"nofollow noopener\" target=\"_blank\" data-ylk=\"slk:Prince William \u00e0 Paris : tout le monde dit la m\u00eame chose sur son escapade secr\u00e8te avec son fils George;elm:context_link;itc:0;sec:content-canvas\" class=\"link \">Prince William \u00e0 Paris : tout le monde dit la m\u00eame chose sur son escapade secr\u00e8te avec son fils George<\/a><br \/><a href=\"https:\/\/www.closermag.fr\/people\/ben-affleck-divorce-de-j-lo-il-crushe-sur-une-ex-de-brad-pitt-et-ca-va-rappeler-des-souvenirs-a-gwyneth-paltrow-3535895\" rel=\"nofollow noopener\" target=\"_blank\" data-ylk=\"slk:Ben Affleck divorc\u00e9 de J-Lo : il \u201ccrushe\u201d sur une ex de Brad Pitt et \u00e7a va rappeler des souvenirs \u00e0 Gwyneth Paltrow;elm:context_link;itc:0;sec:content-canvas\" class=\"link \">Ben Affleck divorc\u00e9 de J-Lo : il \u201ccrushe\u201d sur une ex de Brad Pitt et \u00e7a va rappeler des souvenirs \u00e0 Gwyneth Paltrow<\/a><br \/><a href=\"https:\/\/www.closermag.fr\/vecu\/mort-demile-de-passage-au-haut-vernet-voila-comment-cet-homme-sest-retrouve-sur-la-liste-des-suspects-3535905\" rel=\"nofollow noopener\" target=\"_blank\" data-ylk=\"slk:Mort d\u2019Emile : de passage au Haut-Vernet, voil\u00e0 comment cet homme s\u2019est retrouv\u00e9 sur la liste des suspects;elm:context_link;itc:0;sec:content-canvas\" class=\"link \">Mort d\u2019Emile : de passage au Haut-Vernet, voil\u00e0 comment cet homme s\u2019est retrouv\u00e9 sur la liste des suspects<\/a><br \/><a href=\"https:\/\/www.closermag.fr\/politique\/rachida-dati-cet-oubli-a-420-000-euros-qui-pourrait-lui-couter-sa-place-3535896\" rel=\"nofollow noopener\" target=\"_blank\" data-ylk=\"slk:Rachida Dati : cet oubli \u00e0 420.000 euros qui pourrait lui co\u00fbter sa place;elm:context_link;itc:0;sec:content-canvas\" class=\"link \">Rachida Dati : cet oubli \u00e0 420.000 euros qui pourrait lui co\u00fbter sa place<\/a><\/p>\n","protected":false},"excerpt":{"rendered":"Ce mercredi 9 avril 2025, Yann Barth\u00e8s animait un nouvel \u00e9pisode de Quotidien. L\u2019animateur recevait sur son plateau&hellip;\n","protected":false},"author":2,"featured_media":15295,"comment_status":"","ping_status":"","sticky":false,"template":"","format":"standard","meta":{"footnotes":""},"categories":[1356],"tags":[58,59,1011,27,6438,493,6437,6035,252,1364,1405],"class_list":{"0":"post-15294","1":"post","2":"type-post","3":"status-publish","4":"format-standard","5":"has-post-thumbnail","7":"category-television","8":"tag-divertissement","9":"tag-entertainment","10":"tag-fr","11":"tag-france","12":"tag-groupe-de-musique","13":"tag-guide-michelin","14":"tag-hugo-roellinger","15":"tag-lanimateur","16":"tag-television","17":"tag-tv","18":"tag-yann-barthes"},"share_on_mastodon":{"url":"https:\/\/pubeurope.com\/@fr\/114314403112259520","error":""},"_links":{"self":[{"href":"https:\/\/www.europesays.com\/fr\/wp-json\/wp\/v2\/posts\/15294","targetHints":{"allow":["GET"]}}],"collection":[{"href":"https:\/\/www.europesays.com\/fr\/wp-json\/wp\/v2\/posts"}],"about":[{"href":"https:\/\/www.europesays.com\/fr\/wp-json\/wp\/v2\/types\/post"}],"author":[{"embeddable":true,"href":"https:\/\/www.europesays.com\/fr\/wp-json\/wp\/v2\/users\/2"}],"replies":[{"embeddable":true,"href":"https:\/\/www.europesays.com\/fr\/wp-json\/wp\/v2\/comments?post=15294"}],"version-history":[{"count":0,"href":"https:\/\/www.europesays.com\/fr\/wp-json\/wp\/v2\/posts\/15294\/revisions"}],"wp:featuredmedia":[{"embeddable":true,"href":"https:\/\/www.europesays.com\/fr\/wp-json\/wp\/v2\/media\/15295"}],"wp:attachment":[{"href":"https:\/\/www.europesays.com\/fr\/wp-json\/wp\/v2\/media?parent=15294"}],"wp:term":[{"taxonomy":"category","embeddable":true,"href":"https:\/\/www.europesays.com\/fr\/wp-json\/wp\/v2\/categories?post=15294"},{"taxonomy":"post_tag","embeddable":true,"href":"https:\/\/www.europesays.com\/fr\/wp-json\/wp\/v2\/tags?post=15294"}],"curies":[{"name":"wp","href":"https:\/\/api.w.org\/{rel}","templated":true}]}}