{"id":152942,"date":"2025-06-05T03:04:14","date_gmt":"2025-06-05T03:04:14","guid":{"rendered":"https:\/\/www.europesays.com\/fr\/152942\/"},"modified":"2025-06-05T03:04:14","modified_gmt":"2025-06-05T03:04:14","slug":"la-bulgarie-prete-a-devenir-le-21e-etat-a-adopter-leuro-actualites","status":"publish","type":"post","link":"https:\/\/www.europesays.com\/fr\/152942\/","title":{"rendered":"La Bulgarie pr\u00eate \u00e0 devenir le 21e Etat \u00e0 adopter l&rsquo;euro : Actualit\u00e9s"},"content":{"rendered":"<p class=\"lead \">Bient\u00f4t une zone euro \u00e0 21 membres: la Bulgarie remplit d\u00e9sormais les conditions pour adopter la monnaie unique au 1er janvier 2026, selon la Commission europ\u00e9enne, trois ans apr\u00e8s l&rsquo;entr\u00e9e de la Croatie.<\/p>\n<p class=\"lead \">\u00ab\u00a0Un jour exceptionnel\u00a0\u00bb, a r\u00e9agi le Premier ministre Rossen Jeliazkov apr\u00e8s la publication mercredi du satisfecit de Bruxelles, saluant ce \u00ab\u00a0nouveau pas en avant\u00a0\u00bb sur le chemin europ\u00e9en, aboutissement de \u00ab\u00a0nombreux sacrifices\u00a0\u00bb et d&rsquo;une longue attente.<\/p>\n<p class=\"lead \">La d\u00e9cision formelle doit \u00eatre prise le 8 juillet par les ministres des Finances de l&rsquo;UE, mais aucune opposition n&rsquo;est attendue, alors que le pays d&rsquo;Europe orientale de 6,4 millions d&rsquo;habitants, le plus pauvre du bloc, respecte l&rsquo;ensemble des crit\u00e8res techniques.<\/p>\n<p class=\"lead \">La Banque centrale europ\u00e9enne (BCE) a \u00e9galement rendu mercredi un avis positif.<\/p>\n<p class=\"lead \">\u00ab\u00a0F\u00e9licitations Bulgarie!\u00a0\u00bb, a lanc\u00e9 la pr\u00e9sidente de la Commission, Ursula von der Leyen. \u00ab\u00a0Gr\u00e2ce \u00e0 l&rsquo;euro, l&rsquo;\u00e9conomie bulgare deviendra plus forte, avec plus d&rsquo;\u00e9changes avec les partenaires de la zone euro, plus d&rsquo;investissements directs \u00e9trangers\u00a0\u00bb.<\/p>\n<p class=\"lead \">&#8211; \u00ab\u00a0Pr\u00e9servons le lev bulgare\u00a0\u00bb &#8211;<\/p>\n<p class=\"lead \">Dans cet Etat membre de l&rsquo;Union europ\u00e9enne depuis 2007, la perspective d&rsquo;abandonner la devise nationale, le lev, est pourtant loin de faire l&rsquo;unanimit\u00e9.<\/p>\n<p class=\"lead \">Apr\u00e8s une manifestation qui avait r\u00e9uni plusieurs milliers de personnes samedi, des sympathisantsdu parti prorusse Vazrajdane se sont de nouveau rassembl\u00e9s mardi devant le b\u00e2timent de la Banque centrale bulgare, au coeur de Sofia.  <\/p>\n<p class=\"lead \">\u00ab\u00a0Pr\u00e9servons le lev bulgare\u00a0\u00bb, \u00ab\u00a0Non \u00e0 l&rsquo;euro\u00a0\u00bb ou encore \u00ab\u00a0L&rsquo;avenir appartient aux \u00c9tats souverains\u00a0\u00bb, pouvait-on lire sur les pancartes.<\/p>\n<p class=\"lead \">Le projet alimente la crainte d&rsquo;une flamb\u00e9e des prix et nourrit la col\u00e8re des europhobes. <\/p>\n<p class=\"lead \">Selon des sondages r\u00e9cents, pr\u00e8s de la moiti\u00e9 des personnes interrog\u00e9es refuse l&rsquo;entr\u00e9e du pays dans la zone euro d\u00e8s l&rsquo;an prochain.<\/p>\n<p class=\"lead \">Mais les partisans de ce changement historique y voient une \u00e9tape importante vers l&rsquo;ancrage g\u00e9opolitique occidental et une protection contre l&rsquo;influence du Kremlin.<\/p>\n<p class=\"lead \">Si Akseniya, d\u00e9veloppeuse informatique de 36 ans qui n&rsquo;a pas voulu donner son nom de famille, dit \u00e0 l&rsquo;AFP \u00ab\u00a0ressentir une certaine tristesse et un peu de nostalgie\u00a0\u00bb \u00e0 l&rsquo;id\u00e9e de perdre le lev, elle se r\u00e9jouit du fait que \u00ab\u00a0cela nous donnera une plus grande libert\u00e9 et facilitera les voyages \u00e0 l\u2019\u00e9tranger\u00a0\u00bb.<\/p>\n<p class=\"lead \">\u00ab\u00a0L&rsquo;euro apportera des avantages concrets aux citoyens et aux entreprises bulgares\u00a0\u00bb, confirme le commissaire europ\u00e9en \u00e0 l&rsquo;Economie, Valdis Dombrovskis. \u00ab\u00a0Apr\u00e8s l&rsquo;adh\u00e9sion compl\u00e8te de la Bulgarie \u00e0 l&rsquo;espace Schengen plus t\u00f4t cette ann\u00e9e\u00a0\u00bb, le pays se \u00ab\u00a0rapproche encore davantage du c\u0153ur de l&rsquo;Europe\u00a0\u00bb.<\/p>\n<p class=\"lead \">&#8211; \u00ab\u00a0Juste vivre bien\u00a0\u00bb &#8211;<\/p>\n<p class=\"lead \">Dans son rapport, la Commission europ\u00e9enne conclut que la Bulgarie remplit \u00ab\u00a0les conditions pour adopter la monnaie unique\u00a0\u00bb.<\/p>\n<p class=\"lead \">Ces crit\u00e8res \u00e9conomiques incluent la stabilit\u00e9 des prix, des finances publiques saines, une stabilit\u00e9 de la devise nationale, et des taux d&rsquo;int\u00e9r\u00eats qui ne divergent pas trop des autres pays de l&rsquo;UE.<\/p>\n<p class=\"lead \">La Bulgarie, dont le lev est d\u00e9j\u00e0 arrim\u00e9 \u00e0 l&rsquo;euro, aurait souhait\u00e9 passer \u00e0 l&rsquo;euro plus t\u00f4t, mais elle en avait \u00e9t\u00e9 emp\u00each\u00e9e jusqu&rsquo;ici en raison d&rsquo;une inflation trop \u00e9lev\u00e9e sur fond de grave crise politique.<\/p>\n<p class=\"lead \">La monnaie unique europ\u00e9enne a \u00e9t\u00e9 cr\u00e9\u00e9e au 1er janvier 1999 pour les transactions \u00e9lectroniques. Mais elle a pris une forme concr\u00e8te en 2002, avec la mise en circulation des pi\u00e8ces et des billets, en remplacement des devises nationales de 12 Etats membres de l&rsquo;UE dont l&rsquo;Allemagne, la France, l&rsquo;Italie et l&rsquo;Espagne.<\/p>\n<p class=\"lead \">Ils ont \u00e9t\u00e9 rejoints plus tard par huit autres pays: la Slov\u00e9nie en 2007, Chypre et Malte en 2008, la Slovaquie (2009), l&rsquo;Estonie (2011), la Lettonie (2014), la Lituanie (2015) et la Croatie en 2023. <\/p>\n<p class=\"lead \">La zone euro rassemble d\u00e9j\u00e0 350 millions d&rsquo;habitants, en attendant la Bulgarie. La monnaie unique est un symbole d&rsquo;unit\u00e9 et de souverainet\u00e9 europ\u00e9ennes. <\/p>\n<p class=\"lead \">Tous les pays de l&rsquo;UE se sont engag\u00e9s en th\u00e9orie \u00e0 y adh\u00e9rer d\u00e8s qu&rsquo;ils remplissent les conditions, mais aucun calendrier n&rsquo;est fix\u00e9. Seule exception: le Danemark qui a n\u00e9goci\u00e9 une exemption apr\u00e8s un r\u00e9f\u00e9rendum ayant rejet\u00e9 l&rsquo;euro en 2000.<\/p>\n<p class=\"lead \">A Sofia, Svilen Manavski, ouvrier en BTP de 61 ans, a accueilli la nouvelle avec philosophie. \u00ab\u00a0Que ce soit en euros, en dollars ou en leva, moi, je veux juste vivre bien!\u00a0\u00bb, r\u00e9sume-t-il.<\/p>\n<p class=\"small font-weight-bold text-gray3 \"> publi\u00e9 le 4 juin \u00e0 19h08, AFP<\/p>\n<p>                             Partager<\/p>\n","protected":false},"excerpt":{"rendered":"Bient\u00f4t une zone euro \u00e0 21 membres: la Bulgarie remplit d\u00e9sormais les conditions pour adopter la monnaie unique&hellip;\n","protected":false},"author":2,"featured_media":152943,"comment_status":"","ping_status":"","sticky":false,"template":"","format":"standard","meta":{"footnotes":""},"categories":[6],"tags":[13790,4779,9043,35,28264,33,34,590,1011,27,1778],"class_list":{"0":"post-152942","1":"post","2":"type-post","3":"status-publish","4":"format-standard","5":"has-post-thumbnail","7":"category-economie","8":"tag-conomie","9":"tag-banque-centrale","10":"tag-bulgarie","11":"tag-business","12":"tag-changes","13":"tag-economie","14":"tag-economy","15":"tag-finance","16":"tag-fr","17":"tag-france","18":"tag-ue"},"share_on_mastodon":{"url":"https:\/\/pubeurope.com\/@fr\/114628543361634810","error":""},"_links":{"self":[{"href":"https:\/\/www.europesays.com\/fr\/wp-json\/wp\/v2\/posts\/152942","targetHints":{"allow":["GET"]}}],"collection":[{"href":"https:\/\/www.europesays.com\/fr\/wp-json\/wp\/v2\/posts"}],"about":[{"href":"https:\/\/www.europesays.com\/fr\/wp-json\/wp\/v2\/types\/post"}],"author":[{"embeddable":true,"href":"https:\/\/www.europesays.com\/fr\/wp-json\/wp\/v2\/users\/2"}],"replies":[{"embeddable":true,"href":"https:\/\/www.europesays.com\/fr\/wp-json\/wp\/v2\/comments?post=152942"}],"version-history":[{"count":0,"href":"https:\/\/www.europesays.com\/fr\/wp-json\/wp\/v2\/posts\/152942\/revisions"}],"wp:featuredmedia":[{"embeddable":true,"href":"https:\/\/www.europesays.com\/fr\/wp-json\/wp\/v2\/media\/152943"}],"wp:attachment":[{"href":"https:\/\/www.europesays.com\/fr\/wp-json\/wp\/v2\/media?parent=152942"}],"wp:term":[{"taxonomy":"category","embeddable":true,"href":"https:\/\/www.europesays.com\/fr\/wp-json\/wp\/v2\/categories?post=152942"},{"taxonomy":"post_tag","embeddable":true,"href":"https:\/\/www.europesays.com\/fr\/wp-json\/wp\/v2\/tags?post=152942"}],"curies":[{"name":"wp","href":"https:\/\/api.w.org\/{rel}","templated":true}]}}