{"id":152946,"date":"2025-06-05T03:06:09","date_gmt":"2025-06-05T03:06:09","guid":{"rendered":"https:\/\/www.europesays.com\/fr\/152946\/"},"modified":"2025-06-05T03:06:09","modified_gmt":"2025-06-05T03:06:09","slug":"violences-apres-le-sacre-du-psg-2-ans-de-prison-pour-jean-christophe-pere-de-famille-et-pillard-des-magasins-de-creil","status":"publish","type":"post","link":"https:\/\/www.europesays.com\/fr\/152946\/","title":{"rendered":"Violences apr\u00e8s le sacre du PSG\u00a0: 2 ans de prison pour Jean-Christophe, p\u00e8re de famille et pillard des magasins de Creil"},"content":{"rendered":"<p class=\"paragraph text_align_left\">De prime abord, Jean-Christophe F., 40 ans, p\u00e8re de famille de sept enfants, n\u2019a pas le profil des jeunes qui ont commis des <a href=\"https:\/\/www.leparisien.fr\/faits-divers\/pillages-et-violences-apres-le-sacre-du-psg-comment-repondre-au-defi-securitaire-lors-des-grandes-fetes-populaires-02-06-2025-Q6NWR45WJ5CIFELPGIQB2U3TCE.php\" target=\"_self\" rel=\"noopener\">exactions un peu partout<\/a> en France dans la nuit de samedi \u00e0 dimanche, apr\u00e8s les festivit\u00e9s de la victoire parisienne en Ligue des champions. Le quadrag\u00e9naire a pourtant \u00e9t\u00e9 interpell\u00e9 dimanche, \u00e0 1 heure du matin, <a href=\"https:\/\/www.leparisien.fr\/faits-divers\/il-y-en-a-pour-plus-de-100-000-euros-la-colere-dun-patron-de-magasin-pille-apres-la-victoire-du-psg-01-06-2025-YHDYIY4VTZCNTFI5F6E744MFJ4.php\" target=\"_self\" rel=\"noopener\">place Carnot \u00e0 Creil,<\/a> les bras emplis d\u2019objets d\u00e9rob\u00e9s notamment dans l\u2019\u00e9picerie Tem\u2019s Market, place du G\u00e9n\u00e9ral-de-Gaulle \u00e0 Creil.<\/p>\n","protected":false},"excerpt":{"rendered":"De prime abord, Jean-Christophe F., 40 ans, p\u00e8re de famille de sept enfants, n\u2019a pas le profil des&hellip;\n","protected":false},"author":2,"featured_media":152947,"comment_status":"","ping_status":"","sticky":false,"template":"","format":"standard","meta":{"footnotes":""},"categories":[4],"tags":[11,118,1011,27,1944,12,1940,25],"class_list":{"0":"post-152946","1":"post","2":"type-post","3":"status-publish","4":"format-standard","5":"has-post-thumbnail","7":"category-france","8":"tag-actualites","9":"tag-faits-divers","10":"tag-fr","11":"tag-france","12":"tag-ma-ville","13":"tag-news","14":"tag-oise","15":"tag-republique-francaise"},"share_on_mastodon":{"url":"https:\/\/pubeurope.com\/@fr\/114628551357472635","error":""},"_links":{"self":[{"href":"https:\/\/www.europesays.com\/fr\/wp-json\/wp\/v2\/posts\/152946","targetHints":{"allow":["GET"]}}],"collection":[{"href":"https:\/\/www.europesays.com\/fr\/wp-json\/wp\/v2\/posts"}],"about":[{"href":"https:\/\/www.europesays.com\/fr\/wp-json\/wp\/v2\/types\/post"}],"author":[{"embeddable":true,"href":"https:\/\/www.europesays.com\/fr\/wp-json\/wp\/v2\/users\/2"}],"replies":[{"embeddable":true,"href":"https:\/\/www.europesays.com\/fr\/wp-json\/wp\/v2\/comments?post=152946"}],"version-history":[{"count":0,"href":"https:\/\/www.europesays.com\/fr\/wp-json\/wp\/v2\/posts\/152946\/revisions"}],"wp:featuredmedia":[{"embeddable":true,"href":"https:\/\/www.europesays.com\/fr\/wp-json\/wp\/v2\/media\/152947"}],"wp:attachment":[{"href":"https:\/\/www.europesays.com\/fr\/wp-json\/wp\/v2\/media?parent=152946"}],"wp:term":[{"taxonomy":"category","embeddable":true,"href":"https:\/\/www.europesays.com\/fr\/wp-json\/wp\/v2\/categories?post=152946"},{"taxonomy":"post_tag","embeddable":true,"href":"https:\/\/www.europesays.com\/fr\/wp-json\/wp\/v2\/tags?post=152946"}],"curies":[{"name":"wp","href":"https:\/\/api.w.org\/{rel}","templated":true}]}}