{"id":152955,"date":"2025-06-05T03:11:40","date_gmt":"2025-06-05T03:11:40","guid":{"rendered":"https:\/\/www.europesays.com\/fr\/152955\/"},"modified":"2025-06-05T03:11:40","modified_gmt":"2025-06-05T03:11:40","slug":"depinay-en-1971-a-nancy-aujourdhui-que-retenir-des-vingt-quatre-congres-du-parti-socialiste","status":"publish","type":"post","link":"https:\/\/www.europesays.com\/fr\/152955\/","title":{"rendered":"D\u2019\u00c9pinay en 1971 \u00e0 Nancy aujourd\u2019hui, que retenir des vingt-quatre congr\u00e8s du Parti socialiste\u00a0?"},"content":{"rendered":"<p><strong>R\u00c9CIT &#8211; <\/strong>Mitterrand-Rocard (1979), Jospin-Fabius (1990), Aubry-Royal (2008), Faure-Mayer-Rossignol (2023), les congr\u00e8s du PS furent souvent l\u2019occasion de chocs violents.<\/p>\n<p class=\"fig-paragraph\">Ce sera le 81e. Recr\u00e9\u00e9 avec les congr\u00e8s d\u2019Alfortville, Issy-les-Moulineaux (1969) et \u00c9pinay (1971),\u00a0<a href=\"http:\/\/www.lefigaro.fr\/politique\/desaccords-strategiques-inimities-tres-fortes-le-parti-socialiste-face-au-risque-de-la-fragmentation-20250504\" data-fig-type=\"Article\" data-gtm-custom-categorie=\"navigation\" data-gtm-custom-action=\"crossclick\" data-gtm-custom-label=\"Contextuel\" data-gtm-event=\"customEventSPE\" data-fig-domain=\"LEFIGARO\" target=\"_blank\" rel=\"noopener\">le Parti socialiste<\/a>\u00a0a gard\u00e9 l\u2019habitude de compter ses congr\u00e8s \u00e0 partir de celui du Globe, en 1905. Ce jour-l\u00e0, le Parti socialiste fran\u00e7ais de\u00a0<a href=\"https:\/\/www.lefigaro.fr\/histoire\/archives\/jean-jaures-entre-au-pantheon-le-23-novembre-1924-un-spectacle-grandiose-20191122\" data-fig-type=\"Article\" data-gtm-custom-categorie=\"navigation\" data-gtm-custom-action=\"crossclick\" data-gtm-custom-label=\"Contextuel\" data-gtm-event=\"customEventSPE\" data-fig-domain=\"LEFIGARO\" target=\"_blank\" rel=\"noopener\">Jean Jaur\u00e8s<\/a>\u00a0et le Parti socialiste de France de Jules Guesde fusionnaient au sein de la Section fran\u00e7aise de l\u2019Internationale ouvri\u00e8re (SFIO). Ce fut le \u00ab\u00a0congr\u00e8s de l\u2019unit\u00e9\u00a0\u00bb. De 1905 \u00e0 1968, la SFIO a tenu cinquante-six congr\u00e8s. Le plus c\u00e9l\u00e8bre est celui qui ent\u00e9rina \u00e0 Tours, en d\u00e9cembre 1920, la rupture entre les communistes, partisans de l\u2019adh\u00e9sion \u00e0 la IIIe Internationale, majoritaires, et les socialistes, tenants de la IIe\u00a0Internationale, minoritaires, mais qui gard\u00e8rent la \u00ab\u00a0vieille maison\u00a0\u00bb. Deux de ces congr\u00e8s ont d\u00e9j\u00e0 eu lieu \u00e0 Nancy, en 1907 et 1929, le premier portant sur la question du militarisme et le second sur celle de l\u2019\u00e9cole, comme le raconte l\u2019historien des gauches fran\u00e7aises Gilles Candar dans une note publi\u00e9e par la\u2026<\/p>\n<p class=\"fig-premium-paywall__infos\">\n        Cet article est r\u00e9serv\u00e9 aux abonn\u00e9s.        Il vous reste 87% \u00e0 d\u00e9couvrir.\n    <\/p>\n<p>                <img  data- alt=\"Le Figaro\" class=\"fig-img--complete fig-img\"\/><\/p>\n<p class=\"fig-premium-paywall__title\">Vente Flash<\/p>\n<p class=\"fig-premium-paywall__subtitle\">4,99\u20ac par mois pendant 12 mois. Sans engagement.<\/p>\n<p class=\"fig-premium-paywall__connect\">\n                D\u00e9j\u00e0 abonn\u00e9\u00a0?                <a class=\"fig-premium-paywall__connect-link\" href=\"https:\/\/connect.lefigaro.fr\/login?client=horizon_web&amp;type=main&amp;redirect_uri=https%3A%2F%2Fwww.lefigaro.fr%2Fpolitique%2Fd-epinay-en-1971-a-nancy-aujourd-hui-que-retenir-des-vingt-quatre-congres-du-parti-socialiste-20250605\" data-js-gtm=\"{&quot;customCategorie&quot;: &quot;conversion&quot;, &quot;customAction&quot;: &quot;before_Landing_Connexion_paywall_auto&quot;, &quot;customLabel&quot;: &quot;bGVmaWdhcm8uZnJfXzFmMDQxMmRiLTA3YTctNjBjYy1hNjc2LWNmZmE0ZDNlZTEwN19fQXJ0aWNsZQ==_D\u2019\u00c9pinay en 1971 \u00e0 Nancy aujourd\u2019hui, que retenir des vingt-quatre congr\u00e8s du Parti socialiste\u00a0?_1000&quot;, &quot;customIDSPE&quot;: &quot;bGVmaWdhcm8uZnJfXzFmMDQxMmRiLTA3YTctNjBjYy1hNjc2LWNmZmE0ZDNlZTEwN19fQXJ0aWNsZQ==&quot;, &quot;event&quot;: &quot;customEventSPE&quot;}\" target=\"_blank\" rel=\"noopener\"><br \/>\n                    Connectez-vous<br \/>\n                <\/a>\n            <\/p>\n","protected":false},"excerpt":{"rendered":"R\u00c9CIT &#8211; Mitterrand-Rocard (1979), Jospin-Fabius (1990), Aubry-Royal (2008), Faure-Mayer-Rossignol (2023), les congr\u00e8s du PS furent souvent l\u2019occasion de&hellip;\n","protected":false},"author":2,"featured_media":152956,"comment_status":"","ping_status":"","sticky":false,"template":"","format":"standard","meta":{"footnotes":""},"categories":[9635],"tags":[1111,11,426,427,422,423,1777,674,1011,27,418,775,424,425,420,421,1702,12,419,3541,316,429,25,428],"class_list":{"0":"post-152955","1":"post","2":"type-post","3":"status-publish","4":"format-standard","5":"has-post-thumbnail","7":"category-nancy","8":"tag-actu","9":"tag-actualites","10":"tag-candidat","11":"tag-candidats","12":"tag-depute","13":"tag-deputes","14":"tag-eu","15":"tag-europe","16":"tag-fr","17":"tag-france","18":"tag-gouvernement","19":"tag-grand-est","20":"tag-institution","21":"tag-institutions","22":"tag-loi","23":"tag-lois","24":"tag-nancy","25":"tag-news","26":"tag-opposition","27":"tag-parti-socialiste","28":"tag-politique","29":"tag-ps","30":"tag-republique-francaise","31":"tag-ump"},"share_on_mastodon":{"url":"https:\/\/pubeurope.com\/@fr\/114628570855999460","error":""},"_links":{"self":[{"href":"https:\/\/www.europesays.com\/fr\/wp-json\/wp\/v2\/posts\/152955","targetHints":{"allow":["GET"]}}],"collection":[{"href":"https:\/\/www.europesays.com\/fr\/wp-json\/wp\/v2\/posts"}],"about":[{"href":"https:\/\/www.europesays.com\/fr\/wp-json\/wp\/v2\/types\/post"}],"author":[{"embeddable":true,"href":"https:\/\/www.europesays.com\/fr\/wp-json\/wp\/v2\/users\/2"}],"replies":[{"embeddable":true,"href":"https:\/\/www.europesays.com\/fr\/wp-json\/wp\/v2\/comments?post=152955"}],"version-history":[{"count":0,"href":"https:\/\/www.europesays.com\/fr\/wp-json\/wp\/v2\/posts\/152955\/revisions"}],"wp:featuredmedia":[{"embeddable":true,"href":"https:\/\/www.europesays.com\/fr\/wp-json\/wp\/v2\/media\/152956"}],"wp:attachment":[{"href":"https:\/\/www.europesays.com\/fr\/wp-json\/wp\/v2\/media?parent=152955"}],"wp:term":[{"taxonomy":"category","embeddable":true,"href":"https:\/\/www.europesays.com\/fr\/wp-json\/wp\/v2\/categories?post=152955"},{"taxonomy":"post_tag","embeddable":true,"href":"https:\/\/www.europesays.com\/fr\/wp-json\/wp\/v2\/tags?post=152955"}],"curies":[{"name":"wp","href":"https:\/\/api.w.org\/{rel}","templated":true}]}}