{"id":152969,"date":"2025-06-05T03:22:24","date_gmt":"2025-06-05T03:22:24","guid":{"rendered":"https:\/\/www.europesays.com\/fr\/152969\/"},"modified":"2025-06-05T03:22:24","modified_gmt":"2025-06-05T03:22:24","slug":"sainte-marie-aux-mines-le-festival-aux-chandelles-a-ravi-le-public","status":"publish","type":"post","link":"https:\/\/www.europesays.com\/fr\/152969\/","title":{"rendered":"Sainte-Marie-aux-Mines. Le Festival aux chandelles a ravi le public"},"content":{"rendered":"<p>Du pr\u00e9 festival au mini-concert, chaque \u00e9tape du Festival aux chandelles a \u00e9t\u00e9 une pierre pour tracer une v\u00e9ritable voie vers le succ\u00e8s de cette \u00e9dition 2025, du 29 au 31\u00a0mai. Chaque concert a apport\u00e9 son lot d\u2019\u00e9motion, de d\u00e9couvertes surprenantes, de talents confirm\u00e9s ou en devenir, qui ont ravi le public.<\/p>\n<p>Le pr\u00e9sident Pierre Jehel, la directrice artistique H\u00e9l\u00e8ne Papadopoulos, et l\u2019ensemble des b\u00e9n\u00e9voles peuvent \u00eatre fiers du travail accompli. Ils ont parfaitement ma\u00eetris\u00e9 cette organisation et ont r\u00e9agi promptement pour rem\u00e9dier aux absences de l\u2019un ou l\u2019autre&#8230;<\/p>\n","protected":false},"excerpt":{"rendered":"Du pr\u00e9 festival au mini-concert, chaque \u00e9tape du Festival aux chandelles a \u00e9t\u00e9 une pierre pour tracer une&hellip;\n","protected":false},"author":2,"featured_media":152970,"comment_status":"","ping_status":"","sticky":false,"template":"","format":"standard","meta":{"footnotes":""},"categories":[2820],"tags":[1111,11,1687,3143,1777,674,1011,27,775,873,12,25,24286,640,24287],"class_list":{"0":"post-152969","1":"post","2":"type-post","3":"status-publish","4":"format-standard","5":"has-post-thumbnail","7":"category-strasbourg","8":"tag-actu","9":"tag-actualites","10":"tag-culture-loisirs","11":"tag-edition-selestat-erstein","12":"tag-eu","13":"tag-europe","14":"tag-fr","15":"tag-france","16":"tag-grand-est","17":"tag-musique","18":"tag-news","19":"tag-republique-francaise","20":"tag-sainte-marie-aux-mines","21":"tag-strasbourg","22":"tag-val-dargent"},"share_on_mastodon":{"url":"https:\/\/pubeurope.com\/@fr\/114628614288044979","error":""},"_links":{"self":[{"href":"https:\/\/www.europesays.com\/fr\/wp-json\/wp\/v2\/posts\/152969","targetHints":{"allow":["GET"]}}],"collection":[{"href":"https:\/\/www.europesays.com\/fr\/wp-json\/wp\/v2\/posts"}],"about":[{"href":"https:\/\/www.europesays.com\/fr\/wp-json\/wp\/v2\/types\/post"}],"author":[{"embeddable":true,"href":"https:\/\/www.europesays.com\/fr\/wp-json\/wp\/v2\/users\/2"}],"replies":[{"embeddable":true,"href":"https:\/\/www.europesays.com\/fr\/wp-json\/wp\/v2\/comments?post=152969"}],"version-history":[{"count":0,"href":"https:\/\/www.europesays.com\/fr\/wp-json\/wp\/v2\/posts\/152969\/revisions"}],"wp:featuredmedia":[{"embeddable":true,"href":"https:\/\/www.europesays.com\/fr\/wp-json\/wp\/v2\/media\/152970"}],"wp:attachment":[{"href":"https:\/\/www.europesays.com\/fr\/wp-json\/wp\/v2\/media?parent=152969"}],"wp:term":[{"taxonomy":"category","embeddable":true,"href":"https:\/\/www.europesays.com\/fr\/wp-json\/wp\/v2\/categories?post=152969"},{"taxonomy":"post_tag","embeddable":true,"href":"https:\/\/www.europesays.com\/fr\/wp-json\/wp\/v2\/tags?post=152969"}],"curies":[{"name":"wp","href":"https:\/\/api.w.org\/{rel}","templated":true}]}}