{"id":152986,"date":"2025-06-05T03:32:13","date_gmt":"2025-06-05T03:32:13","guid":{"rendered":"https:\/\/www.europesays.com\/fr\/152986\/"},"modified":"2025-06-05T03:32:13","modified_gmt":"2025-06-05T03:32:13","slug":"les-brocantes-et-vide-greniers-organises-le-week-end-des-7-et-8-juin-dans-le-nord","status":"publish","type":"post","link":"https:\/\/www.europesays.com\/fr\/152986\/","title":{"rendered":"Les brocantes et vide-greniers organis\u00e9s le week-end des 7 et 8 juin dans le Nord"},"content":{"rendered":"<p>            Par<br \/>\n        <strong><br \/>\n            <a href=\"https:\/\/actu.fr\/auteur\/hervine-mahaud\" title=\"Consulter tous les articles de Hervine Mahaud\" rel=\"nofollow noopener\" target=\"_blank\">Hervine Mahaud<\/a><br \/>\n        <\/strong><\/p>\n<p>        Publi\u00e9 le<\/p>\n<p>            4 juin 2025 \u00e0 12h00        <\/p>\n<p>Si la m\u00e9t\u00e9o est de la partie ce <b>week-end<\/b>, il sera possible de faire plein de <a href=\"https:\/\/actu.fr\/tag\/bon-plan-a-lille\" rel=\"nofollow noopener\" target=\"_blank\">bonnes affaires<\/a>\u2009! En effet, de nombreux <b>vide-greniers<\/b>, <b>brocantes<\/b> et <b>braderies<\/b> sont organis\u00e9s les samedi\u00a07 et dimanche 8\u00a0juin 2025 dans le <b>Nord<\/b>. Pour compl\u00e9ter, retrouvez <a href=\"https:\/\/actu.fr\/loisirs-culture\/voici-les-brocantes-et-vide-greniers-organises-samedi-7-et-dimanche-8-juin-dans-le-pas-de-calais_62726803.html\" rel=\"nofollow noopener\" target=\"_blank\">la liste des march\u00e9s aux puces annonc\u00e9s dans le Pas-de-Calais<\/a>.<\/p>\n<p>Samedi 7\u00a0juin 2025<\/p>\n<p class=\" wall-content\"><b>Autour de Dunkerque<\/b><\/p>\n<ul class=\" wall-content\">\n<li><b>Bailleul<\/b> \u2013\u00a0Brocante avec 150\u00a0exposants, de 7h \u00e0 15h. Rue de Verdun, rue Arnouldstaete, rue de l\u2019Ancienne Poste aux Chevaux.<\/li>\n<li><b>Coudekerque-Branche<\/b> \u2013 Brocante de 6h \u00e0 18h. Quartier du Vieux Coudekerque.<\/li>\n<li><b>Ghyvelde<\/b> \u2013\u00a0Brocante avec 130\u00a0exposants, de 6h \u00e0 18h. Rue Nationale, rue Charles Six.<\/li>\n<li><b>Leffrinckoucke<\/b> \u2013\u00a0Vide Greniers de 340 emplacements, de 7h \u00e0 17h. Rue du G\u00e9n\u00e9ral Janssen, rue Jules Deswarte, rue de l\u2019Abb\u00e9 Bonpain.<\/li>\n<li><b>Winnezeele<\/b> \u2013\u00a0Brocante avec 180\u00a0exposants, de 8h \u00e0 16h. Rue Stenvoorde, rue Droogland, rue Cassel, rue Herzeele.<\/li>\n<\/ul>\n<p class=\" wall-content\"><b>Autour de Lille<\/b><\/p>\n<ul class=\" wall-content\">\n<li><b>Ann\u0153ullin<\/b> \u2013 Vide-greniers avec 250\u00a0exposants, de 8h \u00e0 16h. Rue Saint Exup\u00e9ry, rue Docteur Schaffner, rue Henri Bonte.<\/li>\n<li><b>Bauvin<\/b> \u2013\u00a0Grand D\u00e9barras, de 9h \u00e0 18h. Union Bauvinoise, 65 rue de la Gare.<\/li>\n<li><b>Comines<\/b> \u2013\u00a0Braderie de la Victoire avec 480\u00a0exposants, de 7h \u00e0 15h. Rue de la Victoire, rue de la Gendarmerie, rue Guynemer, rue Philippe de Commynes.<\/li>\n<li><b>Haubourdin<\/b> \u2013\u00a0Vide Greniers de 8h \u00e0 16h. Rue Joseph Bara, rue de la Motte, place Clemenceau, rue Loridan, rue du Quai.<\/li>\n<li><b>Houplin-Ancoisne<\/b> \u2013\u00a0Braderie avec 150\u00a0exposants, de 8h \u00e0 16h. Rue du 1er\u00a0Mai, rue du Vert Bois.<\/li>\n<li><b>La Chapelle d\u2019Armenti\u00e8res<\/b> \u2013\u00a0Braderie avec 300\u00a0exposants, de 7h \u00e0 14h. Rue du Ml de Lattre de Tassigny, rue Alexis Carrel.<\/li>\n<li><b>Lambersart<\/b> \u2013\u00a0Vide-greniers avec 140\u00a0exposants, de 7h \u00e0 13h. Rue du Bourg, place F\u00e9lix Clou\u00ebt.<\/li>\n<li><b>Lille<\/b> \u2013\u00a0Brocante avec 500\u00a0exposants, de 9h \u00e0 20h. Place du Concert rue de la Coll\u00e9giale, place des Archives, rue Saint-Andr\u00e9.<\/li>\n<li><b>Lomme<\/b> \u2013\u00a0Vide-greniers avec 70\u00a0exposants, de 8h \u00e0 17h. Parking du magasin IKEA, 130 rue du Grand But.<\/li>\n<li><b>Sainghin-en-Weppes<\/b> \u2013\u00a0Braderie avec 350\u00a0exposants, de 7h \u00e0 13h. Du rond-point du centre-ville aux rues Gambetta et Waldeck Rousseau.<\/li>\n<li><b>Villeneuve-d\u2019Ascq<\/b> \u2013\u00a0Braderie avec 120\u00a0exposants, de 10h \u00e0 18h. \u00c9cole primaire Bossuet, 4 all\u00e9e de la Basoche.<\/li>\n<\/ul>\n<p class=\" wall-content\"><b>Autour de Douai<\/b><\/p>\n<ul class=\" wall-content\">\n<li><b>Cuincy<\/b> \u2013\u00a0Brocante avec 150\u00a0exposants, de 9h \u00e0 16h. Rue Blum, rue Pasteur, rue Lannoy, rue P\u00e9ri.<\/li>\n<li><b>Douai<\/b> \u2013 Vente de livres, vinyles, CD, DVD, timbres, cartes postales, de 9h \u00e0 12h et de 14h00 \u00e0 16h30. \u00c9cole Denis Papin, 132 rue de Goeulzin.<\/li>\n<li><b>Estr\u00e9es<\/b> \u2013\u00a0Vide-dressing avec 50\u00a0exposants, de 10h \u00e0 18h. Salle des f\u00eates Andr\u00e9 Cauchy, rue de la Mairie.<\/li>\n<li><b>Lewarde<\/b> \u2013\u00a0Brocante avec 500\u00a0exposants, de 8h \u00e0 17h. Place des Martyrs, rue de Loffre, rue de Montigny, rue Jules Guesde.<\/li>\n<\/ul>\n<p class=\" wall-content\"><b>Autour de Cambrai<\/b><\/p>\n<ul class=\" wall-content\">\n<li><b>Saint-Benin<\/b> \u2013 Brocante avec 50\u00a0exposants, de 8h \u00e0 18h. Rue Pasteur.<\/li>\n<\/ul>\n<p class=\" wall-content\"><b>Autour de Valenciennes<\/b><\/p>\n<ul class=\" wall-content\">\n<li><b>Raismes<\/b> \u2013\u00a0Brocante en salle de 9h \u00e0 19h. Salle Salvador Allende, 219 rue Henri Durre.<\/li>\n<li><b>Trith-Saint-L\u00e9ger<\/b> \u2013\u00a0Brocante avec 100\u00a0exposants, de 8h \u00e0 15h. Rue Cuvelette, rue Goudchaux, rue Bessemer, rue Sautter.<\/li>\n<li><b>Valenciennes<\/b> \u2013\u00a0Brocante avec 50\u00a0exposants, de 15h \u00e0 20h. Place des Charbonniers, rue de Petite For\u00eat.<\/li>\n<\/ul>\n<p class=\" wall-content\"><b>Autour d\u2019Avesnes-sur-Helpe<\/b><\/p>\n<ul class=\" wall-content\">\n<li><b>Maubeuge<\/b> \u2013\u00a0Salon, bourse, exposition de v\u00e9hicules anciens, avec 120 v\u00e9hicules, de 9h \u00e0 19h. Espace Sculfort, route de Valenciennes. Entr\u00e9e 3\u20ac50, gratuit \u2013 12\u00a0ans.<b\/><\/li>\n<\/ul>\n<p>Dimanche 8\u00a0juin 2025<\/p>\n<p class=\" wall-content\"><b>Autour de Dunkerque<\/b><\/p>\n<ul class=\" wall-content\">\n<li><b>Bavinchove<\/b> \u2013\u00a0Brocante avec 100\u00a0exposants, de 7h \u00e0 17h. Place de l\u2019\u00c9glise, rue de l\u2019\u00c9glise, route de Saint-Omer, route Nationale.<\/li>\n<li><b>Esquelbecq<\/b> \u2013 March\u00e9 aux livres avec 15\u00a0exposants, de 10h \u00e0 17h. Place Alphonse Bergerot.<\/li>\n<li><b>Grande-Synthe<\/b> \u2013\u00a0Brocante avec 215\u00a0exposants, de 6h \u00e0 18h. Avenue Dubedout.<\/li>\n<li><b>Hazebrouck<\/b> \u2013\u00a0Brocante avec 200\u00a0exposants, de 8h \u00e0 16h. Rue Heerstraete, rue du Bois, rue du Rocher, rue des Roseaux.<\/li>\n<li><b>Malo-les-Bains<\/b> \u2013 Vide-greniers avec 200\u00a0exposants, de 8h \u00e0 16h. Place Delta.<\/li>\n<li><b>Merckeghem<\/b> \u2013\u00a0Brocante avec 100\u00a0exposants, de 6h \u00e0 23h. Route de Watten, route de Bollezeele, route de Saint-Omer.<\/li>\n<li><b>Merville<\/b> \u2013\u00a0Brocante avec 200\u00a0exposants, de 6h \u00e0 18h. Rue d\u2019Aire, rue Pasteur.<\/li>\n<li><b>Petite-Synthe<\/b> \u2013 Brocante avec 320\u00a0exposants, de 6h \u00e0 18h. Rue Paul Dessinguez.<\/li>\n<li><b>Rosenda\u00ebl<\/b> \u2013\u00a0Brocante avec 250\u00a0exposants, de 6h30 \u00e0 18h30. Rue Jeanne Jugan.<\/li>\n<li><b>West-Cappel<\/b> \u2013 Brocante de 6h \u00e0 16h. Contour de l\u2019\u00c9glise.<\/li>\n<\/ul>\n<p class=\" wall-content\"><b>Autour de Lille<\/b><\/p>\n<ul class=\" wall-content\">\n<li><b>Armenti\u00e8res<\/b> \u2013\u00a0Brocante de 8h \u00e0 15h. Place de Chanzy, rue des D\u00e9port\u00e9s, rue des Quais, rue du Docteur Roux, avenue Breuvard.<\/li>\n<li><b>Bauvin<\/b> \u2013 Grand D\u00e9barras, de 9h \u00e0 18h. Union Bauvinoise, 65 rue de la Gare.<\/li>\n<li><b>Bourghelles<\/b> \u2013 Vide-greniers avec 100\u00a0exposants, de 8h \u00e0 12h30. Rue Edmond Delbass\u00e9.<\/li>\n<li><b>Fournes-en-Weppes<\/b> \u2013\u00a0Brocante avec 130\u00a0exposants, de 7h \u00e0 13h. Rue Faidherbe, parvis de l\u2019\u00e9glise.<\/li>\n<li><b>Genech<\/b> \u2013\u00a0Braderie de 8h \u00e0 13h. All\u00e9e de la Patience, rue de l\u2019Avenir, all\u00e9e des Lavandes, all\u00e9e des Peupliers, all\u00e9e de la Croix du Sud, all\u00e9e des Bl\u00e9s d\u2019Or, rue Saint-Exup\u00e9ry.<\/li>\n<li><b>Lambersart<\/b> \u2013\u00a0Brocante avec 100\u00a0exposants, de 8h \u00e0 13h. Rue L\u00e9on Trulin, place Louise de Bettignies.<\/li>\n<li><b>Marcq-en-Bar\u0153ul<\/b> \u2013\u00a0Vide Greniers avec 400\u00a0exposants, de 8h \u00e0 13h Place Clovis Tiers, rue Jules Delcenserie, rue Brossolette.<\/li>\n<li><b>Tourcoing<\/b> \u2013\u00a0March\u00e9 aux puces avec 500\u00a0exposants, de 7h \u00e0 16h. Rue de Gand.<\/li>\n<li><b>Wervicq-Sud<\/b> \u2013\u00a0Vide-greniers avec 400\u00a0exposants, de 8h \u00e0 16h. Rue Jules Ferry, rue Pierre et Marie Curie, rue et Square Henri Dunant, rue Roger Bouvier, rue Louis Braille.<\/li>\n<\/ul>\n<p class=\" wall-content\"><b>Autour de Douai<\/b><\/p>\n<ul class=\" wall-content\">\n<li><b>Auby<\/b> \u2013 Braderie de 8h \u00e0 18h. Rue des Engrais.<\/li>\n<li><b>Fenain<\/b> \u2013\u00a0Vide-greniers avec 100\u00a0exposants, de 7h \u00e0 16h. Cour de l\u2019\u00e9cole primaire Joliot Curie, rue Ir\u00e8ne Joliot Curie.<\/li>\n<li><b>Flines-lez-Raches<\/b> \u2013 Brocante avec 300\u00a0exposants, de 7h \u00e0 14h. Rue du 11\u00a0Novembre.<\/li>\n<li><b>Orchies<\/b> \u2013\u00a0Braderie avec 200\u00a0exposants, de 8h \u00e0 14h. Rue Bernard Palissy, rue du Moulin des Loups.<\/li>\n<li><b>R\u00e2ches<\/b> \u2013\u00a0Vide-greniers, de 8h \u00e0 16h. Rue de la Gare, rue \u00c9mile Zola, rue Jean Jaur\u00e8s.<\/li>\n<li><b>Roucourt<\/b> \u2013\u00a0Brocante avec 100\u00a0exposants, de 6h30 \u00e0 13h30. Rue Georges Duburque, rue Louis Maillet, rue Elie Dessaint.<\/li>\n<li><b>Sin-le-Noble<\/b> \u2013\u00a0Brocante avec 400\u00a0exposants, de 8h \u00e0 17h. Rue Carnot, rue de Verdun, rue de Douai, rue Jean-Baptiste Lebas, place Jean Jaur\u00e8s.<\/li>\n<\/ul>\n<p class=\" wall-content\"><b>Autour de Cambrai<\/b><\/p>\n<ul class=\" wall-content\">\n<li><b>Cambrai<\/b> \u2013\u00a0Brocante de 7h \u00e0 18h. Rue Lafayette, rue Lavoisier, rue Jean Mermoz, rue Jules Verne.<\/li>\n<li><b>Cantaing-sur-Escaut<\/b> \u2013 Brocante de 6h \u00e0 17h. Place de la Mairie.<\/li>\n<\/ul>\n<p class=\" wall-content\"><b>Autour de Valenciennes<\/b><\/p>\n<ul class=\" wall-content\">\n<li><b>Anzin<\/b> \u2013\u00a0Brocante avec 200\u00a0exposants, de 6h \u00e0 17h. Rue de la Verrerie, all\u00e9e des Lilas, all\u00e9e des Roses.<\/li>\n<li><b>Avesnes-le-Sec<\/b> \u2013 Brocante de 8h \u00e0 16h. Rue de la Nation.<\/li>\n<li><b>Bruay-sur-l\u2019Escaut<\/b> \u2013 Brocante avec 80\u00a0exposants, de 8h \u00e0 17h. Rue Hoche.<\/li>\n<li><b>Cond\u00e9-sur-l\u2019Escaut<\/b> \u2013\u00a0Brocante avec 150\u00a0exposants, de 8h \u00e0 18h. Base de loisirs, rue Richelieu.<\/li>\n<li><b>Cond\u00e9-sur-l\u2019Escaut<\/b> \u2013\u00a0Vide-greniers de 8h \u00e0 18h. Hameau de Macou, rue de la Fosse.<\/li>\n<li><b>Estreux<\/b> \u2013\u00a0Brocante avec 200\u00a0exposants, de 8h \u00e0 17h. Rue de la Libert\u00e9, rue Joliot Curie, rue Beaugrenier, rue Elie Breucq.<\/li>\n<li><b>La Sentinelle<\/b> \u2013\u00a0Brocante avec 200\u00a0exposants, de 8h \u00e0 18h. Rue Charles Basquin, place Nicod, rue Roger Salengro, rue Domaine de la Perche.<\/li>\n<li><b>Mastaing<\/b> \u2013\u00a0Brocante avec 265\u00a0exposants, de 7h \u00e0 15h. Rue Georges Pompidou, rue Charles de\u00a0Gaulle, rue du 6\u00a0juin 44, rue Charles Place.<\/li>\n<li><b>Raismes<\/b> \u2013\u00a0Brocante avec 150\u00a0exposants, de 8h \u00e0 17h. Place Alexandre Leleux, rue du Long Pr\u00e9, rue de Wallers.<\/li>\n<li><b>Raismes<\/b> \u2013 Brocante en salle de 9h \u00e0 19h. Salle Salvador Allende, 219 rue Henri Durre.<\/li>\n<li><b>Roeulx<\/b> \u2013\u00a0Brocante de 8h \u00e0 14h. Rue Jean Jaur\u00e8s, rue Henri Durre, rue Ghesqui\u00e8re.<\/li>\n<\/ul>\n<p class=\" wall-content\"><b>Autour d\u2019Avesnes-sur-Helpe<\/b><\/p>\n<ul class=\" wall-content\">\n<li><b>Colleret<\/b> \u2013 Brocante de 7h \u00e0 18h. Hameau d\u2019Ostergnies.<\/li>\n<li><b>Maubeuge<\/b> \u2013 Salon, bourse, exposition de v\u00e9hicules anciens, avec 120 v\u00e9hicules, de 9h \u00e0 18h. Espace Sculfort, route de Valenciennes. Entr\u00e9e 3\u20ac50, gratuit \u2013 12\u00a0ans.<\/li>\n<li><b>Maubeuge<\/b> \u2013\u00a0Brocante avec 150\u00a0exposants, de 8h \u00e0 17h. Rue de la Croix, rue Gustave Sculfort, place des Cantuaines.<\/li>\n<li><b>Recquignies<\/b> \u2013 Brocante de 7h \u00e0 17h. Place de Nice.<\/li>\n<li><b>Rousies<\/b> \u2013\u00a0Brocante de 6h \u00e0 18h. Parking de la salle des sports L\u00e9on Philippe, rue de Maubeuge.<\/li>\n<\/ul>\n<p class=\" wall-content\">Suivez toute l\u2019actualit\u00e9 de vos villes et m\u00e9dias favoris en vous inscrivant \u00e0 <a href=\"https:\/\/moncompte.actu.fr\" title=\"D\u00e9couvez Mon Actu\" rel=\"nofollow noopener\" data-trk=\"{&quot;cta&quot;:{&quot;action&quot;:&quot;https:\\\/\\\/moncompte.actu.fr&quot;,&quot;category&quot;:&quot;mon compte&quot;,&quot;from&quot;:&quot;article footer&quot;,&quot;name&quot;:&quot;Mon actu&quot;,&quot;type&quot;:&quot;cta&quot;}}\" target=\"_blank\">Mon Actu<\/a>.<\/p>\n","protected":false},"excerpt":{"rendered":"Par Hervine Mahaud Publi\u00e9 le 4 juin 2025 \u00e0 12h00 Si la m\u00e9t\u00e9o est de la partie ce&hellip;\n","protected":false},"author":2,"featured_media":152987,"comment_status":"","ping_status":"","sticky":false,"template":"","format":"standard","meta":{"footnotes":""},"categories":[2815],"tags":[1111,11,6961,1777,674,1011,27,811,1307,1652,12,25,3365],"class_list":{"0":"post-152986","1":"post","2":"type-post","3":"status-publish","4":"format-standard","5":"has-post-thumbnail","7":"category-lille","8":"tag-actu","9":"tag-actualites","10":"tag-brocante","11":"tag-eu","12":"tag-europe","13":"tag-fr","14":"tag-france","15":"tag-hauts-de-france","16":"tag-lille","17":"tag-loisirs-culture","18":"tag-news","19":"tag-republique-francaise","20":"tag-vide-greniers"},"share_on_mastodon":{"url":"https:\/\/pubeurope.com\/@fr\/114628653451067917","error":""},"_links":{"self":[{"href":"https:\/\/www.europesays.com\/fr\/wp-json\/wp\/v2\/posts\/152986","targetHints":{"allow":["GET"]}}],"collection":[{"href":"https:\/\/www.europesays.com\/fr\/wp-json\/wp\/v2\/posts"}],"about":[{"href":"https:\/\/www.europesays.com\/fr\/wp-json\/wp\/v2\/types\/post"}],"author":[{"embeddable":true,"href":"https:\/\/www.europesays.com\/fr\/wp-json\/wp\/v2\/users\/2"}],"replies":[{"embeddable":true,"href":"https:\/\/www.europesays.com\/fr\/wp-json\/wp\/v2\/comments?post=152986"}],"version-history":[{"count":0,"href":"https:\/\/www.europesays.com\/fr\/wp-json\/wp\/v2\/posts\/152986\/revisions"}],"wp:featuredmedia":[{"embeddable":true,"href":"https:\/\/www.europesays.com\/fr\/wp-json\/wp\/v2\/media\/152987"}],"wp:attachment":[{"href":"https:\/\/www.europesays.com\/fr\/wp-json\/wp\/v2\/media?parent=152986"}],"wp:term":[{"taxonomy":"category","embeddable":true,"href":"https:\/\/www.europesays.com\/fr\/wp-json\/wp\/v2\/categories?post=152986"},{"taxonomy":"post_tag","embeddable":true,"href":"https:\/\/www.europesays.com\/fr\/wp-json\/wp\/v2\/tags?post=152986"}],"curies":[{"name":"wp","href":"https:\/\/api.w.org\/{rel}","templated":true}]}}