{"id":152988,"date":"2025-06-05T03:33:14","date_gmt":"2025-06-05T03:33:14","guid":{"rendered":"https:\/\/www.europesays.com\/fr\/152988\/"},"modified":"2025-06-05T03:33:14","modified_gmt":"2025-06-05T03:33:14","slug":"le-projet-mostakbalouna-notre-avenir-lille-oujda-pour-le-climat-et-lenergie-durable-les-relations-internationales-votre-mairie","status":"publish","type":"post","link":"https:\/\/www.europesays.com\/fr\/152988\/","title":{"rendered":"Le projet Mostakbalouna (Notre Avenir) \u2013 Lille-Oujda pour le climat et l&rsquo;\u00e9nergie durable \/ Les relations internationales \/ Votre Mairie"},"content":{"rendered":"<p>Favoris\u00e9e par la pr\u00e9sence et l\u2019implication active d\u2019une importante diaspora marocaine et oujdie \u00e0 Lille, la coop\u00e9ration entre les Villes de Lille et d\u2019Oujda a \u00e9t\u00e9 initi\u00e9e en 2005 avec la signature d\u2019un accord cadre de partenariat. Depuis ces accords, la coop\u00e9ration entre les deux Villes n\u2019a cess\u00e9 de s\u2019\u00e9toffer et a permis la mise en \u0153uvre de nombreux projets dans les domaines du d\u00e9veloppement durable, de la culture ou encore de la mobilit\u00e9 des jeunes sans oublier les liens et les projets cr\u00e9\u00e9s entre les organisations de la soci\u00e9t\u00e9 civile des deux territoires.<\/p>\n<p><strong>Des enjeux communs de lutte contre le changement climatique<\/strong><\/p>\n<p>A l\u2019instar de la Ville de Lille, la Commune d\u2019Oujda s\u2019engage depuis de nombreuses ann\u00e9es dans divers projets pour devenir une ville verte et durable qui d\u00e9veloppe des solutions innovantes pour lutter et s\u2019adapter aux effets du changement climatique.<\/p>\n<p>Dans le cadre de la coop\u00e9ration, les deux villes ont travaill\u00e9 conjointement depuis 2016 sur plusieurs projets soutenus par le Minist\u00e8re de l\u2019Europe et des Affaires \u00e9trang\u00e8res. Le projet PCD-ED (projet de coop\u00e9ration d\u00e9centralis\u00e9e pour une \u00e9nergie durable) avait notamment \u00e9t\u00e9 r\u00e9compens\u00e9 par le r\u00e9seau europ\u00e9en Platforma en 2020.<\/p>\n<p>L\u2019engagement des deux Villes \u00e0 agir en faveur du d\u00e9veloppement durable et l\u2019exp\u00e9rience d\u00e9velopp\u00e9e depuis le d\u00e9but de la coop\u00e9ration ont donc men\u00e9 \u00e0 l\u2019\u00e9laboration du projet MOSTAKBALOUNA (NOTRE AVENIR) \u2013 LILLE-OUJDA POUR LE CLIMAT ET L\u2019ENERGIE DURABLE, qui a pour objectif de contribuer \u00e0 la lutte contre le d\u00e9r\u00e8glement climatique par les deux territoires mais aussi le partage d\u2019exp\u00e9rience et les \u00e9changes de bonnes pratiques sur ces probl\u00e9matiques communes.<\/p>\n<p><strong>Un projet ambitieux cofinanc\u00e9 par l\u2019Agence Fran\u00e7aise de D\u00e9veloppement (AFD)<\/strong><\/p>\n<p>Le projet, d\u2019un montant total de 3.752.495,83 \u20ac dont 1.687.256,73 \u20ac (45 %) de co-financement octroy\u00e9 par l\u2019AFD se d\u00e9roulera sur 3 ans \u00e0 partir d\u2019avril 2025.<\/p>\n<p>Dot\u00e9 de <strong>quatre axes forts<\/strong>, ce projet vise \u00e0 mettre en \u0153uvre des actions en faveur de la lutte contre le d\u00e9r\u00e8glement climatique et de l\u2019adaptation au changement climatique et plus particuli\u00e8rement sur la th\u00e9matique de la construction durable des b\u00e2timents.<\/p>\n<p>Au-del\u00e0 de l\u2019objectif de renforcement de capacit\u00e9s des services de la Commune d\u2019Oujda en mati\u00e8re de strat\u00e9gie climat et \u00e9nergies renouvelables, de nombreuses actions du projet sont \u00e0 destination des citoyens en leur proposant des exemples concrets de r\u00e9ponses \u00e0 apporter au changement climatique.<\/p>\n<p>De plus, ce projet a pour ambition de rayonner \u00e0 l\u2019\u00e9chelle des 7 autres chefs-lieux des Provinces de l\u2019Oriental en proposant plusieurs actions de formation et d\u2019accompagnement sur la d\u00e9finition et la planification d\u2019une strat\u00e9gie d\u2019att\u00e9nuation et d\u2019adaptation aux effets du changement climatique \u00e0 l\u2019\u00e9chelle communale \u2013 premier maillon d\u2019action territoriale.<\/p>\n<p>Ce projet f\u00e9d\u00e9rateur se veut \u00e9galement \u00ab\u00a0ensemblier\u00a0\u00bb dans la mesure o\u00f9 il int\u00e8gre \u00e0 la fois des actions concr\u00e8tes d\u2019op\u00e9rationnalisation d\u2019espaces de communication et de sensibilisation \u00e0 destination des citoyens, des projets d\u2019investissement sur des b\u00e2timents pilotes (Cellule Info Energie Climat, H\u00f4tel de Ville, b\u00e2timent patrimonial du site de l\u2019ancienne gare d\u2019Oujda, centre social) et tout un volet impliquant des \u00e9tablissements d\u2019enseignement sup\u00e9rieur, des associations et des habitants des deux territoires.<\/p>\n<p>Men\u00e9 dans un esprit partenarial et co-constructif, des acteurs publics, universitaires et associatifs lillois et oujdis sont impliqu\u00e9s dans le projet aux cot\u00e9s des \u00e9lus et des agents de la Ville de Lille et de la Commune d\u2019Oujda.<\/p>\n<p>            <img src-full=\"\/var\/www\/storage\/images\/mediatheque\/mairie-de-lille\/n1\/votre-mairie\/les-relations-internationales\/images\/projet-mostakbalouna\/visite-de-l-ensapl-a-oujda\/3780003-1-fre-FR\/Visite-de-l-ENSAPL-a-Oujda.jpg\" data-caption-full=\"\u00a9 ENSAPL\" width=\"1024\" height=\"768\" alt=\"Visite de l'ENSAPL \u00e0 Oujda\" title=\"Visite de l'ENSAPL \u00e0 Oujda\" class=\"align-\"\/>\n    <\/p>\n<p><strong>En synth\u00e8se, les 4 objectifs sp\u00e9cifiques du projet<\/strong><\/p>\n<ul class=\"listPuce\">\n<li>Objectif 1 : Soutenir la commune d\u2019Oujda dans l&rsquo;outillage et le d\u00e9veloppement de sa strat\u00e9gie d&rsquo;att\u00e9nuation et d&rsquo;adaptation aux effets du changement climatique et la diffusion de son mod\u00e8le aupr\u00e8s des 7 communes chefs-lieux de la r\u00e9gion de l\u2019Oriental ;<\/li>\n<li>Objectif 2 : D\u00e9velopper l&rsquo;outil principal de mise en \u0153uvre de la strat\u00e9gie de d\u00e9veloppement de la commune d\u2019Oujda \u00e0 travers la structuration de la Cellule Info Energie Climat (CIEC) et la r\u00e9novation du b\u00e2timent d&rsquo;int\u00e9r\u00eat patrimonial de l&rsquo;ancienne gare d\u2019Oujda. Cet espace englobant les deux b\u00e2timents sera appel\u00e9 \u00ab le Centre des Transitions Durables \u00bb (CTD) ;<\/li>\n<li>Objectif 3 : Mettre en place une d\u00e9marche d\u2019innovation territoriale sur la ville durable en utilisant des proc\u00e9d\u00e9s innovants et p\u00e9rennes \u00e0 Lille et Oujda ;<\/li>\n<li>Objectif 4 : Renforcer les liens de coop\u00e9ration entre les acteurs de l\u2019enseignement sup\u00e9rieur en permettant la cr\u00e9ation et la conduite de projet inter-\u00e9tablissement dans le domaine du d\u00e9veloppement durable.<\/li>\n<\/ul>\n<p><strong>T\u00e9moignage d\u2019Hugo Boulier, charg\u00e9 de coop\u00e9ration \u00e0 Oujda, service des relations internationales, Ville de Lille<\/strong><\/p>\n<p>\u00ab\u00a0Travailler au montage et au lancement du projet FICOL Mostakbalouna est une exp\u00e9rience passionnante. Il est le fruit d\u2019une co-construction pointilleuse entre les services de la Ville de Lille, de la Commune d\u2019Oujda et l\u2019ensemble des acteurs oujdis, lillois et nationaux fran\u00e7ais et marocains qui ont \u00e9t\u00e9 invit\u00e9s \u00e0 y contribuer par leur expertise. La r\u00e9alisation d\u2019un projet de coop\u00e9ration d\u00e9centralis\u00e9e aussi ambitieux pour la lutte contre le r\u00e9chauffement climatique pr\u00e9figure de nouvelles tr\u00e8s belles perspectives pour la coop\u00e9ration entre Oujda et Lille ! \u00bb<\/p>\n","protected":false},"excerpt":{"rendered":"Favoris\u00e9e par la pr\u00e9sence et l\u2019implication active d\u2019une importante diaspora marocaine et oujdie \u00e0 Lille, la coop\u00e9ration entre&hellip;\n","protected":false},"author":2,"featured_media":152989,"comment_status":"","ping_status":"","sticky":false,"template":"","format":"standard","meta":{"footnotes":""},"categories":[2815],"tags":[1111,11,4763,1777,674,1011,27,811,1307,5415,12,25],"class_list":{"0":"post-152988","1":"post","2":"type-post","3":"status-publish","4":"format-standard","5":"has-post-thumbnail","7":"category-lille","8":"tag-actu","9":"tag-actualites","10":"tag-agenda","11":"tag-eu","12":"tag-europe","13":"tag-fr","14":"tag-france","15":"tag-hauts-de-france","16":"tag-lille","17":"tag-mairie","18":"tag-news","19":"tag-republique-francaise"},"share_on_mastodon":{"url":"https:\/\/pubeurope.com\/@fr\/114628657360353835","error":""},"_links":{"self":[{"href":"https:\/\/www.europesays.com\/fr\/wp-json\/wp\/v2\/posts\/152988","targetHints":{"allow":["GET"]}}],"collection":[{"href":"https:\/\/www.europesays.com\/fr\/wp-json\/wp\/v2\/posts"}],"about":[{"href":"https:\/\/www.europesays.com\/fr\/wp-json\/wp\/v2\/types\/post"}],"author":[{"embeddable":true,"href":"https:\/\/www.europesays.com\/fr\/wp-json\/wp\/v2\/users\/2"}],"replies":[{"embeddable":true,"href":"https:\/\/www.europesays.com\/fr\/wp-json\/wp\/v2\/comments?post=152988"}],"version-history":[{"count":0,"href":"https:\/\/www.europesays.com\/fr\/wp-json\/wp\/v2\/posts\/152988\/revisions"}],"wp:featuredmedia":[{"embeddable":true,"href":"https:\/\/www.europesays.com\/fr\/wp-json\/wp\/v2\/media\/152989"}],"wp:attachment":[{"href":"https:\/\/www.europesays.com\/fr\/wp-json\/wp\/v2\/media?parent=152988"}],"wp:term":[{"taxonomy":"category","embeddable":true,"href":"https:\/\/www.europesays.com\/fr\/wp-json\/wp\/v2\/categories?post=152988"},{"taxonomy":"post_tag","embeddable":true,"href":"https:\/\/www.europesays.com\/fr\/wp-json\/wp\/v2\/tags?post=152988"}],"curies":[{"name":"wp","href":"https:\/\/api.w.org\/{rel}","templated":true}]}}