{"id":152995,"date":"2025-06-05T03:37:14","date_gmt":"2025-06-05T03:37:14","guid":{"rendered":"https:\/\/www.europesays.com\/fr\/152995\/"},"modified":"2025-06-05T03:37:14","modified_gmt":"2025-06-05T03:37:14","slug":"lyon-un-patient-des-hcl-meurt-en-se-jetant-dans-le-vide-le-personnel-sous-le-choc","status":"publish","type":"post","link":"https:\/\/www.europesays.com\/fr\/152995\/","title":{"rendered":"Lyon. Un patient des HCL meurt en se jetant dans le vide, le personnel sous le choc"},"content":{"rendered":"<p>            Par<br \/>\n        <strong><br \/>\n            <a href=\"https:\/\/actu.fr\/auteur\/anthony-soudani\" title=\"Consulter tous les articles de Anthony Soudani\" target=\"_blank\" rel=\"noopener\">Anthony Soudani<\/a><br \/>\n        <\/strong><\/p>\n<p>        Publi\u00e9 le<\/p>\n<p>            4 juin 2025 \u00e0 17h14        <\/p>\n<p><strong>INFO ACTU LYON.<\/strong> Un patient a \u00e9t\u00e9 retrouv\u00e9 mort dans l\u2019enceinte de l\u2019h\u00f4pital \u00c9douard-Herriot dans la nuit du dimanche 1er au lundi 2 juin, \u00e0 <a href=\"https:\/\/actu.fr\/lyon\/\" target=\"_blank\" rel=\"noopener\">Lyon<\/a>. D\u2019apr\u00e8s les premiers \u00e9l\u00e9ments, la piste du suicide serait privil\u00e9gi\u00e9e.<\/p>\n<p>    <a href=\"https:\/\/www.google.com\/maps\/embed?pb=!1m18!1m12!1m3!1d5568.741773960044!2d4.877758690810235!3d45.743710040186905!2m3!1f0!2f0!3f0!3m2!1i1024!2i768!4f13.1!3m3!1m2!1s0x47f4c1dd513c003f%3A0xdbf1c18a3a022052!2sH%C3%B4pital%20Edouard%20Herriot!5e0!3m2!1sfr!2sfr!4v1749049375563!5m2!1sfr!2sfr\" title=\"Ouvrie le lien\" target=\"_blank\" rel=\"noopener\">Cliquez ici pour visualiser le contenu<\/a><\/p>\n<p>Il aurait saut\u00e9 dans le vide<\/p>\n<p class=\" wall-content\">Il s\u2019agirait d\u2019un jeune homme qui aurait quitt\u00e9 sa chambre d\u2019h\u00f4pital <strong>avant de sauter de la rambarde<\/strong>, au niveau du Samu, selon nos informations. \u00ab\u00a0Il s\u2019est jet\u00e9 dans le vide\u00a0\u00bb, glisse une source proche du dossier.<\/p>\n<p class=\" wall-content\">\u00ab\u00a0Un patient est bien d\u00e9c\u00e9d\u00e9 sur le site dans la nuit du 1er au 2 juin, dans des circonstances dramatiques\u00a0\u00bb, confirment les <a href=\"https:\/\/actu.fr\/tag\/hospices-civils-de-lyon-hcl\" target=\"_blank\" rel=\"noopener\">Hospices civils de Lyon<\/a> aupr\u00e8s de notre r\u00e9daction. L\u2019\u00e9v\u00e8nement a \u00e9t\u00e9 d\u00e9clar\u00e9 \u00e0 l\u2019Agence r\u00e9gionale de Sant\u00e9 (ARS) selon les proc\u00e9dures pr\u00e9vues et une enqu\u00eate judiciaire est en cours.<\/p>\n<p class=\" wall-content\">\u00ab\u00a0Une instance extraordinaire du comit\u00e9 social d\u2019\u00e9tablissement local a eu lieu ce mardi 3 juin, pour \u00e9changer sur cette situation avec les repr\u00e9sentants du personnel\u00a0\u00bb, nous informe la direction.<\/p>\n<p>Vid\u00e9os : en ce moment sur ActuLe personnel choqu\u00e9, une prise en charge psychologique propos\u00e9e<\/p>\n<p class=\" wall-content\">La victime \u00e9tait prise en charge par les soignants du pavillon O2 de m\u00e9decine interne, qui vivent d\u00e9j\u00e0 une <a href=\"https:\/\/actu.fr\/auvergne-rhone-alpes\/lyon_69123\/lyon-il-nous-court-apres-avec-une-fourchette-un-patient-terrorise-tout-un-service-des-hcl_62726307.html\" target=\"_blank\" rel=\"noopener\">situation difficile au sein de l\u2019h\u00f4pital avec un patient violent<\/a>. Selon nos informations, une partie du personnel est sous le choc.<\/p>\n<p class=\" wall-content\">\u00ab\u00a0Une prise en charge psychologique a \u00e9t\u00e9 propos\u00e9e \u00e0 l\u2019\u00e9quipe de m\u00e9decine interne. La Direction de l\u2019h\u00f4pital se tient \u00e0 leur \u00e9coute\u00a0\u00bb, ajoutent les HCL.<\/p>\n<p class=\" wall-content\">Suivez toute l\u2019actualit\u00e9 de vos villes et m\u00e9dias favoris en vous inscrivant \u00e0 <a href=\"https:\/\/moncompte.actu.fr\" title=\"D\u00e9couvez Mon Actu\" rel=\"nofollow noopener\" data-trk=\"{&quot;cta&quot;:{&quot;action&quot;:&quot;https:\\\/\\\/moncompte.actu.fr&quot;,&quot;category&quot;:&quot;mon compte&quot;,&quot;from&quot;:&quot;article footer&quot;,&quot;name&quot;:&quot;Mon actu&quot;,&quot;type&quot;:&quot;cta&quot;}}\" target=\"_blank\">Mon Actu<\/a>.<\/p>\n<ul class=\"ac-article-tag wall-content\">\n<li><a href=\"https:\/\/actu.fr\/tag\/hopital\" data-trk=\"{&quot;cta&quot;:{&quot;action&quot;:&quot;H\\u00f4pital&quot;,&quot;category&quot;:&quot;tag&quot;,&quot;from&quot;:&quot;article footer&quot;,&quot;name&quot;:&quot;H\\u00f4pital&quot;,&quot;type&quot;:&quot;cta&quot;}}\" target=\"_blank\" rel=\"noopener\">#H\u00f4pital<\/a><\/li>\n<li><a href=\"https:\/\/actu.fr\/tag\/hospices-civils-de-lyon-hcl\" data-trk=\"{&quot;cta&quot;:{&quot;action&quot;:&quot;Hospices civils de Lyon (HCL)&quot;,&quot;category&quot;:&quot;tag&quot;,&quot;from&quot;:&quot;article footer&quot;,&quot;name&quot;:&quot;Hospices civils de Lyon (HCL)&quot;,&quot;type&quot;:&quot;cta&quot;}}\" target=\"_blank\" rel=\"noopener\">#Hospices civils de Lyon (HCL)<\/a><\/li>\n<\/ul>\n","protected":false},"excerpt":{"rendered":"Par Anthony Soudani Publi\u00e9 le 4 juin 2025 \u00e0 17h14 INFO ACTU LYON. Un patient a \u00e9t\u00e9 retrouv\u00e9&hellip;\n","protected":false},"author":2,"featured_media":152996,"comment_status":"","ping_status":"","sticky":false,"template":"","format":"standard","meta":{"footnotes":""},"categories":[1889],"tags":[1111,11,2430,1777,674,118,1011,27,100,23742,2428,12,25],"class_list":{"0":"post-152995","1":"post","2":"type-post","3":"status-publish","4":"format-standard","5":"has-post-thumbnail","7":"category-lyon","8":"tag-actu","9":"tag-actualites","10":"tag-auvergne-rhone-alpes","11":"tag-eu","12":"tag-europe","13":"tag-faits-divers","14":"tag-fr","15":"tag-france","16":"tag-hopital","17":"tag-hospices-civils-de-lyon-hcl","18":"tag-lyon","19":"tag-news","20":"tag-republique-francaise"},"share_on_mastodon":{"url":"https:\/\/pubeurope.com\/@fr\/114628673110783051","error":""},"_links":{"self":[{"href":"https:\/\/www.europesays.com\/fr\/wp-json\/wp\/v2\/posts\/152995","targetHints":{"allow":["GET"]}}],"collection":[{"href":"https:\/\/www.europesays.com\/fr\/wp-json\/wp\/v2\/posts"}],"about":[{"href":"https:\/\/www.europesays.com\/fr\/wp-json\/wp\/v2\/types\/post"}],"author":[{"embeddable":true,"href":"https:\/\/www.europesays.com\/fr\/wp-json\/wp\/v2\/users\/2"}],"replies":[{"embeddable":true,"href":"https:\/\/www.europesays.com\/fr\/wp-json\/wp\/v2\/comments?post=152995"}],"version-history":[{"count":0,"href":"https:\/\/www.europesays.com\/fr\/wp-json\/wp\/v2\/posts\/152995\/revisions"}],"wp:featuredmedia":[{"embeddable":true,"href":"https:\/\/www.europesays.com\/fr\/wp-json\/wp\/v2\/media\/152996"}],"wp:attachment":[{"href":"https:\/\/www.europesays.com\/fr\/wp-json\/wp\/v2\/media?parent=152995"}],"wp:term":[{"taxonomy":"category","embeddable":true,"href":"https:\/\/www.europesays.com\/fr\/wp-json\/wp\/v2\/categories?post=152995"},{"taxonomy":"post_tag","embeddable":true,"href":"https:\/\/www.europesays.com\/fr\/wp-json\/wp\/v2\/tags?post=152995"}],"curies":[{"name":"wp","href":"https:\/\/api.w.org\/{rel}","templated":true}]}}