{"id":15300,"date":"2025-04-10T15:37:12","date_gmt":"2025-04-10T15:37:12","guid":{"rendered":"https:\/\/www.europesays.com\/fr\/15300\/"},"modified":"2025-04-10T15:37:12","modified_gmt":"2025-04-10T15:37:12","slug":"lepidemie-de-chikungunya-desormais-generalisee-et-majeure","status":"publish","type":"post","link":"https:\/\/www.europesays.com\/fr\/15300\/","title":{"rendered":"L\u2019\u00e9pid\u00e9mie de chikungunya d\u00e9sormais \u00ab\u00a0g\u00e9n\u00e9ralis\u00e9e et majeure\u00a0\u00bb"},"content":{"rendered":"<p>L\u2019inqui\u00e9tude monde \u00e0 <a href=\"https:\/\/www.20minutes.fr\/societe\/reunion\/\" target=\"_blank\" class=\"color-ultramarine c-link\" rel=\"noopener\">La R\u00e9union<\/a>, o\u00f9 l\u2019<a href=\"https:\/\/www.20minutes.fr\/dossier\/epidemie\" target=\"_blank\" class=\"color-ultramarine c-link\" rel=\"noopener\">\u00e9pid\u00e9mie<\/a> de <a href=\"https:\/\/www.20minutes.fr\/dossier\/chikungunya\" target=\"_blank\" class=\"color-ultramarine c-link\" rel=\"noopener\">chikungunya <\/a>qui s\u00e9vit sur l\u2019\u00eele \u00ab\u00a0poursuit sa progression\u00a0\u00bb et est d\u00e9sormais \u00ab\u00a0g\u00e9n\u00e9ralis\u00e9e et majeure\u00a0\u00bb, a soulign\u00e9 ce mercredi <a href=\"https:\/\/www.20minutes.fr\/sante\/\" target=\"_blank\" class=\"color-ultramarine c-link\" rel=\"noopener\">Sant\u00e9 <\/a>publique France (SPF). L\u2019agence sanitaire publique a recens\u00e9 6.289 nouveaux cas de ce virus transmis par les <a href=\"https:\/\/www.20minutes.fr\/dossier\/moustique\" target=\"_blank\" class=\"color-ultramarine c-link\" rel=\"noopener\">moustiques<\/a> entre le 24 et le 30\u00a0mars, alors que 27.521 cas ont \u00e9t\u00e9 recens\u00e9s sur l\u2019\u00eele depuis le d\u00e9but de l\u2019ann\u00e9e.<\/p>\n<\/p>\n<p>Si elle touche davantage le sud et l\u2019ouest de La R\u00e9union, \u00ab\u00a0l\u2019\u00e9pid\u00e9mie continue de s\u2019\u00e9tendre sur tout le territoire et l\u2019analyse combin\u00e9e de tous les indicateurs laisse penser que le pic \u00e9pid\u00e9mique ne semble pas encore atteint\u00a0\u00bb, a soulign\u00e9 SPF. Les indicateurs en m\u00e9decine de ville, aux <a href=\"https:\/\/www.20minutes.fr\/dossier\/urgences\" target=\"_blank\" class=\"color-ultramarine c-link\" rel=\"noopener\">urgences<\/a> ainsi qu\u2019\u00e0 l\u2019<a href=\"https:\/\/www.20minutes.fr\/dossier\/hopital\" target=\"_blank\" class=\"color-ultramarine c-link\" rel=\"noopener\">h\u00f4pital<\/a> ont ainsi poursuivi leur hausse fin mars, selon son bulletin. L\u2019impact des hospitalisations et des cas graves s\u2019observe chez les personnes fragiles, les nourrissons, les personnes \u00e2g\u00e9es, les personnes avec des pathologies chroniques et les femmes enceintes, chez qui la maladie peut \u00eatre grave.<\/p>\n<p>Deux d\u00e9c\u00e8s recens\u00e9s<\/p>\n<p>Jusqu\u2019alors, 189 hospitalisations d\u00e9passant vingt-quatre heures ont \u00e9t\u00e9 signal\u00e9es, dont pr\u00e8s de la moiti\u00e9 concerne des personnes de plus de 65 ans et un quart des moins de 6 mois, a pr\u00e9cis\u00e9 l\u2019agence sanitaire. Pour l\u2019instant, 36 cas graves ont \u00e9t\u00e9 enregistr\u00e9s\u00a0: 19 seniors de plus de 65 ans, une personne avec des comorbidit\u00e9s et 16 nourrissons de moins de 2 mois. Depuis d\u00e9but\u00a02025, deux d\u00e9c\u00e8s de personnes de plus 75 ans ont \u00e9t\u00e9 directement li\u00e9s au chikungunya. Plusieurs d\u00e9c\u00e8s sont en cours d\u2019investigation pour savoir s\u2019ils sont imputables \u00e0 la maladie.<\/p>\n<p>Il n\u2019existe pas de traitement sp\u00e9cifique contre le chikungunya, mais une campagne de <a href=\"https:\/\/www.20minutes.fr\/france\/vaccination\/\" target=\"_blank\" class=\"color-ultramarine c-link\" rel=\"noopener\">vaccination<\/a> a \u00e9t\u00e9 lanc\u00e9e lundi par le ministre des <a href=\"https:\/\/www.20minutes.fr\/dossier\/outremer\" target=\"_blank\" class=\"color-ultramarine c-link\" rel=\"noopener\">Outre-mer<\/a>, <a href=\"https:\/\/www.20minutes.fr\/politique\/manuel_valls\/\" target=\"_blank\" class=\"color-ultramarine c-link\" rel=\"noopener\">Manuel Valls<\/a>, en visite sur l\u2019\u00eele. Les 40.000 premi\u00e8res doses du <a href=\"https:\/\/www.20minutes.fr\/dossier\/vaccin\" target=\"_blank\" class=\"color-ultramarine c-link\" rel=\"noopener\">vaccin<\/a> Ixchiq (Valneva) sont destin\u00e9es \u00e0 des personnes de 65 ans et plus pr\u00e9sentant des comorbidit\u00e9s, qui peuvent se faire vacciner gratuitement. La campagne de vaccination sera \u00e9largie aux plus de 18 ans ayant des comorbidit\u00e9s d\u00e8s la r\u00e9ception de 50.000 nouvelles doses, attendues \u00ab\u00a0fin avril\u00a0\u00bb selon le ministre.<\/p>\n<p><a href=\"https:\/\/www.20minutes.fr\/sante\/\" target=\"_blank\" class=\"c-link c-btn c-btn--primary\" rel=\"noopener\">Notre dossier sur la sant\u00e9<\/a><\/p>\n<p>Vendredi, le centre hospitalier universitaire a annonc\u00e9 l\u2019activation du plan blanc face \u00e0 \u00ab\u00a0une situation de tension persistante concernant la disponibilit\u00e9 des lits d\u2019hospitalisation [et] une augmentation tr\u00e8s importante de l\u2019activit\u00e9 des [\u2026] urgences depuis plusieurs jours\u00a0\u00bb. Avant la flamb\u00e9e actuelle, aucun cas de chikungunya n\u2019avait \u00e9t\u00e9 signal\u00e9 depuis\u00a02010 \u00e0 La R\u00e9union. Une grande \u00e9pid\u00e9mie y avait touch\u00e9 260.000 personnes et fait 225 morts entre\u00a02005 et\u00a02006.<\/p>\n","protected":false},"excerpt":{"rendered":"L\u2019inqui\u00e9tude monde \u00e0 La R\u00e9union, o\u00f9 l\u2019\u00e9pid\u00e9mie de chikungunya qui s\u00e9vit sur l\u2019\u00eele \u00ab\u00a0poursuit sa progression\u00a0\u00bb et est&hellip;\n","protected":false},"author":2,"featured_media":15301,"comment_status":"","ping_status":"","sticky":false,"template":"","format":"standard","meta":{"footnotes":""},"categories":[10],"tags":[47,6443,434,1011,27,72,100,6442,511,71,6444],"class_list":{"0":"post-15300","1":"post","2":"type-post","3":"status-publish","4":"format-standard","5":"has-post-thumbnail","7":"category-sante","8":"tag-actualite","9":"tag-chikungunya","10":"tag-epidemie","11":"tag-fr","12":"tag-france","13":"tag-health","14":"tag-hopital","15":"tag-ile-de-la-reunion","16":"tag-moustique","17":"tag-sante","18":"tag-urgences"},"share_on_mastodon":{"url":"https:\/\/pubeurope.com\/@fr\/114314414871632299","error":""},"_links":{"self":[{"href":"https:\/\/www.europesays.com\/fr\/wp-json\/wp\/v2\/posts\/15300","targetHints":{"allow":["GET"]}}],"collection":[{"href":"https:\/\/www.europesays.com\/fr\/wp-json\/wp\/v2\/posts"}],"about":[{"href":"https:\/\/www.europesays.com\/fr\/wp-json\/wp\/v2\/types\/post"}],"author":[{"embeddable":true,"href":"https:\/\/www.europesays.com\/fr\/wp-json\/wp\/v2\/users\/2"}],"replies":[{"embeddable":true,"href":"https:\/\/www.europesays.com\/fr\/wp-json\/wp\/v2\/comments?post=15300"}],"version-history":[{"count":0,"href":"https:\/\/www.europesays.com\/fr\/wp-json\/wp\/v2\/posts\/15300\/revisions"}],"wp:featuredmedia":[{"embeddable":true,"href":"https:\/\/www.europesays.com\/fr\/wp-json\/wp\/v2\/media\/15301"}],"wp:attachment":[{"href":"https:\/\/www.europesays.com\/fr\/wp-json\/wp\/v2\/media?parent=15300"}],"wp:term":[{"taxonomy":"category","embeddable":true,"href":"https:\/\/www.europesays.com\/fr\/wp-json\/wp\/v2\/categories?post=15300"},{"taxonomy":"post_tag","embeddable":true,"href":"https:\/\/www.europesays.com\/fr\/wp-json\/wp\/v2\/tags?post=15300"}],"curies":[{"name":"wp","href":"https:\/\/api.w.org\/{rel}","templated":true}]}}