{"id":153001,"date":"2025-06-05T03:42:32","date_gmt":"2025-06-05T03:42:32","guid":{"rendered":"https:\/\/www.europesays.com\/fr\/153001\/"},"modified":"2025-06-05T03:42:32","modified_gmt":"2025-06-05T03:42:32","slug":"quinte-quinte-du-jeudi-5-juin-a-parislongchamp-gamestars-peut-remporter-la-partie","status":"publish","type":"post","link":"https:\/\/www.europesays.com\/fr\/153001\/","title":{"rendered":"Quint\u00e9+: Quint\u00e9+ du jeudi 5 juin \u00e0 ParisLongchamp : Gamestars peut remporter la partie"},"content":{"rendered":"<p><strong>Les partants du Quint\u00e9+ de ce jeudi 5 juin<\/strong><strong style=\"float: left;margin-left: 2%;\">PRIX DE LA PLACE VENDOME<\/strong><strong style=\"float: right;margin-right: 2%;\">JEUDI 05 JUIN<\/strong><br \/>ParisLongchamp &#8211; 2000 METRES &#8211; \u00a0<img decoding=\"async\" alt=\"picto_galop\" class=\"img2\" src=\"https:\/\/www.europesays.com\/fr\/wp-content\/uploads\/2025\/04\/galop.svg.svg+xml\"\/>D\u00c9PART : 20H15<\/p>\n<tr class=\"row1\" style=\"border: thin solid #020338; width: 50%; padding: 5px; background-color: #020338; color: #FFFFFF; text-align: left; line-height: 15px;\">N\u00b0\u00a0CHEVALCORDE\u00a0JOCKEYPOIDS\u00a0ENTRA\u00ceNEURVALEURGAINS<\/tr>\n<tr class=\"row2\" style=\"text-align: left; background-color: #FFFFFF; line-height: 15px;\">\n<td class=\"col1\" style=\"text-align: center; width: 65px;font-weight: bold;\">1<\/td>\n<td class=\"col2\"><a href=\"https:\/\/www.equidia.fr\/chevaux\/gamestars?horse_uuid=a82b95a2-1c88-4687-9ea3-7de8fc6fcd99\" target=\"_blank\" rel=\"noopener\">GAMESTARS<\/a><\/td>\n<td class=\"col3\" style=\"text-align: center;\">3<\/td>\n<td class=\"col4\">M.GUYON<\/td>\n<td class=\"col5\">62.0 kg<\/td>\n<td class=\"col6\">A.FABRE (S)<\/td>\n<td class=\"col7\" style=\"text-align: center;\">43.5<\/td>\n<td class=\"col8\" style=\"text-align: right;\">52000 \u20ac<\/td>\n<\/tr>\n<tr class=\"row3\" style=\"text-align: left; background-color: rgb(218, 218, 226); line-height: 15px;\">\n<td class=\"col1\" style=\"text-align: center; width: 65px;font-weight: bold;\">2<\/td>\n<td class=\"col2\"><a href=\"https:\/\/www.equidia.fr\/chevaux\/almiro?horse_uuid=f21124bc-4728-4c8c-bec0-307d87955b5a\" target=\"_blank\" rel=\"noopener\">ALMIRO<\/a><\/td>\n<td class=\"col3\" style=\"text-align: center;\">11<\/td>\n<td class=\"col4\">A.LEMAITRE<\/td>\n<td class=\"col5\">59.0 kg<\/td>\n<td class=\"col6\">P.DECOUZ (S)<\/td>\n<td class=\"col7\" style=\"text-align: center;\">40.5<\/td>\n<td class=\"col8\" style=\"text-align: right;\">65800 \u20ac<\/td>\n<\/tr>\n<tr class=\"row2\" style=\"text-align: left; background-color: #FFFFFF; line-height: 15px;\">\n<td class=\"col1\" style=\"text-align: center; width: 65px;font-weight: bold;\">3<\/td>\n<td class=\"col2\"><a href=\"https:\/\/www.equidia.fr\/chevaux\/zryan?horse_uuid=01f05113-eed9-4f2a-8eb5-8652dc246a54\" target=\"_blank\" rel=\"noopener\">ZRYAN<\/a><\/td>\n<td class=\"col3\" style=\"text-align: center;\">1<\/td>\n<td class=\"col4\">C.LECOEUVRE<\/td>\n<td class=\"col5\">58.0 kg<\/td>\n<td class=\"col6\">FH.GRAFFARD (S)<\/td>\n<td class=\"col7\" style=\"text-align: center;\">39.5<\/td>\n<td class=\"col8\" style=\"text-align: right;\">43800 \u20ac<\/td>\n<\/tr>\n<tr class=\"row3\" style=\"text-align: left; background-color: rgb(218, 218, 226); line-height: 15px;\">\n<td class=\"col1\" style=\"text-align: center; width: 65px;font-weight: bold;\">4<\/td>\n<td class=\"col2\"><a href=\"https:\/\/www.equidia.fr\/chevaux\/ganass?horse_uuid=cb346a37-4837-42f8-871f-bdc820df1592\" target=\"_blank\" rel=\"noopener\">GANASS<\/a><\/td>\n<td class=\"col3\" style=\"text-align: center;\">4<\/td>\n<td class=\"col4\">C.DEMURO<\/td>\n<td class=\"col5\">56.5 kg<\/td>\n<td class=\"col6\">H.GHABRI<\/td>\n<td class=\"col7\" style=\"text-align: center;\">38.0<\/td>\n<td class=\"col8\" style=\"text-align: right;\">98900 \u20ac<\/td>\n<\/tr>\n<tr class=\"row2\" style=\"text-align: left; background-color: #FFFFFF; line-height: 15px;\">\n<td class=\"col1\" style=\"text-align: center; width: 65px;font-weight: bold;\">5<\/td>\n<td class=\"col2\"><a href=\"https:\/\/www.equidia.fr\/chevaux\/swift-flight?horse_uuid=6d3b38b2-4962-439b-aeab-224affef4e82\" target=\"_blank\" rel=\"noopener\">SWIFT FLIGHT<\/a><\/td>\n<td class=\"col3\" style=\"text-align: center;\">2<\/td>\n<td class=\"col4\">S.PASQUIER<\/td>\n<td class=\"col5\">56.0 kg<\/td>\n<td class=\"col6\">S.CERULIS<\/td>\n<td class=\"col7\" style=\"text-align: center;\">37.5<\/td>\n<td class=\"col8\" style=\"text-align: right;\">106845 \u20ac<\/td>\n<\/tr>\n<tr class=\"row3\" style=\"text-align: left; background-color: rgb(218, 218, 226); line-height: 15px;\">\n<td class=\"col1\" style=\"text-align: center; width: 65px;font-weight: bold;\">6<\/td>\n<td class=\"col2\"><a href=\"https:\/\/www.equidia.fr\/chevaux\/grand-balcon?horse_uuid=aa5f832f-17ee-42c4-8414-f3db2e8c3958\" target=\"_blank\" rel=\"noopener\">GRAND BALCON<\/a><\/td>\n<td class=\"col3\" style=\"text-align: center;\">6<\/td>\n<td class=\"col4\">C.SOUMILLON<\/td>\n<td class=\"col5\">56.0 kg<\/td>\n<td class=\"col6\">J.CARAYON<\/td>\n<td class=\"col7\" style=\"text-align: center;\">37.5<\/td>\n<td class=\"col8\" style=\"text-align: right;\">136120 \u20ac<\/td>\n<\/tr>\n<tr class=\"row2\" style=\"text-align: left; background-color: #FFFFFF; line-height: 15px;\">\n<td class=\"col1\" style=\"text-align: center; width: 65px;font-weight: bold;\">7<\/td>\n<td class=\"col2\"><a href=\"https:\/\/www.equidia.fr\/chevaux\/motion?horse_uuid=f28dd297-ef0c-4885-9961-da00f050bf27\" target=\"_blank\" rel=\"noopener\">MOTION<\/a><\/td>\n<td class=\"col3\" style=\"text-align: center;\">8<\/td>\n<td class=\"col4\">L.WOLFF<\/td>\n<td class=\"col5\">55.5 kg<\/td>\n<td class=\"col6\">H.GREWE<\/td>\n<td class=\"col7\" style=\"text-align: center;\">37.0<\/td>\n<td class=\"col8\" style=\"text-align: right;\">29420 \u20ac<\/td>\n<\/tr>\n<tr class=\"row3\" style=\"text-align: left; background-color: rgb(218, 218, 226); line-height: 15px;\">\n<td class=\"col1\" style=\"text-align: center; width: 65px;font-weight: bold;\">8<\/td>\n<td class=\"col2\"><a href=\"https:\/\/www.equidia.fr\/chevaux\/deep-sea?horse_uuid=d5038540-a3a9-472c-9cef-559907955557\" target=\"_blank\" rel=\"noopener\">DEEP SEA<\/a><\/td>\n<td class=\"col3\" style=\"text-align: center;\">7<\/td>\n<td class=\"col4\">A.MADAMET<\/td>\n<td class=\"col5\">55.0 kg<\/td>\n<td class=\"col6\">F.BELLEMERE<\/td>\n<td class=\"col7\" style=\"text-align: center;\">36.5<\/td>\n<td class=\"col8\" style=\"text-align: right;\">114360 \u20ac<\/td>\n<\/tr>\n<tr class=\"row2\" style=\"text-align: left; background-color: #FFFFFF; line-height: 15px;\">\n<td class=\"col1\" style=\"text-align: center; width: 65px;font-weight: bold;\">9<\/td>\n<td class=\"col2\"><a href=\"https:\/\/www.equidia.fr\/chevaux\/raqeebb?horse_uuid=89561a9c-9c0e-4004-b8f1-59a2b27a15d9\" target=\"_blank\" rel=\"noopener\">RAQEEBB<\/a><\/td>\n<td class=\"col3\" style=\"text-align: center;\">12<\/td>\n<td class=\"col4\">A.POUCHIN<\/td>\n<td class=\"col5\">55.0 kg<\/td>\n<td class=\"col6\">E.LIBAUD (S)<\/td>\n<td class=\"col7\" style=\"text-align: center;\">36.5<\/td>\n<td class=\"col8\" style=\"text-align: right;\">45358 \u20ac<\/td>\n<\/tr>\n<tr class=\"row3\" style=\"text-align: left; background-color: rgb(218, 218, 226); line-height: 15px;\">\n<td class=\"col1\" style=\"text-align: center; width: 65px;font-weight: bold;\">10<\/td>\n<td class=\"col2\"><a href=\"https:\/\/www.equidia.fr\/chevaux\/louvagny?horse_uuid=efc73499-c3b0-48f8-951a-3f269920c555\" target=\"_blank\" rel=\"noopener\">LOUVAGNY<\/a><\/td>\n<td class=\"col3\" style=\"text-align: center;\">13<\/td>\n<td class=\"col4\">D.BREUX<\/td>\n<td class=\"col5\">55.0 kg<\/td>\n<td class=\"col6\">M.DELZANGLES<\/td>\n<td class=\"col7\" style=\"text-align: center;\">36.5<\/td>\n<td class=\"col8\" style=\"text-align: right;\">27310 \u20ac<\/td>\n<\/tr>\n<tr class=\"row2\" style=\"text-align: left; background-color: #FFFFFF; line-height: 15px;\">\n<td class=\"col1\" style=\"text-align: center; width: 65px;font-weight: bold;\">11<\/td>\n<td class=\"col2\"><a href=\"https:\/\/www.equidia.fr\/chevaux\/alathea?horse_uuid=7a288b5a-67c8-4999-8c69-63477ce89e37\" target=\"_blank\" rel=\"noopener\">ALATHEA<\/a><\/td>\n<td class=\"col3\" style=\"text-align: center;\">10<\/td>\n<td class=\"col4\">R.PEHU<\/td>\n<td class=\"col5\">54.5 kg<\/td>\n<td class=\"col6\">CH.PLISSON (S)<\/td>\n<td class=\"col7\" style=\"text-align: center;\">36.0<\/td>\n<td class=\"col8\" style=\"text-align: right;\">83575 \u20ac<\/td>\n<\/tr>\n<tr class=\"row3\" style=\"text-align: left; background-color: rgb(218, 218, 226); line-height: 15px;\">\n<td class=\"col1\" style=\"text-align: center; width: 65px;font-weight: bold;\">12<\/td>\n<td class=\"col2\"><a href=\"https:\/\/www.equidia.fr\/chevaux\/le-freinay?horse_uuid=8b14179b-fbaf-4a78-af9b-7a66c8104f09\" target=\"_blank\" rel=\"noopener\">LE FREINAY<\/a><\/td>\n<td class=\"col3\" style=\"text-align: center;\">9<\/td>\n<td class=\"col4\">R.THOMAS<\/td>\n<td class=\"col5\">54.0 kg<\/td>\n<td class=\"col6\">G.BIETOLINI<\/td>\n<td class=\"col7\" style=\"text-align: center;\">35.5<\/td>\n<td class=\"col8\" style=\"text-align: right;\">78300 \u20ac<\/td>\n<\/tr>\n<tr class=\"row2\" style=\"text-align: left; background-color: #FFFFFF; line-height: 15px;\">\n<td class=\"col1\" style=\"text-align: center; width: 65px;font-weight: bold;\">13<\/td>\n<td class=\"col2\"><a href=\"https:\/\/www.equidia.fr\/chevaux\/narcos?horse_uuid=7d5014bb-894f-4836-a27c-6253b1daed25\" target=\"_blank\" rel=\"noopener\">NARCOS<\/a><\/td>\n<td class=\"col3\" style=\"text-align: center;\">5<\/td>\n<td class=\"col4\">L.BOISSEAU<\/td>\n<td class=\"col5\">52.5 kg<\/td>\n<td class=\"col6\">MME A.BUDKA<\/td>\n<td class=\"col7\" style=\"text-align: center;\">34.0<\/td>\n<td class=\"col8\" style=\"text-align: right;\">280865 \u20ac<\/td>\n<\/tr>\n<tr class=\"row3\" style=\"text-align: left; background-color: rgb(218, 218, 226); line-height: 15px;\">\n<td class=\"col1\" style=\"text-align: center; width: 65px;font-weight: bold;\">14<\/td>\n<td class=\"col2\"><a href=\"https:\/\/www.equidia.fr\/chevaux\/roi-de-lair?horse_uuid=3828b933-a4ee-4575-b58e-3efe52ccf736\" target=\"_blank\" rel=\"noopener\">ROI DE L&rsquo;AIR<\/a><\/td>\n<td class=\"col3\" style=\"text-align: center;\">14<\/td>\n<td class=\"col4\">A.CRASTUS<\/td>\n<td class=\"col5\">51.5 kg<\/td>\n<td class=\"col6\">C.BOUTIN (S)<\/td>\n<td class=\"col7\" style=\"text-align: center;\">33.0<\/td>\n<td class=\"col8\" style=\"text-align: right;\">69030 \u20ac<\/td>\n<\/tr>\n<p><strong>Les forces en pr\u00e9sence<\/strong><\/p>\n<p style=\"text-align: justify;\">Apr\u00e8s une rentr\u00e9e int\u00e9ressante \u00e0 Chantilly, <a href=\"https:\/\/www.equidia.fr\/chevaux\/gamestars?horse_uuid=a82b95a2-1c88-4687-9ea3-7de8fc6fcd99\" target=\"_blank\" rel=\"noopener\">GAMESTARS (1)<\/a> a r\u00e9alis\u00e9 d&rsquo;excellents d\u00e9buts dans cette cat\u00e9gorie, ici m\u00eame. Sur la montante, il pourrait bien prendre sa revanche sur <a href=\"https:\/\/www.equidia.fr\/chevaux\/almiro?horse_uuid=f21124bc-4728-4c8c-bec0-307d87955b5a\" target=\"_blank\" rel=\"noopener\">ALMIRO (2)<\/a>, qui vient tout juste de le devancer, et mettre tout le monde d&rsquo;accord. <a href=\"https:\/\/www.equidia.fr\/chevaux\/ganass?horse_uuid=cb346a37-4837-42f8-871f-bdc820df1592\" target=\"_blank\" rel=\"noopener\">GANASS (4)<\/a> a d\u00e9j\u00e0 prouv\u00e9 \u00e0 plusieurs reprises sa comp\u00e9titivit\u00e9 \u00e0 cette valeur et semble en mesure de faire oublier son dernier \u00e9chec, qui a eu lieu sur piste en sable fibr\u00e9. <a href=\"https:\/\/www.equidia.fr\/chevaux\/raqeebb?horse_uuid=89561a9c-9c0e-4004-b8f1-59a2b27a15d9\" target=\"_blank\" rel=\"noopener\">RAQEEBB (9)<\/a> est bien plus r\u00e9gulier cette ann\u00e9e. Il vient de fournir un tr\u00e8s bel effort final et devrait lutter pour les premi\u00e8res places, \u00e0 l&rsquo;instar de <a href=\"https:\/\/www.equidia.fr\/chevaux\/swift-flight?horse_uuid=6d3b38b2-4962-439b-aeab-224affef4e82\" target=\"_blank\" rel=\"noopener\">SWIFT FLIGHT (5)<\/a>, minutieusement pr\u00e9par\u00e9 pour cet engagement. <a href=\"https:\/\/www.equidia.fr\/chevaux\/grand-balcon?horse_uuid=aa5f832f-17ee-42c4-8414-f3db2e8c3958\" target=\"_blank\" rel=\"noopener\">GRAND BALCON (6)<\/a> donne toujours le meilleur de lui-m\u00eame. Confi\u00e9 \u00e0 l&rsquo;inusable Christophe Soumillon, il d\u00e9tient une belle carte \u00e0 jouer, tout comme <a href=\"https:\/\/www.equidia.fr\/chevaux\/motion?horse_uuid=f28dd297-ef0c-4885-9961-da00f050bf27\" target=\"_blank\" rel=\"noopener\">MOTION (7)<\/a>, qui a laiss\u00e9 une impression favorable pour ses premiers pas dans les gros handicaps. <a href=\"https:\/\/www.equidia.fr\/chevaux\/narcos?horse_uuid=7d5014bb-894f-4836-a27c-6253b1daed25\" target=\"_blank\" rel=\"noopener\">NARCOS (13)<\/a> a mieux couru que ne l&rsquo;indique son classement le 17 avril et semble en mesure de cr\u00e9er une petite surprise.<\/p>\n<p><strong>Le prono de FREDDY BOERSCH<\/strong><\/p>\n<tr cellpadding=\"0\" cellspacing=\"10\" class=\"row5\" style=\"text-align: left; background-color: #FFFFFF; font-size: 130%;\">\n<td style=\"text-align: center;\">1<\/td>\n<td style=\"text-align: center;\">2<\/td>\n<td style=\"text-align: center;\">4<\/td>\n<td style=\"text-align: center;\">9<\/td>\n<td style=\"text-align: center;\">5<\/td>\n<td style=\"text-align: center;\">6<\/td>\n<td style=\"text-align: center;\">7<\/td>\n<td style=\"text-align: center;\">13<\/td>\n<\/tr>\n<tr class=\"row6\" style=\"text-align: center; background-color: #FFFFFF; column-width: 6rem;\">\n<td class=\"col1\"><img decoding=\"async\" alt=\"casaque_GAMESTARS\" class=\"cas\" src=\"https:\/\/www.europesays.com\/fr\/wp-content\/uploads\/2025\/06\/20250605-r1c6p1-png.png\" style=\" width: 70%;\"\/><\/p>\n<p class=\"col10\" style=\"font-size: x-small; line-height: 11px;;\">GAMESTARS<\/p>\n<\/td>\n<td class=\"col2\"><img decoding=\"async\" alt=\"casaque_ALMIRO\" class=\"cas\" src=\"https:\/\/www.europesays.com\/fr\/wp-content\/uploads\/2025\/06\/20250605-r1c6p2-png.png\" style=\" width: 70%;\"\/><\/p>\n<p class=\"col10\" style=\"font-size: x-small; line-height: 11px;;\">ALMIRO<\/p>\n<\/td>\n<td class=\"col4\"><img decoding=\"async\" alt=\"casaque_GANASS\" class=\"cas\" src=\"https:\/\/www.europesays.com\/fr\/wp-content\/uploads\/2025\/06\/20250605-r1c6p4-png.png\" style=\" width: 70%;\"\/><\/p>\n<p class=\"col10\" style=\"font-size: x-small; line-height: 11px;;\">GANASS<\/p>\n<\/td>\n<td class=\"col9\"><img decoding=\"async\" alt=\"casaque_RAQEEBB\" class=\"cas\" src=\"https:\/\/www.europesays.com\/fr\/wp-content\/uploads\/2025\/06\/20250605-r1c6p9-png.png\" style=\" width: 70%;\"\/><\/p>\n<p class=\"col10\" style=\"font-size: x-small; line-height: 11px;;\">RAQEEBB<\/p>\n<\/td>\n<td class=\"col5\"><img decoding=\"async\" alt=\"casaque_SWIFT FLIGHT\" class=\"cas\" src=\"https:\/\/www.europesays.com\/fr\/wp-content\/uploads\/2025\/06\/20250605-r1c6p5-png.png\" style=\" width: 70%;\"\/><\/p>\n<p class=\"col10\" style=\"font-size: x-small; line-height: 11px;;\">SWIFT FLIGHT<\/p>\n<\/td>\n<td class=\"col6\"><img decoding=\"async\" alt=\"casaque_GRAND BALCON\" class=\"cas\" src=\"https:\/\/www.europesays.com\/fr\/wp-content\/uploads\/2025\/06\/20250605-r1c6p6-png.png\" style=\" width: 70%;\"\/><\/p>\n<p class=\"col10\" style=\"font-size: x-small; line-height: 11px;;\">GRAND BALCON<\/p>\n<\/td>\n<td class=\"col7\"><img decoding=\"async\" alt=\"casaque_MOTION\" class=\"cas\" src=\"https:\/\/www.europesays.com\/fr\/wp-content\/uploads\/2025\/06\/20250605-r1c6p7-png.png\" style=\" width: 70%;\"\/><\/p>\n<p class=\"col10\" style=\"font-size: x-small; line-height: 11px;;\">MOTION<\/p>\n<\/td>\n<td class=\"col13\"><img decoding=\"async\" alt=\"casaque_NARCOS\" class=\"cas\" src=\"https:\/\/www.europesays.com\/fr\/wp-content\/uploads\/2025\/06\/20250605-r1c6p13-png.png\" style=\" width: 70%;\"\/><\/p>\n<p class=\"col10\" style=\"font-size: x-small; line-height: 11px;;\">NARCOS<\/p>\n<\/td>\n<\/tr>\n<p><a href=\"https:\/\/servedby.revive-adserver.net\/ck.php?n=a3265498&amp;cb=1234\" target=\"_blank\" rel=\"noopener\"><img decoding=\"async\" alt=\"\" border=\"0\" src=\"https:\/\/www.europesays.com\/fr\/wp-content\/uploads\/2025\/06\/avw\"\/><\/a><\/p>\n<p><strong>Les partants en d\u00e9tail (par F. BOERSCH) et l&rsquo;avis des pros (par M. BERTELLA)<\/strong><\/p>\n<p id=\"ch_GAMESTARS\" style=\"margin-bottom: 1%;\"><a href=\"https:\/\/www.equidia.fr\/chevaux\/gamestars?horse_uuid=a82b95a2-1c88-4687-9ea3-7de8fc6fcd99\" target=\"_blank\" rel=\"noopener\">1 &#8211; \u00a0<img decoding=\"async\" alt=\"casaque_GAMESTARS\" src=\"https:\/\/www.europesays.com\/fr\/wp-content\/uploads\/2025\/06\/1749094940_802_20250605-r1c6p1-png.png\" style=\"width: 4.5%; margin :0; vertical-align : middle;\"\/>\u00a0\u00a0GAMESTARS<\/a><\/p>\n<p style=\"text-align: justify;\">Apr\u00e8s une rentr\u00e9e correcte, ce concurrent des fr\u00e8res Wertheimer a r\u00e9alis\u00e9 des d\u00e9buts tr\u00e8s int\u00e9ressants dans cette cat\u00e9gorie, se classant troisi\u00e8me du Super Handicap du Printemps, ici m\u00eame, juste derri\u00e8re ALMIRO (2). Sur la montante et pr\u00e9sent\u00e9 par un entra\u00eeneur redoutable, il ne devrait pas \u00eatre loin de la v\u00e9rit\u00e9.<\/p>\n<p><strong>L&rsquo;avis du reporter : <\/strong><\/p>\n<p style=\"text-align: justify;\">\u00ab Gamestars (1) a effectu\u00e9 d&rsquo;excellents d\u00e9buts \u00e0 ce niveau derni\u00e8rement en se classant troisi\u00e8me sur les 2 000 m\u00e8tres de la grande piste de ParisLongchamp. S&rsquo;il r\u00e9p\u00e8te cette performance, il ne devrait pas taper loin ce jeudi. C&rsquo;est une base logique dans cette \u00e9preuve. \u00bb<\/p>\n<p id=\"ch_ALMIRO\" style=\"margin-bottom: 1%;\"><a href=\"https:\/\/www.equidia.fr\/chevaux\/almiro?horse_uuid=f21124bc-4728-4c8c-bec0-307d87955b5a\" target=\"_blank\" rel=\"noopener\">2 &#8211; \u00a0<img decoding=\"async\" alt=\"casaque_ALMIRO\" src=\"https:\/\/www.europesays.com\/fr\/wp-content\/uploads\/2025\/06\/1749094941_929_20250605-r1c6p2-png.png\" style=\"width: 4.5%; margin :0; vertical-align : middle;\"\/>\u00a0\u00a0ALMIRO<\/a><\/p>\n<p style=\"text-align: justify;\">Vainqueur du Quint\u00e9+ du 29 mars \u00e0 Saint-Cloud, ce repr\u00e9sentant de l&rsquo;\u00e9curie Griezmann a depuis confirm\u00e9 en se classant deuxi\u00e8me du Super Handicap du Printemps, ici m\u00eame, malgr\u00e9 les sept livres de p\u00e9nalisation. En grande forme et une nouvelle fois mont\u00e9 par Aur\u00e9lien Lema\u00eetre, il devrait lutter pour la victoire.<\/p>\n<p><strong>Philippe Decouz, entra\u00eeneur : <\/strong><\/p>\n<p style=\"text-align: justify;\">\u00ab En dernier lieu, Almiro (2) a r\u00e9alis\u00e9 une excellente performance, confirmant sa victoire pr\u00e9c\u00e9dente. Il s&rsquo;endurcit, et je suis vraiment satisfait de le voir \u00e9voluer de cette mani\u00e8re. C&rsquo;est un cheval qui avait d\u00e9but\u00e9 tardivement, mais qui avait d\u00e9j\u00e0 montr\u00e9 un certain potentiel avant de b\u00e9n\u00e9ficier d&rsquo;un break. Ces derni\u00e8res semaines, il a vraiment chang\u00e9 et poss\u00e8de d\u00e9sormais la moelle pour ce genre d&rsquo;\u00e9preuves. Il est rest\u00e9 en tr\u00e8s bonne forme, et je le pr\u00e9f\u00e8re sur cette distance, ce qui explique notre d\u00e9cision de ne pas courir le Super Handicap, disput\u00e9 le jour du Prix de Diane sur 1 800 m\u00e8tres. Bien qu&rsquo;il soit charg\u00e9, je pense qu&rsquo;il a suffisamment de qualit\u00e9 pour bien faire. \u00bb<\/p>\n<p id=\"ch_ZRYAN\" style=\"margin-bottom: 1%;\"><a href=\"https:\/\/www.equidia.fr\/chevaux\/zryan?horse_uuid=01f05113-eed9-4f2a-8eb5-8652dc246a54\" target=\"_blank\" rel=\"noopener\">3 &#8211; \u00a0<img decoding=\"async\" alt=\"casaque_ZRYAN\" src=\"https:\/\/www.europesays.com\/fr\/wp-content\/uploads\/2025\/06\/20250605-r1c6p3-png.png\" style=\"width: 4.5%; margin :0; vertical-align : middle;\"\/>\u00a0\u00a0ZRYAN<\/a><\/p>\n<p style=\"text-align: justify;\">Laur\u00e9at avec une d\u00e9charge en d\u00e9but d&rsquo;ann\u00e9e, sur la piste en sable fibr\u00e9 de Chantilly, ce repr\u00e9sentant d&rsquo;Al Asayl n&rsquo;a toutefois pas pu confirmer lors de son coup d&rsquo;essai dans les Quint\u00e9+, se classant seulement neuvi\u00e8me. Son entourage allonge le tir et ce fils de Night of Thunder a \u00e9t\u00e9 abaiss\u00e9 d&rsquo;une livre, mais il doit, avant tout, rassurer.<\/p>\n<p><strong>Cl\u00e9ment Lecoeuvre, jockey : <\/strong><\/p>\n<p style=\"text-align: justify;\">\u00ab Zryan (3) est un cheval que je vais d\u00e9couvrir. Il ne s&rsquo;est pas trop mal d\u00e9fendu lors de sa derni\u00e8re sortie \u00e0 Lyon-Parilly, dans un Quint\u00e9+, o\u00f9 il s&rsquo;est class\u00e9 neuvi\u00e8me, sans finir tr\u00e8s loin des premiers sur une distance plus courte. Je pense que l&rsquo;allongement de la distance peut lui \u00eatre b\u00e9n\u00e9fique, et nous avons tir\u00e9 un bon num\u00e9ro de corde. Dans ces conditions, j&rsquo;esp\u00e8re qu&rsquo;il pourra se montrer comp\u00e9titif. \u00bb<\/p>\n<p id=\"ch_GANASS\" style=\"margin-bottom: 1%;\"><a href=\"https:\/\/www.equidia.fr\/chevaux\/ganass?horse_uuid=cb346a37-4837-42f8-871f-bdc820df1592\" target=\"_blank\" rel=\"noopener\">4 &#8211; \u00a0<img decoding=\"async\" alt=\"casaque_GANASS\" src=\"https:\/\/www.europesays.com\/fr\/wp-content\/uploads\/2025\/06\/1749094942_339_20250605-r1c6p4-png.png\" style=\"width: 4.5%; margin :0; vertical-align : middle;\"\/>\u00a0\u00a0GANASS<\/a><\/p>\n<p style=\"text-align: justify;\">Vainqueur d&rsquo;un Quint\u00e9+ \u00e0 Fontainebleau en novembre, ce prot\u00e9g\u00e9 d&rsquo;Hedi Ghabri s&rsquo;est ensuite illustr\u00e9 \u00e0 plusieurs reprises en valeur 38 \u00e0 ce niveau, notamment en prenant une quatri\u00e8me place sur ce parcours l&rsquo;avant-derni\u00e8re fois. Il devrait appr\u00e9cier de retrouver une piste en gazon et pourrait bien faire oublier son dernier \u00e9chec.<\/p>\n<p><strong>L&rsquo;avis du reporter : <\/strong><\/p>\n<p style=\"text-align: justify;\">\u00ab Ganass (4) n&rsquo;a pas \u00e9t\u00e9 en mesure de s&rsquo;illustrer derni\u00e8rement sur la PSF de Chantilly, mais avant cela, il avait tr\u00e8s bien couru \u00e0 ce niveau, sur ce parcours. Il faut le reprendre sur cette performance, d&rsquo;autant plus qu&rsquo;il a h\u00e9rit\u00e9 d&rsquo;un bon num\u00e9ro dans les stalles de d\u00e9part. Avec un d\u00e9roulement de course favorable, il peut terminer dans la bonne combinaison du Quint\u00e9+. \u00bb<\/p>\n<p id=\"ch_SWIFT FLIGHT\" style=\"margin-bottom: 1%;\"><a href=\"https:\/\/www.equidia.fr\/chevaux\/swift-flight?horse_uuid=6d3b38b2-4962-439b-aeab-224affef4e82\" target=\"_blank\" rel=\"noopener\">5 &#8211; \u00a0<img decoding=\"async\" alt=\"casaque_SWIFT FLIGHT\" src=\"https:\/\/www.europesays.com\/fr\/wp-content\/uploads\/2025\/06\/1749094942_821_20250605-r1c6p5-png.png\" style=\"width: 4.5%; margin :0; vertical-align : middle;\"\/>\u00a0\u00a0SWIFT FLIGHT<\/a><\/p>\n<p style=\"text-align: justify;\">Auteur d&rsquo;une superbe ann\u00e9e 2024, avec notamment quatre victoires \u00e0 la cl\u00e9, ce concurrent de Laurent Cohen vient de r\u00e9aliser deux courses de remise en jambes encourageantes. Il retrouve les handicaps avec un kilo de moins et a certainement \u00e9t\u00e9 pr\u00e9par\u00e9 avec soin pour cette \u00e9preuve. M\u00e9fiance.<\/p>\n<p><strong>St\u00e9phane C\u00e9rulis, entra\u00eeneur : <\/strong><\/p>\n<p style=\"text-align: justify;\">\u00ab Swift Flight (5) a remport\u00e9 deux handicaps en fin de saison derni\u00e8re, et sa valeur a \u00e9t\u00e9 logiquement revue \u00e0 la hausse. C&rsquo;est un cheval qui affectionne le terrain souple, donc la pluie annonc\u00e9e devrait servir ses int\u00e9r\u00eats. Cependant, je trouve qu&rsquo;il n&rsquo;a pas beaucoup de marge de man\u0153uvre \u00e0 cette valeur l\u00e0. \u00bb<\/p>\n<p id=\"ch_GRAND BALCON\" style=\"margin-bottom: 1%;\"><a href=\"https:\/\/www.equidia.fr\/chevaux\/grand-balcon?horse_uuid=aa5f832f-17ee-42c4-8414-f3db2e8c3958\" target=\"_blank\" rel=\"noopener\">6 &#8211; \u00a0<img decoding=\"async\" alt=\"casaque_GRAND BALCON\" src=\"https:\/\/www.europesays.com\/fr\/wp-content\/uploads\/2025\/06\/1749094943_506_20250605-r1c6p6-png.png\" style=\"width: 4.5%; margin :0; vertical-align : middle;\"\/>\u00a0\u00a0GRAND BALCON<\/a><\/p>\n<p style=\"text-align: justify;\">Ce repr\u00e9sentant de l&rsquo;\u00e9curie Baie des Anges fait preuve d&rsquo;une belle r\u00e9gularit\u00e9 dans cette cat\u00e9gorie, sans pour autant poss\u00e9der une grande marge de progression. Il s&rsquo;entend bien avec Christophe Soumillon et a h\u00e9rit\u00e9 d&rsquo;un bon num\u00e9ro de corde. Sauf incident, il devrait une nouvelle fois prendre une part active \u00e0 l&#8217;emballage final.<\/p>\n<p><strong>Julien Carayon, entra\u00eeneur : <\/strong><\/p>\n<p style=\"text-align: justify;\">\u00ab Grand Balcon (6) s&rsquo;est tr\u00e8s bien comport\u00e9 l&rsquo;autre jour \u00e0 ParisLongchamp. Cela s&rsquo;est jou\u00e9 \u00e0 pas grand-chose, juste une question de parcours, mais il avait beaucoup plu \u00e0 Christophe Soumillon. Il va disputer sa derni\u00e8re course avant des vacances, mais le cheval est rest\u00e9 au top de sa forme et il s&rsquo;annonce comp\u00e9titif dans ce Quint\u00e9+. Je suis confiant et j&rsquo;esp\u00e8re que cela va bien se passer. Un peu de pluie serait un vrai plus pour ses chances. \u00bb<\/p>\n<p id=\"ch_MOTION\" style=\"margin-bottom: 1%;\"><a href=\"https:\/\/www.equidia.fr\/chevaux\/motion?horse_uuid=f28dd297-ef0c-4885-9961-da00f050bf27\" target=\"_blank\" rel=\"noopener\">7 &#8211; \u00a0<img decoding=\"async\" alt=\"casaque_MOTION\" src=\"https:\/\/www.europesays.com\/fr\/wp-content\/uploads\/2025\/06\/1749094943_91_20250605-r1c6p7-png.png\" style=\"width: 4.5%; margin :0; vertical-align : middle;\"\/>\u00a0\u00a0MOTION<\/a><\/p>\n<p style=\"text-align: justify;\">Pour sa premi\u00e8re tentative chez Henk Grewe, ce rejeton de Lope de Vega a pris une bonne troisi\u00e8me place dans un Quint\u00e9+ \u00e0 Angers, en \u00e9tant pourtant lanc\u00e9 de tr\u00e8s loin. Assur\u00e9ment comp\u00e9titif en valeur 37, ce cheval dur \u00e0 l&rsquo;effort s&rsquo;annonce comme un candidat aux places.<\/p>\n<p><strong>Henk Grewe, entra\u00eeneur : <\/strong><\/p>\n<p style=\"text-align: justify;\">\u00ab Motion (7) a prouv\u00e9 sa comp\u00e9titivit\u00e9 \u00e0 ce niveau l&rsquo;autre jour sur l&rsquo;hippodrome d&rsquo;Angers. Nous avons tir\u00e9 un bon num\u00e9ro dans les stalles de d\u00e9part, et la distance correspond parfaitement \u00e0 ses aptitudes. Je pense qu&rsquo;il a une belle chance \u00e0 d\u00e9fendre. \u00bb<\/p>\n<p id=\"ch_DEEP SEA\" style=\"margin-bottom: 1%;\"><a href=\"https:\/\/www.equidia.fr\/chevaux\/deep-sea?horse_uuid=d5038540-a3a9-472c-9cef-559907955557\" target=\"_blank\" rel=\"noopener\">8 &#8211; \u00a0<img decoding=\"async\" alt=\"casaque_DEEP SEA\" src=\"https:\/\/www.europesays.com\/fr\/wp-content\/uploads\/2025\/06\/20250605-r1c6p8-png.png\" style=\"width: 4.5%; margin :0; vertical-align : middle;\"\/>\u00a0\u00a0DEEP SEA<\/a><\/p>\n<p style=\"text-align: justify;\">Ancienne pensionnaire d&rsquo;Eric Libaud, cette fille d&rsquo;Anodin a remport\u00e9 deux \u00e9preuves \u00e0 r\u00e9clamer cette ann\u00e9e et a r\u00e9cemment rejoint les boxes de Florian Bellemere. Elle va cependant retrouver une cat\u00e9gorie plus relev\u00e9e et ne semble pas avoir une grande marge de man\u0153uvre en 36,5. Malgr\u00e9 sa forme, nous lui en pr\u00e9f\u00e9rons d&rsquo;autres.<\/p>\n<p><strong>Florian Bellemere, entra\u00eeneur : <\/strong><\/p>\n<p style=\"text-align: justify;\">\u00ab Nous venons d&rsquo;acheter Deep Sea (8) dans une \u00e9preuve \u00e0 r\u00e9clamer, et je manque encore de recul avec elle, mais je trouve que la jument est plaisante le matin \u00e0 l&rsquo;entra\u00eenement. L&rsquo;annonce de la pluie nous a incit\u00e9s \u00e0 la suppl\u00e9menter dans ce Quint\u00e9+, sachant qu&rsquo;en plus elle fait bien cet hippodrome. Elle est en forme, et je trouve qu&rsquo;elle n&rsquo;est pas trop mal plac\u00e9e au poids, donc cela vaut le coup de tenter. Cette course va nous permettre de peaufiner la suite de son programme, mais il ne faut surtout pas en faire une impossibilit\u00e9. \u00bb<\/p>\n<p id=\"ch_RAQEEBB\" style=\"margin-bottom: 1%;\"><a href=\"https:\/\/www.equidia.fr\/chevaux\/raqeebb?horse_uuid=89561a9c-9c0e-4004-b8f1-59a2b27a15d9\" target=\"_blank\" rel=\"noopener\">9 &#8211; \u00a0<img decoding=\"async\" alt=\"casaque_RAQEEBB\" src=\"https:\/\/www.europesays.com\/fr\/wp-content\/uploads\/2025\/06\/1749094945_552_20250605-r1c6p9-png.png\" style=\"width: 4.5%; margin :0; vertical-align : middle;\"\/>\u00a0\u00a0RAQEEBB<\/a><\/p>\n<p style=\"text-align: justify;\">Ce concurrent d&rsquo;Andrew John Duffield a gagn\u00e9 en r\u00e9gularit\u00e9 cette ann\u00e9e et retrouve le parcours de son dernier podium. Il a fourni un bel effort final sur la grande piste en dernier lieu et semble pris \u00e0 sa juste valeur. \u00c0 l&rsquo;issue d&rsquo;un parcours favorable, il d\u00e9tient une belle carte \u00e0 jouer, d&rsquo;autant plus qu&rsquo;Alexis Pouchin le conna\u00eet bien.<\/p>\n<p><strong>Eric Libaud, entra\u00eeneur : <\/strong><\/p>\n<p style=\"text-align: justify;\">\u00ab Raqeebb (9) n&rsquo;a plus \u00e0 faire ses preuves dans les Quint\u00e9+. Maintenant, il va devoir composer avec le num\u00e9ro 12 \u00e0 la corde, ce qui n&rsquo;est pas un avantage avant le coup. Je n&rsquo;ai pas grand-chose \u00e0 dire si ce n&rsquo;est que le cheval est au top de sa forme, et je pense que, lorsqu&rsquo;il h\u00e9ritera d&rsquo;un bon num\u00e9ro dans les stalles de d\u00e9part, il gagnera son Quint\u00e9+. Sachez \u00e9galement qu&rsquo;il est un peu moins performant en terrain profond, donc j&rsquo;esp\u00e8re que la piste ne va pas trop s&rsquo;assouplir. \u00bb<\/p>\n<p id=\"ch_LOUVAGNY\" style=\"margin-bottom: 1%;\"><a href=\"https:\/\/www.equidia.fr\/chevaux\/louvagny?horse_uuid=efc73499-c3b0-48f8-951a-3f269920c555\" target=\"_blank\" rel=\"noopener\">10 &#8211; \u00a0<img decoding=\"async\" alt=\"casaque_LOUVAGNY\" src=\"https:\/\/www.europesays.com\/fr\/wp-content\/uploads\/2025\/06\/20250605-r1c6p10-png.png\" style=\"width: 4.5%; margin :0; vertical-align : middle;\"\/>\u00a0\u00a0LOUVAGNY<\/a><\/p>\n<p style=\"text-align: justify;\">Apr\u00e8s avoir particip\u00e9 \u00e0 seulement deux courses en 2024, ce prot\u00e9g\u00e9 de G\u00e9rard Augustin-Normand a r\u00e9alis\u00e9 une rentr\u00e9e int\u00e9ressante \u00e0 Fontainebleau. Il n&rsquo;a toutefois pas \u00e9t\u00e9 vu dans un peloton fourni depuis bien longtemps et n&rsquo;a encore jamais r\u00e9ussi dans cette cat\u00e9gorie. Affaire d&rsquo;impression.<\/p>\n<p><strong>David Breux, jockey : <\/strong><\/p>\n<p style=\"text-align: justify;\">\u00ab Louvagny (10) vient d&rsquo;effectuer une bonne course de rentr\u00e9e sur l&rsquo;hippodrome de Fontainebleau, et il devrait pouvoir afficher des progr\u00e8s. Je pense qu&rsquo;il peut performer dans cette cat\u00e9gorie. Maintenant, il a besoin de terrain souple pour s&rsquo;exprimer pleinement. Si c&rsquo;est le cas, il devrait bien courir. \u00bb<\/p>\n<p id=\"ch_ALATHEA\" style=\"margin-bottom: 1%;\"><a href=\"https:\/\/www.equidia.fr\/chevaux\/alathea?horse_uuid=7a288b5a-67c8-4999-8c69-63477ce89e37\" target=\"_blank\" rel=\"noopener\">11 &#8211; \u00a0<img decoding=\"async\" alt=\"casaque_ALATHEA\" src=\"https:\/\/www.europesays.com\/fr\/wp-content\/uploads\/2025\/06\/20250605-r1c6p11-png.png\" style=\"width: 4.5%; margin :0; vertical-align : middle;\"\/>\u00a0\u00a0ALATHEA<\/a><\/p>\n<p style=\"text-align: justify;\">Cette concurrente de Michel Pehu vient de s&rsquo;imposer s\u00fbrement au Lion d&rsquo;Angers, mais b\u00e9n\u00e9ficiait ce jour-l\u00e0 d&rsquo;une d\u00e9charge. Elle va devoir composer avec les trois kilos de p\u00e9nalisation et monte s\u00e9rieusement de cat\u00e9gorie pour l&rsquo;occasion. Malgr\u00e9 sa forme, nous lui avons pr\u00e9f\u00e9r\u00e9 d&rsquo;autres candidatures.<\/p>\n<p><strong>Christophe Plisson, entra\u00eeneur : <\/strong><\/p>\n<p style=\"text-align: justify;\">\u00ab Alathea (11) est une sympathique jument. Apr\u00e8s son plaisant succ\u00e8s sur l&rsquo;hippodrome du Lion-d&rsquo;Angers, elle s&rsquo;est class\u00e9e sixi\u00e8me d&rsquo;un Quint\u00e9+ \u00e0 Saint-Cloud. Elle courait correctement, toutefois je pense qu&rsquo;elle n&rsquo;a pas trop de marge de man\u0153uvre \u00e0 cette valeur l\u00e0. Cela va \u00eatre compliqu\u00e9 de gagner, mais elle reste comp\u00e9titive pour les places. Il faut juste que tout se d\u00e9roule pour le mieux durant le parcours, car nous avons h\u00e9rit\u00e9 d&rsquo;un num\u00e9ro en dehors. \u00bb<\/p>\n<p id=\"ch_LE FREINAY\" style=\"margin-bottom: 1%;\"><a href=\"https:\/\/www.equidia.fr\/chevaux\/le-freinay?horse_uuid=8b14179b-fbaf-4a78-af9b-7a66c8104f09\" target=\"_blank\" rel=\"noopener\">12 &#8211; \u00a0<img decoding=\"async\" alt=\"casaque_LE FREINAY\" src=\"https:\/\/www.europesays.com\/fr\/wp-content\/uploads\/2025\/06\/20250605-r1c6p12-png.png\" style=\"width: 4.5%; margin :0; vertical-align : middle;\"\/>\u00a0\u00a0LE FREINAY<\/a><\/p>\n<p style=\"text-align: justify;\">Vainqueur d&rsquo;un handicap sur la piste en sable fibr\u00e9 de Deauville l&rsquo;avant-derni\u00e8re fois, ce repr\u00e9sentant de l&rsquo;\u00e9curie Delloye a toutefois \u00e9t\u00e9 largement domin\u00e9 pour son retour dans les Quint\u00e9+. Il n&rsquo;a plus perform\u00e9 dans cette zone de poids depuis un long moment et aurait pr\u00e9f\u00e9r\u00e9 certainement une autre surface. Sans nous.<\/p>\n<p><strong>Gianluca Bietolini, entra\u00eeneur : <\/strong><\/p>\n<p style=\"text-align: justify;\">\u00ab Il faut oublier la derni\u00e8re sortie de Le Freinay (12) \u00e0 Chantilly. Il n&rsquo;est pas bien parti, et ce n&rsquo;est pas un cheval qui peut revenir de l&rsquo;arri\u00e8re-garde. Sachez qu&rsquo;il est en excellente forme, et je trouve qu&rsquo;il est plut\u00f4t bien plac\u00e9 au poids dans cette \u00e9preuve. De plus, son num\u00e9ro de corde est correct. J&rsquo;esp\u00e8re juste que la piste ne va pas trop s&rsquo;assouplir, car il affectionne le bon terrain. Il est vrai aussi qu&rsquo;il va passer un test sur cette distance de 2000 m\u00e8tres, mais si tout se d\u00e9roule pour le mieux, je le crois capable de terminer dans les cinq premiers. \u00bb<\/p>\n<p id=\"ch_NARCOS\" style=\"margin-bottom: 1%;\"><a href=\"https:\/\/www.equidia.fr\/chevaux\/narcos?horse_uuid=7d5014bb-894f-4836-a27c-6253b1daed25\" target=\"_blank\" rel=\"noopener\">13 &#8211; \u00a0<img decoding=\"async\" alt=\"casaque_NARCOS\" src=\"https:\/\/www.europesays.com\/fr\/wp-content\/uploads\/2025\/06\/1749094947_319_20250605-r1c6p13-png.png\" style=\"width: 4.5%; margin :0; vertical-align : middle;\"\/>\u00a0\u00a0NARCOS<\/a><\/p>\n<p style=\"text-align: justify;\">Apr\u00e8s avoir remport\u00e9 une deuxi\u00e8me \u00e9preuve assez s\u00fbrement, ce prot\u00e9g\u00e9 de Matthieu Varin n&rsquo;a pu faire mieux que dixi\u00e8me pour son retour dans les Quint\u00e9+, mais a quand m\u00eame trac\u00e9 une fin de course correcte. Il s&rsquo;est d&rsquo;ailleurs rachet\u00e9 lors de sa derni\u00e8re tentative en se classant deuxi\u00e8me d&rsquo;une Classe 3. Surprise possible.<\/p>\n<p><strong>Adela\u00efde Budka, entra\u00eeneur : <\/strong><\/p>\n<p style=\"text-align: justify;\">\u00ab La derni\u00e8re fois que Narcos (13) a couru \u00e0 ce niveau, il n&rsquo;avait pas \u00e9t\u00e9 si ridicule que cela. C&rsquo;\u00e9tait sur ce parcours, et il avait un mauvais num\u00e9ro de corde, donc nous avions pr\u00e9f\u00e9r\u00e9 attendre pour ne pas lui donner une course trop dure. Il est en forme et a, cette fois, h\u00e9rit\u00e9 d&rsquo;un num\u00e9ro favorable dans les stalles de d\u00e9part. Dans ces conditions, je pense qu&rsquo;il devrait pouvoir \u00eatre \u00e0 l&rsquo;arriv\u00e9e du Quint\u00e9+. \u00bb<\/p>\n<p id=\"ch_ROI DE L'AIR\" style=\"margin-bottom: 1%;\"><a href=\"https:\/\/www.equidia.fr\/chevaux\/roi-de-lair?horse_uuid=3828b933-a4ee-4575-b58e-3efe52ccf736\" target=\"_blank\" rel=\"noopener\">14 &#8211; \u00a0<img decoding=\"async\" alt=\"casaque_ROI DE L'AIR\" src=\"https:\/\/www.europesays.com\/fr\/wp-content\/uploads\/2025\/06\/20250605-r1c6p14-png.png\" style=\"width: 4.5%; margin :0; vertical-align : middle;\"\/>\u00a0\u00a0ROI DE L&rsquo;AIR<\/a><\/p>\n<p style=\"text-align: justify;\">Ce pensionnaire de C\u00e9dric Boutin reste sur de bonnes performances dans des handicaps toutefois moins relev\u00e9s. Capable de finir fort, il est rallong\u00e9 par son entourage et va prendre part \u00e0 son premier Quint\u00e9+. M\u00eame si plusieurs interrogations sur sa candidature subsistent, il n&rsquo;est pas incapable de figurer \u00e0 l&rsquo;arriv\u00e9e. Notre regret.<\/p>\n<p><strong>C\u00e9dric Boutin, entra\u00eeneur : <\/strong><\/p>\n<p style=\"text-align: justify;\">\u00ab Roi de l&rsquo;Air (14) s&rsquo;est retrouv\u00e9 presque d\u00e9bord\u00e9 l&rsquo;autre jour sur les 1600 m\u00e8tres de la moyenne piste de ParisLongchamp, donc je pense qu&rsquo;il sera mieux sur cette distance. Maintenant, il attaque une cat\u00e9gorie qu&rsquo;il ne conna\u00eet pas du tout, avec un tr\u00e8s mauvais num\u00e9ro de corde. Nous allons faire avec, toutefois le cheval est en forme et b\u00e9n\u00e9ficiera d&rsquo;un petit poids dans ce Quint\u00e9+. Il faut avoir de la chance durant le parcours, mais si c&rsquo;est le cas, il peut bien courir. \u00bb<\/p>\n<p><strong>Les favoris de la presse<\/strong><\/p>\n<p class=\"synthese\"><strong>SYNTH\u00c8SE \u00a0\u00a0\u00a0\u00a01\u00a0\u00a0&#8211;\u00a0\u00a02\u00a0\u00a0&#8211;\u00a0\u00a06\u00a0\u00a0&#8211;\u00a0\u00a09\u00a0\u00a0&#8211;\u00a0\u00a07\u00a0\u00a0&#8211;\u00a0\u00a08\u00a0\u00a0&#8211;\u00a0\u00a03\u00a0\u00a0&#8211;\u00a0\u00a05<\/strong><\/p>\n<p><a href=\"https:\/\/servedby.revive-adserver.net\/ck.php?n=aa10a822&amp;cb=1234\" target=\"_blank\" rel=\"noopener\"><img decoding=\"async\" alt=\"\" border=\"0\" src=\"https:\/\/www.europesays.com\/fr\/wp-content\/uploads\/2025\/06\/1749094949_94_avw\"\/><\/a><\/p>\n<p><strong>Les stats du jour<\/strong><\/p>\n<p><img decoding=\"async\" src=\"https:\/\/www.europesays.com\/fr\/wp-content\/uploads\/2025\/06\/0605_stats-web_2025-jpg\"\/><\/p>\n<p><strong>Nos \u00e9missions de pronos<\/strong><a href=\"https:\/\/www.equidia.fr\/emissions\/3-mn-q-2023\" target=\"_blank\" rel=\"noopener\"><img decoding=\"async\" alt=\"3min-pronos\" class=\"img_prono\" src=\"https:\/\/www.europesays.com\/fr\/wp-content\/uploads\/2025\/04\/vignette-article-3min-pronos-jpg-1.jpeg\"\/><\/a>3 mn PRONOS du 05\/06<br \/>(Disponible mercredi 04 juin 2025, \u00e0 partir de 17h55)<a href=\"https:\/\/www.equidia.fr\/emissions\/ticket-gagnant-2023\" target=\"_blank\" rel=\"noopener\"><img decoding=\"async\" alt=\"ticket-gagnant\" class=\"img_prono\" src=\"https:\/\/www.europesays.com\/fr\/wp-content\/uploads\/2025\/04\/vignette-article-ticket-gagnant-jpg-1.jpeg\"\/><\/a>TICKET GAGNANT du 05\/06<br \/>(Disponible mercredi 04 juin 2025, \u00e0 partir de 18h00)<\/p>\n","protected":false},"excerpt":{"rendered":"Les partants du Quint\u00e9+ de ce jeudi 5 juinPRIX DE LA PLACE VENDOMEJEUDI 05 JUINParisLongchamp &#8211; 2000 METRES&hellip;\n","protected":false},"author":2,"featured_media":153002,"comment_status":"","ping_status":"","sticky":false,"template":"","format":"standard","meta":{"footnotes":""},"categories":[1888],"tags":[11,1777,674,1011,27,3014,12,626,3016,1821,3015,25],"class_list":{"0":"post-153001","1":"post","2":"type-post","3":"status-publish","4":"format-standard","5":"has-post-thumbnail","7":"category-paris","8":"tag-actualites","9":"tag-eu","10":"tag-europe","11":"tag-fr","12":"tag-france","13":"tag-galop","14":"tag-news","15":"tag-paris","16":"tag-plat","17":"tag-pronostics","18":"tag-qrcode","19":"tag-republique-francaise"},"share_on_mastodon":{"url":"https:\/\/pubeurope.com\/@fr\/114628693432893519","error":""},"_links":{"self":[{"href":"https:\/\/www.europesays.com\/fr\/wp-json\/wp\/v2\/posts\/153001","targetHints":{"allow":["GET"]}}],"collection":[{"href":"https:\/\/www.europesays.com\/fr\/wp-json\/wp\/v2\/posts"}],"about":[{"href":"https:\/\/www.europesays.com\/fr\/wp-json\/wp\/v2\/types\/post"}],"author":[{"embeddable":true,"href":"https:\/\/www.europesays.com\/fr\/wp-json\/wp\/v2\/users\/2"}],"replies":[{"embeddable":true,"href":"https:\/\/www.europesays.com\/fr\/wp-json\/wp\/v2\/comments?post=153001"}],"version-history":[{"count":0,"href":"https:\/\/www.europesays.com\/fr\/wp-json\/wp\/v2\/posts\/153001\/revisions"}],"wp:featuredmedia":[{"embeddable":true,"href":"https:\/\/www.europesays.com\/fr\/wp-json\/wp\/v2\/media\/153002"}],"wp:attachment":[{"href":"https:\/\/www.europesays.com\/fr\/wp-json\/wp\/v2\/media?parent=153001"}],"wp:term":[{"taxonomy":"category","embeddable":true,"href":"https:\/\/www.europesays.com\/fr\/wp-json\/wp\/v2\/categories?post=153001"},{"taxonomy":"post_tag","embeddable":true,"href":"https:\/\/www.europesays.com\/fr\/wp-json\/wp\/v2\/tags?post=153001"}],"curies":[{"name":"wp","href":"https:\/\/api.w.org\/{rel}","templated":true}]}}