{"id":153005,"date":"2025-06-05T03:44:09","date_gmt":"2025-06-05T03:44:09","guid":{"rendered":"https:\/\/www.europesays.com\/fr\/153005\/"},"modified":"2025-06-05T03:44:09","modified_gmt":"2025-06-05T03:44:09","slug":"la-coree-du-nord-attaque-emmanuel-macron-sur-la-russie","status":"publish","type":"post","link":"https:\/\/www.europesays.com\/fr\/153005\/","title":{"rendered":"La Cor\u00e9e du Nord attaque Emmanuel Macron sur la Russie"},"content":{"rendered":"<p>Alors que la <a href=\"https:\/\/www.20minutes.fr\/monde\/ukraine\/\" target=\"_blank\" class=\"color-ultramarine c-link\" rel=\"noopener\">guerre en Ukraine<\/a> continue de faire rage, la <a href=\"https:\/\/www.20minutes.fr\/monde\/coree_du_nord\/\" target=\"_blank\" class=\"color-ultramarine c-link\" rel=\"noopener\">Cor\u00e9e du Nord<\/a> exprime sa col\u00e8re contre la France. L\u2019agence de presse officielle nord-cor\u00e9enne a ainsi critiqu\u00e9 ce jeudi <a href=\"https:\/\/www.20minutes.fr\/politique\/emmanuel-macron\/\" target=\"_blank\" class=\"color-ultramarine c-link\" rel=\"noopener\">Emmanuel Macron<\/a> pour des d\u00e9clarations \u00ab\u00a0imprudentes\u00a0\u00bb sur les liens entre Pyongyang et Moscou, les qualifiant d&rsquo;\u00ab\u00a0inepties choquantes\u00a0\u00bb.<\/p>\n<p>L\u2019agence KCNA a publi\u00e9 un article r\u00e9dig\u00e9 par l\u2019analyste en s\u00e9curit\u00e9 internationale Choe Ju Hyun r\u00e9agissant \u00e0 des commentaires du pr\u00e9sident fran\u00e7ais lors du Shangri-La Dialogue la semaine derni\u00e8re \u00e0 <a href=\"https:\/\/www.20minutes.fr\/dossier\/singapour\" target=\"_blank\" class=\"color-ultramarine c-link\" rel=\"noopener\">Singapour<\/a>.<\/p>\n<p>Des soldats de Cor\u00e9e du Nord en Russie<\/p>\n<p>\u00ab\u00a0Si la Chine ne veut pas que l\u2019<a href=\"https:\/\/www.20minutes.fr\/monde\/otan\/\" target=\"_blank\" class=\"color-ultramarine c-link\" rel=\"noopener\">Otan<\/a> soit impliqu\u00e9e en Asie du Sud-Est ou en Asie, elle doit emp\u00eacher clairement la Cor\u00e9e du Nord d\u2019\u00eatre impliqu\u00e9e sur le sol europ\u00e9en\u00a0\u00bb, a lanc\u00e9 Emmanuel Macron vendredi lors de son discours d\u2019ouverture de cette conf\u00e9rence sur la d\u00e9fense et la s\u00e9curit\u00e9. Il faisait r\u00e9f\u00e9rence aux soldats que la Cor\u00e9e du Nord a envoy\u00e9s en <a href=\"https:\/\/www.20minutes.fr\/monde\/russie\/\" target=\"_blank\" class=\"color-ultramarine c-link\" rel=\"noopener\">Russie<\/a> pour combattre contre les forces ukrainiennes dans la r\u00e9gion russe frontali\u00e8re de Koursk.<\/p>\n<\/p>\n<p>\u00ab\u00a0Macron commet une erreur s\u2019il pense pouvoir dissimuler l\u2019intention agressive et malveillante de l\u2019Otan de mettre ses chaussures militaires sales dans la r\u00e9gion Asie-Pacifique en s\u2019attaquant aux relations de coop\u00e9ration entre la RPDC et la Russie\u00a0\u00bb, peut-on lire dans le commentaire publi\u00e9 par KCNA, qui fait r\u00e9f\u00e9rence \u00e0 la Cor\u00e9e du Nord par son nom officiel.<\/p>\n<p>Emmanuel Macron, \u00e9crit Choe Ju Hyun, est \u00ab\u00a0connu publiquement comme un politicien qui aime se faire remarquer avec une s\u00e9rie d\u2019inepties choquantes et d\u2019affirmations irr\u00e9alistes sans se soucier des cons\u00e9quences\u00a0\u00bb. \u00ab\u00a0La France est obs\u00e9d\u00e9e par une assurance extr\u00eame et est incapable de juger correctement la situation\u00a0\u00bb, ajoute le texte. L\u2019analyste a exhort\u00e9 la France \u00e0 \u00ab\u00a0prendre conscience le plus t\u00f4t possible que son comportement contradictoire l\u2019emp\u00eache d\u2019\u00eatre reconnue comme un repr\u00e9sentant de l\u2019Europe\u00a0\u00bb.<\/p>\n<p>Le \u00ab\u00a0soutien inconditionnel\u00a0\u00bb de Kim Jong-un<\/p>\n<p>Moscou et Pyongyang ont renforc\u00e9 leur coop\u00e9ration militaire ces derni\u00e8res ann\u00e9es, la Cor\u00e9e du Nord fournissant des armes et des troupes pour soutenir la guerre de la Russie contre l\u2019Ukraine. Les deux pays ont sign\u00e9 un accord de d\u00e9fense mutuelle \u00e0 l\u2019occasion d\u2019une visite du pr\u00e9sident russe <a href=\"https:\/\/www.20minutes.fr\/monde\/vladimir_poutine\/\" target=\"_blank\" class=\"color-ultramarine c-link\" rel=\"noopener\">Vladimir Poutine<\/a> en Cor\u00e9e du Nord l\u2019an dernier.<\/p>\n<p><a href=\"https:\/\/www.20minutes.fr\/monde\/ukraine\/\" target=\"_blank\" class=\"c-link c-btn c-btn--primary\" rel=\"noopener\">Notre dossier sur la Guerre en Ukraine<\/a><\/p>\n<p>Ces commentaires sur la France ont en outre \u00e9t\u00e9 publi\u00e9s alors que le secr\u00e9taire du Conseil de s\u00e9curit\u00e9 russe, Sergue\u00ef Cho\u00efgou, a effectu\u00e9 mercredi sa deuxi\u00e8me visite en Cor\u00e9e du Nord en moins de trois mois. Il a \u00e9t\u00e9 re\u00e7u par le dirigeant nord-cor\u00e9en <a href=\"https:\/\/www.20minutes.fr\/monde\/kim_jong_un\/\" target=\"_blank\" class=\"color-ultramarine c-link\" rel=\"noopener\">Kim Jong-un<\/a> qui a promis \u00e0 Moscou un \u00ab\u00a0soutien inconditionnel\u00a0\u00bb concernant l\u2019Ukraine.<\/p>\n","protected":false},"excerpt":{"rendered":"Alors que la guerre en Ukraine continue de faire rage, la Cor\u00e9e du Nord exprime sa col\u00e8re contre&hellip;\n","protected":false},"author":2,"featured_media":153006,"comment_status":"","ping_status":"","sticky":false,"template":"","format":"standard","meta":{"footnotes":""},"categories":[1591],"tags":[47,11,13987,1073,1887,131,15404,74,12,136,1885,1886,132,135],"class_list":{"0":"post-153005","1":"post","2":"type-post","3":"status-publish","4":"format-standard","5":"has-post-thumbnail","7":"category-russie","8":"tag-actualite","9":"tag-actualites","10":"tag-coree-du-nord","11":"tag-emmanuel-macron","12":"tag-federation-de-russie","13":"tag-guerre-en-ukraine","14":"tag-kim-jong-un","15":"tag-monde","16":"tag-news","17":"tag-otan","18":"tag-russia","19":"tag-russian-federation","20":"tag-russie","21":"tag-vladimir-poutine"},"share_on_mastodon":{"url":"https:\/\/pubeurope.com\/@fr\/114628700692785696","error":""},"_links":{"self":[{"href":"https:\/\/www.europesays.com\/fr\/wp-json\/wp\/v2\/posts\/153005","targetHints":{"allow":["GET"]}}],"collection":[{"href":"https:\/\/www.europesays.com\/fr\/wp-json\/wp\/v2\/posts"}],"about":[{"href":"https:\/\/www.europesays.com\/fr\/wp-json\/wp\/v2\/types\/post"}],"author":[{"embeddable":true,"href":"https:\/\/www.europesays.com\/fr\/wp-json\/wp\/v2\/users\/2"}],"replies":[{"embeddable":true,"href":"https:\/\/www.europesays.com\/fr\/wp-json\/wp\/v2\/comments?post=153005"}],"version-history":[{"count":0,"href":"https:\/\/www.europesays.com\/fr\/wp-json\/wp\/v2\/posts\/153005\/revisions"}],"wp:featuredmedia":[{"embeddable":true,"href":"https:\/\/www.europesays.com\/fr\/wp-json\/wp\/v2\/media\/153006"}],"wp:attachment":[{"href":"https:\/\/www.europesays.com\/fr\/wp-json\/wp\/v2\/media?parent=153005"}],"wp:term":[{"taxonomy":"category","embeddable":true,"href":"https:\/\/www.europesays.com\/fr\/wp-json\/wp\/v2\/categories?post=153005"},{"taxonomy":"post_tag","embeddable":true,"href":"https:\/\/www.europesays.com\/fr\/wp-json\/wp\/v2\/tags?post=153005"}],"curies":[{"name":"wp","href":"https:\/\/api.w.org\/{rel}","templated":true}]}}