{"id":153009,"date":"2025-06-05T03:46:10","date_gmt":"2025-06-05T03:46:10","guid":{"rendered":"https:\/\/www.europesays.com\/fr\/153009\/"},"modified":"2025-06-05T03:46:10","modified_gmt":"2025-06-05T03:46:10","slug":"trump-interdit-lentree-aux-usa-aux-ressortissants-de-12-pays-05-06-2025-a-0332","status":"publish","type":"post","link":"https:\/\/www.europesays.com\/fr\/153009\/","title":{"rendered":"Trump interdit l&rsquo;entr\u00e9e aux USA aux ressortissants de 12 pays &#8211; 05\/06\/2025 \u00e0 03:32"},"content":{"rendered":"<p>\n (Actualis\u00e9 avec d\u00e9clarations de Trump)\n<\/p>\n<p>\n par Jeff Mason et Nandita Bose\n<\/p>\n<p>\n Le pr\u00e9sident am\u00e9ricain<br \/>\nDonald Trump a sign\u00e9 un d\u00e9cret limitant l&rsquo;entr\u00e9e des<br \/>\nressortissants de 12 pays aux Etats-Unis, invoquant des<br \/>\ninqui\u00e9tudes pour la s\u00e9curit\u00e9 nationale.\n<\/p>\n<p>\n Le d\u00e9cret restreint enti\u00e8rement et limite l&rsquo;entr\u00e9e des<br \/>\npersonnes en provenance d&rsquo;Afghanistan, de Birmanie, de la<br \/>\nR\u00e9publique du Congo, de Guin\u00e9e \u00e9quatoriale, d&rsquo;Erythr\u00e9e, d&rsquo;Ha\u00efti,<br \/>\nd&rsquo;Iran, de Libye, de Somalie, du Soudan, du Tchad et du Y\u00e9men.\n<\/p>\n<p>\n L&rsquo;entr\u00e9e des personnes en provenance du Burundi, de Cuba, du<br \/>\nLaos, de Sierra Leone, du Togo, du Turkm\u00e9nistan et du Venezuela<br \/>\nsera partiellement restreinte.\n<\/p>\n<p>\n \u00ab\u00a0Nous ne pouvons pas permettre \u00e0 des gens qui veulent nous<br \/>\nfaire du mal d&rsquo;enter sur notre territoire\u00a0\u00bb, a d\u00e9clar\u00e9 Donald<br \/>\nTrump dans une vid\u00e9o diffus\u00e9e sur le r\u00e9seau social X.\n<\/p>\n<p>\n Le locataire de la Maison blanche a ajout\u00e9 que la liste<br \/>\npourrait \u00eatre revue et que de nouveaux pays pourraient y \u00eatre<br \/>\najout\u00e9.\n<\/p>\n<p>\n Le d\u00e9cret sera effectif le 9 juin 2025 \u00e0 00h01 (04h01<br \/>\nGMT).\n<\/p>\n<p>\n Donald Trump a d\u00e9clar\u00e9 qu&rsquo;il avait \u00e9t\u00e9 jug\u00e9 que les pays<br \/>\nsoumis aux restrictions les plus s\u00e9v\u00e8res abritaient notamment<br \/>\nune \u00ab\u00a0pr\u00e9sence massive de terroristes\u00a0\u00bb.\n<\/p>\n<p>\n En outre, ces pays ne coop\u00e8rent pas en mati\u00e8re de<br \/>\ns\u00e9curit\u00e9 des visas, sont incapables de v\u00e9rifier l&rsquo;identit\u00e9 des<br \/>\nvoyageurs, ne conservent pas de mani\u00e8re ad\u00e9quate les ant\u00e9c\u00e9dents<br \/>\ncriminels des voyageurs et ont des taux de d\u00e9passement des visas<br \/>\naux Etats-Unis importants, selon le pr\u00e9sident am\u00e9ricain.\n<\/p>\n<p>\n La Somalie s&rsquo;est imm\u00e9diatement engag\u00e9e \u00e0 travailler avec<br \/>\nles Etats-Unis sur les questions de s\u00e9curit\u00e9.\n<\/p>\n<p>\n Lors de son pr\u00e9c\u00e9dent mandat, Donald Trump avait sign\u00e9 un<br \/>\nd\u00e9cret interdisant l&rsquo;entr\u00e9e des personnes en provenance de sept<br \/>\npays \u00e0 majorit\u00e9 musulmane : la Syrie, l&rsquo;Iran, l&rsquo;Irak, la Libye,<br \/>\nla Somalie, le Soudan et le Y\u00e9men.\n<\/p>\n<p>\n Joe Biden \u00e9tait revenu sur cette interdiction en 2021.\n<\/p>\n<p>\n (Avec Daphne Psaledakis et Jasper Ward, r\u00e9dig\u00e9 par James<br \/>\nOliphant; version fran\u00e7aise Camille Raynaud)<\/p>\n","protected":false},"excerpt":{"rendered":"(Actualis\u00e9 avec d\u00e9clarations de Trump) par Jeff Mason et Nandita Bose Le pr\u00e9sident am\u00e9ricain Donald Trump a sign\u00e9&hellip;\n","protected":false},"author":2,"featured_media":2486,"comment_status":"","ping_status":"","sticky":false,"template":"","format":"standard","meta":{"footnotes":""},"categories":[1589],"tags":[400,11,398,408,405,73,1866,403,402,399,404,12,401,406,1864,1865,1863,308,407],"class_list":{"0":"post-153009","1":"post","2":"type-post","3":"status-publish","4":"format-standard","5":"has-post-thumbnail","7":"category-etats-unis","8":"tag-action-cac-40","9":"tag-actualites","10":"tag-bourse-de-paris","11":"tag-boursorama","12":"tag-cotations","13":"tag-etats-unis","14":"tag-etats-unis-damerique","15":"tag-indices-devises","16":"tag-investir","17":"tag-investissement","18":"tag-marche-boursier","19":"tag-news","20":"tag-sicav","21":"tag-trackers","22":"tag-united-states","23":"tag-united-states-of-america","24":"tag-us","25":"tag-usa","26":"tag-warrants"},"share_on_mastodon":{"url":"https:\/\/pubeurope.com\/@fr\/114628708528783055","error":""},"_links":{"self":[{"href":"https:\/\/www.europesays.com\/fr\/wp-json\/wp\/v2\/posts\/153009","targetHints":{"allow":["GET"]}}],"collection":[{"href":"https:\/\/www.europesays.com\/fr\/wp-json\/wp\/v2\/posts"}],"about":[{"href":"https:\/\/www.europesays.com\/fr\/wp-json\/wp\/v2\/types\/post"}],"author":[{"embeddable":true,"href":"https:\/\/www.europesays.com\/fr\/wp-json\/wp\/v2\/users\/2"}],"replies":[{"embeddable":true,"href":"https:\/\/www.europesays.com\/fr\/wp-json\/wp\/v2\/comments?post=153009"}],"version-history":[{"count":0,"href":"https:\/\/www.europesays.com\/fr\/wp-json\/wp\/v2\/posts\/153009\/revisions"}],"wp:featuredmedia":[{"embeddable":true,"href":"https:\/\/www.europesays.com\/fr\/wp-json\/wp\/v2\/media\/2486"}],"wp:attachment":[{"href":"https:\/\/www.europesays.com\/fr\/wp-json\/wp\/v2\/media?parent=153009"}],"wp:term":[{"taxonomy":"category","embeddable":true,"href":"https:\/\/www.europesays.com\/fr\/wp-json\/wp\/v2\/categories?post=153009"},{"taxonomy":"post_tag","embeddable":true,"href":"https:\/\/www.europesays.com\/fr\/wp-json\/wp\/v2\/tags?post=153009"}],"curies":[{"name":"wp","href":"https:\/\/api.w.org\/{rel}","templated":true}]}}