{"id":153016,"date":"2025-06-05T03:50:21","date_gmt":"2025-06-05T03:50:21","guid":{"rendered":"https:\/\/www.europesays.com\/fr\/153016\/"},"modified":"2025-06-05T03:50:21","modified_gmt":"2025-06-05T03:50:21","slug":"face-a-la-menace-russe-le-danemark-change-son-fusil-depaule-et-veut-reinvestir-dans-le-budget-de-lunion-europeenne-2","status":"publish","type":"post","link":"https:\/\/www.europesays.com\/fr\/153016\/","title":{"rendered":"Face \u00e0 la menace russe, le Danemark change son fusil d&rsquo;\u00e9paule et veut r\u00e9investir dans le budget de l&rsquo;Union europ\u00e9enne"},"content":{"rendered":"<p class=\"ap-StoryElement ap-StoryElement--mb ap-StoryText\">Habituellement, le Danemark, la Su\u00e8de, l&rsquo;Autriche et les Pays-Bas se montrent timides pour le vote du budget. \u00ab\u00a0En tant que Danois, nous serons toujours fermes dans les n\u00e9gociations budg\u00e9taires\u00a0\u00bb, a-t-elle toutefois pr\u00e9cis\u00e9. \u00ab\u00a0Mais faire partie de la force frugale n&rsquo;est plus notre place.\u00a0\u00bb<\/p>\n<p><a href=\"https:\/\/www.lalibre.be\/international\/europe\/guerre-ukraine-russie\/2025\/03\/06\/le-danemark-se-rearme-en-force-pour-montrer-la-voie-aux-europeens-HJFVC3DD65FQNG7WBIZOF66MQE\/\" target=\"_blank\" rel=\"noopener noreferrer\" class=\"ap-StoryInterstitialLink ap-StoryElement ap-StoryElement--mb\">Le Danemark se r\u00e9arme en force pour montrer la voie aux Europ\u00e9ens<\/a><\/p>\n<p class=\"ap-StoryElement ap-StoryElement--mb ap-StoryText\">Ce revirement est essentiellement d\u00fb \u00e0 la guerre qui fait rage en Ukraine, \u00e0 la <a href=\"https:\/\/www.lalibre.be\/international\/europe\/guerre-ukraine-russie\/2025\/06\/04\/guerre-en-ukraine-la-russie-prevoirait-de-deployer-10-000-soldats-dans-un-autre-pays-deurope-2FPJFCPEKJHSJDWS7V3Z6MT6AE\/\" target=\"_blank\" rel=\"noopener\">menace de l&rsquo;extension du conflit en Europe<\/a> et \u00e0 la <a href=\"https:\/\/www.lalibre.be\/economie\/conjoncture\/2025\/04\/30\/il-faut-demontrer-a-trump-quil-existe-une-alternative-a-la-loi-de-la-jungle-quil-veut-nous-imposer-55N3QOVDSVE6TGWVJUQ3QZITNA\/\" target=\"_blank\" rel=\"noopener\">d\u00e9t\u00e9rioration des relations transatlantiques<\/a>. Depuis plusieurs mois, de nombreux chefs d&rsquo;\u00c9tats europ\u00e9ens plaident pour une <a href=\"https:\/\/www.lalibre.be\/debats\/edito\/2025\/03\/04\/leurope-en-pleine-mue-strategique-3RT6HJOHJ5AE3EUPVQFBUVLFTQ\/\" target=\"_blank\" rel=\"noopener\">strat\u00e9gie de d\u00e9fense europ\u00e9enne plus forte et plus engag\u00e9e<\/a>. \u00ab\u00a0Pour moi, le plus important est de <a href=\"https:\/\/www.lalibre.be\/international\/europe\/guerre-ukraine-russie\/2025\/03\/04\/nous-sommes-a-lere-du-rearmement-le-projet-en-cinq-points-dursula-von-der-leyen-VEP5RREL4VHGTLUT7VLMTQXJ5E\/\" target=\"_blank\" rel=\"noopener\">r\u00e9armer l&rsquo;Europe<\/a>. C&rsquo;est mon point de d\u00e9part et ma conclusion dans toutes les discussions, car si l&rsquo;Europe n&rsquo;est pas capable de se prot\u00e9ger et de se d\u00e9fendre, alors la partie sera perdue \u00e0 un moment donn\u00e9\u00a0\u00bb, explique Frederiksen. Selon elle, l&rsquo;Europe a besoin \u00ab\u00a0d&rsquo;un nouveau profil budg\u00e9taire\u00a0\u00bb mais manque de temps \u00e0 cause du comportement de la Russie\u00a0\u00bb.<\/p>\n<p class=\"ap-StoryElement ap-StoryElement--mb ap-StoryText\">Le cadre financier pluriannuel de l&rsquo;UE, renouvel\u00e9 tous les 7 ans, devrait \u00eatre adopt\u00e9 apr\u00e8s l&rsquo;\u00e9t\u00e9. Le Danemark \u00e9tant \u00e0 la t\u00eate du Conseil de l&rsquo;Union europ\u00e9enne \u00e0 partir de juillet, son influence sera cruciale.<\/p>\n<p><a href=\"https:\/\/www.lalibre.be\/international\/europe\/2024\/11\/21\/il-faut-se-preparer-au-pire-les-pays-nordiques-sactivent-face-a-une-potentielle-invasion-russe-QVFGXMBHI5FFHEJLBRHU2TUZVM\/\" target=\"_blank\" rel=\"noopener noreferrer\" class=\"ap-StoryInterstitialLink ap-StoryElement ap-StoryElement--mb\">\u00ab\u00a0Il faut se pr\u00e9parer au pire\u00a0\u00bb : les pays nordiques s&rsquo;activent face \u00e0 une potentielle invasion russe<\/a><\/p>\n","protected":false},"excerpt":{"rendered":"Habituellement, le Danemark, la Su\u00e8de, l&rsquo;Autriche et les Pays-Bas se montrent timides pour le vote du budget. \u00ab\u00a0En&hellip;\n","protected":false},"author":2,"featured_media":153017,"comment_status":"","ping_status":"","sticky":false,"template":"","format":"standard","meta":{"footnotes":""},"categories":[1586],"tags":[11,2122,1777,674,1779,1011,27,12,25,1778,364],"class_list":{"0":"post-153016","1":"post","2":"type-post","3":"status-publish","4":"format-standard","5":"has-post-thumbnail","7":"category-europe","8":"tag-actualites","9":"tag-conflit-russie-ukraine","10":"tag-eu","11":"tag-europe","12":"tag-european-union","13":"tag-fr","14":"tag-france","15":"tag-news","16":"tag-republique-francaise","17":"tag-ue","18":"tag-union-europeenne"},"share_on_mastodon":{"url":"https:\/\/pubeurope.com\/@fr\/114628724303133800","error":""},"_links":{"self":[{"href":"https:\/\/www.europesays.com\/fr\/wp-json\/wp\/v2\/posts\/153016","targetHints":{"allow":["GET"]}}],"collection":[{"href":"https:\/\/www.europesays.com\/fr\/wp-json\/wp\/v2\/posts"}],"about":[{"href":"https:\/\/www.europesays.com\/fr\/wp-json\/wp\/v2\/types\/post"}],"author":[{"embeddable":true,"href":"https:\/\/www.europesays.com\/fr\/wp-json\/wp\/v2\/users\/2"}],"replies":[{"embeddable":true,"href":"https:\/\/www.europesays.com\/fr\/wp-json\/wp\/v2\/comments?post=153016"}],"version-history":[{"count":0,"href":"https:\/\/www.europesays.com\/fr\/wp-json\/wp\/v2\/posts\/153016\/revisions"}],"wp:featuredmedia":[{"embeddable":true,"href":"https:\/\/www.europesays.com\/fr\/wp-json\/wp\/v2\/media\/153017"}],"wp:attachment":[{"href":"https:\/\/www.europesays.com\/fr\/wp-json\/wp\/v2\/media?parent=153016"}],"wp:term":[{"taxonomy":"category","embeddable":true,"href":"https:\/\/www.europesays.com\/fr\/wp-json\/wp\/v2\/categories?post=153016"},{"taxonomy":"post_tag","embeddable":true,"href":"https:\/\/www.europesays.com\/fr\/wp-json\/wp\/v2\/tags?post=153016"}],"curies":[{"name":"wp","href":"https:\/\/api.w.org\/{rel}","templated":true}]}}