{"id":153018,"date":"2025-06-05T03:51:12","date_gmt":"2025-06-05T03:51:12","guid":{"rendered":"https:\/\/www.europesays.com\/fr\/153018\/"},"modified":"2025-06-05T03:51:12","modified_gmt":"2025-06-05T03:51:12","slug":"session-de-soiree-10-djokovic-et-zverev-lancent-la-guerre-des-etoiles-roland-garros-2025","status":"publish","type":"post","link":"https:\/\/www.europesays.com\/fr\/153018\/","title":{"rendered":"Session de soir\u00e9e #10 : Djokovic et Zverev lancent la guerre des \u00e9toiles &#8211; Roland-Garros 2025"},"content":{"rendered":"<p>Un nouvel espoir pour Zverev<\/p>\n<p><a href=\"https:\/\/www.rolandgarros.com\/fr-fr\/article\/open-australie-2025-demi-finales-messieurs-resume-jannik-sinner-alexander-zverev-victoire-qualifications-ben-shelton-novak-djokovic\" target=\"_blank\" rel=\"noopener\">L\u2019Allemand s\u2019est adjug\u00e9 la derni\u00e8re confrontation<\/a> majeure entre les deux hommes, en janvier \u00e0 l\u2019Open d\u2019Australie, mais il avait b\u00e9n\u00e9fici\u00e9 de l\u2019abandon de son rival apr\u00e8s seulement un set. En terre parisienne, le n\u00b03 mondial a d\u00e9j\u00e0 subi la loi de Djokovic en 2019, au stade des quarts de finale (7\/5, 6\/2, 6\/2).\u00a0\u00ab\u00a0Il \u00e9tait bien meilleur que moi \u00e0 cette \u00e9poque\u00a0\u00bb, s\u2019est-il souvenu face \u00e0 la presse. Mais depuis, l&rsquo;\u00e9l\u00e8ve Zverev a chang\u00e9 de statut et r\u00eave d\u2019endosser la tunique du ma\u00eetre, bien accroch\u00e9e aux \u00e9paules de son a\u00een\u00e9.<\/p>\n<p><a href=\"https:\/\/www.rolandgarros.com\/fr-fr\/article\/alexander-zverev-conference-de-presse-defaite-finale-2024-deuxieme-grand-chelem\" target=\"_blank\" rel=\"noopener\">Finaliste sortant \u00e0 Paris<\/a>, il gravite autour de l\u2019\u00e9toile Grand Chelem depuis de longues ann\u00e9es. Apr\u00e8s avoir but\u00e9 trois fois sur la derni\u00e8re marche, la fus\u00e9e Zverev est lanc\u00e9e \u00e0 toute vitesse vers son objectif ultime. Ressortira-t-elle indemne de cette premi\u00e8re escale galactique ? Attention \u00e0 la collision. <\/p>\n<p><strong>Face-\u00e0-face : Djokovic 8-5 Zverev<\/strong><\/p>\n","protected":false},"excerpt":{"rendered":"Un nouvel espoir pour Zverev L\u2019Allemand s\u2019est adjug\u00e9 la derni\u00e8re confrontation majeure entre les deux hommes, en janvier&hellip;\n","protected":false},"author":2,"featured_media":153019,"comment_status":"","ping_status":"","sticky":false,"template":"","format":"standard","meta":{"footnotes":""},"categories":[2],"tags":[11,1011,27,12,25],"class_list":{"0":"post-153018","1":"post","2":"type-post","3":"status-publish","4":"format-standard","5":"has-post-thumbnail","7":"category-actualites","8":"tag-actualites","9":"tag-fr","10":"tag-france","11":"tag-news","12":"tag-republique-francaise"},"share_on_mastodon":{"url":"https:\/\/pubeurope.com\/@fr\/114628728195928545","error":""},"_links":{"self":[{"href":"https:\/\/www.europesays.com\/fr\/wp-json\/wp\/v2\/posts\/153018","targetHints":{"allow":["GET"]}}],"collection":[{"href":"https:\/\/www.europesays.com\/fr\/wp-json\/wp\/v2\/posts"}],"about":[{"href":"https:\/\/www.europesays.com\/fr\/wp-json\/wp\/v2\/types\/post"}],"author":[{"embeddable":true,"href":"https:\/\/www.europesays.com\/fr\/wp-json\/wp\/v2\/users\/2"}],"replies":[{"embeddable":true,"href":"https:\/\/www.europesays.com\/fr\/wp-json\/wp\/v2\/comments?post=153018"}],"version-history":[{"count":0,"href":"https:\/\/www.europesays.com\/fr\/wp-json\/wp\/v2\/posts\/153018\/revisions"}],"wp:featuredmedia":[{"embeddable":true,"href":"https:\/\/www.europesays.com\/fr\/wp-json\/wp\/v2\/media\/153019"}],"wp:attachment":[{"href":"https:\/\/www.europesays.com\/fr\/wp-json\/wp\/v2\/media?parent=153018"}],"wp:term":[{"taxonomy":"category","embeddable":true,"href":"https:\/\/www.europesays.com\/fr\/wp-json\/wp\/v2\/categories?post=153018"},{"taxonomy":"post_tag","embeddable":true,"href":"https:\/\/www.europesays.com\/fr\/wp-json\/wp\/v2\/tags?post=153018"}],"curies":[{"name":"wp","href":"https:\/\/api.w.org\/{rel}","templated":true}]}}