{"id":153026,"date":"2025-06-05T03:57:09","date_gmt":"2025-06-05T03:57:09","guid":{"rendered":"https:\/\/www.europesays.com\/fr\/153026\/"},"modified":"2025-06-05T03:57:09","modified_gmt":"2025-06-05T03:57:09","slug":"roland-garros-novak-djokovic-surclasse-alexander-zverev-et-jouera-sa-13e-demi-finale-a-paris","status":"publish","type":"post","link":"https:\/\/www.europesays.com\/fr\/153026\/","title":{"rendered":"Roland-Garros\u00a0: Novak Djokovic surclasse Alexander Zverev et jouera sa 13e demi-finale \u00e0 Paris"},"content":{"rendered":"<p class=\"paragraph text_align_left\">Le premier est \u00e9ternel et vivra vendredi une 13e demi-finale \u00e0<a href=\"https:\/\/www.leparisien.fr\/sports\/tennis\/roland-garros\/\" target=\"_blank\" rel=\"noreferrer noopener\"> Roland-Garros<\/a>. Le second semble \u00e9ternellement condamn\u00e9 \u00e0 des contre-performances en Grand Chelem. En quatre manches ce mercredi soir, lors de l\u2019ultime night session de l\u2019\u00e9dition 2025, <a href=\"https:\/\/www.leparisien.fr\/sports\/tennis\/novak-djokovic\/\" target=\"_blank\" rel=\"noreferrer noopener\">Novak Djokovic<\/a>, 38\u00a0ans, renvoie Alexander Zverev, de dix ans son cadet, \u00e0 ses \u00e9tudes malgr\u00e9 la perte du premier set (4-6, 6-3, 6-2, 6-4). La victoire de l\u2019exp\u00e9rience pour un monstre sacr\u00e9 du circuit, en qu\u00eate d\u2019un 25e titre en Grand Chelem.<\/p>\n<p class=\"paragraph text_align_left\">Y arrivera-t-il \u00e0 Roland-Garros\u00a0? La mission semble impossible avec un nouveau d\u00e9fi nomm\u00e9 <a href=\"https:\/\/www.leparisien.fr\/sports\/tennis\/jannik-sinner\/\" target=\"_blank\" rel=\"noreferrer noopener\">Jannik Sinner<\/a>, num\u00e9ro un mondial intouchable jusqu\u2019ici. Mais le Serbe ne s\u2019emp\u00eache pas de r\u00eaver et il vient encore de montrer sa capacit\u00e9 \u00e0 \u00e9lever le niveau de jeu. L\u2019Allemand avait pourtant mieux d\u00e9marr\u00e9, frappant lourdement la balle en fond de court, trimbalant son adversaire de droite \u00e0 gauche. Le bon choix tactique. Mais son unique. Voil\u00e0 le fond du probl\u00e8me.<\/p>\n<p>La science du \u00ab\u00a0Djoker\u00a0\u00bb<\/p>\n<p class=\"paragraph text_align_left\">Car l\u2019ancien num\u00e9ro un mondial a commenc\u00e9 \u00e0 varier, s\u2019adapter, raccourcir l\u2019\u00e9change. Des slices, des amortis\u2026 De quoi rendre fou Zverev, qui n\u2019aura jamais su trouver une solution. Les points ont d\u00e9fil\u00e9 en faveur du \u00ab\u00a0Djoker\u00a0\u00bb comme s\u2019il avait encore 25\u00a0ans. Un tiers de fautes directes en plus pour le cadet des deux joueurs du soir. C\u2019\u00e9tait trop face \u00e0 la science tactique du triple vainqueur de Roland-Garros (2016, 2021, 2023). Surtout quand le mental l\u00e2che.<\/p>\n<p class=\"paragraph text_align_left\">Il y aura bien eu ce mini-retour de Zverev dans la quatri\u00e8me manche, lorsqu\u2019il s\u2019est offert une balle de d\u00e9break pour revenir \u00e0 3-3. Mais il \u00e9tait l\u2019heure du plus beau point de la quinzaine, remport\u00e9 par le Serbe, \u00e9videmment. Sur sa cinqui\u00e8me balle de match, voil\u00e0 Novak Djokovic encore en demi-finale de Grand Chelem, la 13e ici donc et la 51e au total. C\u2019est \u00e0 la fois compl\u00e8tement fou et compl\u00e8tement familier.<\/p>\n<p class=\"paragraph text_align_left\">Pour Zverev, c\u2019est une \u00e9ni\u00e8me d\u00e9ception lors d\u2019un grand rendez-vous. Il n\u2019avait plus \u00e9t\u00e9 \u00e9limin\u00e9 \u00e0 Paris avant les demi-finales depuis l\u2019\u00e9dition 2020. On pourrait donc m\u00eame parler d\u2019un retour en arri\u00e8re.<\/p>\n","protected":false},"excerpt":{"rendered":"Le premier est \u00e9ternel et vivra vendredi une 13e demi-finale \u00e0 Roland-Garros. Le second semble \u00e9ternellement condamn\u00e9 \u00e0&hellip;\n","protected":false},"author":2,"featured_media":153027,"comment_status":"","ping_status":"","sticky":false,"template":"","format":"standard","meta":{"footnotes":""},"categories":[1415],"tags":[1011,27,4171,60,1467],"class_list":{"0":"post-153026","1":"post","2":"type-post","3":"status-publish","4":"format-standard","5":"has-post-thumbnail","7":"category-tennis","8":"tag-fr","9":"tag-france","10":"tag-roland-garros","11":"tag-sports","12":"tag-tennis"},"share_on_mastodon":{"url":"https:\/\/pubeurope.com\/@fr\/114628751682214536","error":""},"_links":{"self":[{"href":"https:\/\/www.europesays.com\/fr\/wp-json\/wp\/v2\/posts\/153026","targetHints":{"allow":["GET"]}}],"collection":[{"href":"https:\/\/www.europesays.com\/fr\/wp-json\/wp\/v2\/posts"}],"about":[{"href":"https:\/\/www.europesays.com\/fr\/wp-json\/wp\/v2\/types\/post"}],"author":[{"embeddable":true,"href":"https:\/\/www.europesays.com\/fr\/wp-json\/wp\/v2\/users\/2"}],"replies":[{"embeddable":true,"href":"https:\/\/www.europesays.com\/fr\/wp-json\/wp\/v2\/comments?post=153026"}],"version-history":[{"count":0,"href":"https:\/\/www.europesays.com\/fr\/wp-json\/wp\/v2\/posts\/153026\/revisions"}],"wp:featuredmedia":[{"embeddable":true,"href":"https:\/\/www.europesays.com\/fr\/wp-json\/wp\/v2\/media\/153027"}],"wp:attachment":[{"href":"https:\/\/www.europesays.com\/fr\/wp-json\/wp\/v2\/media?parent=153026"}],"wp:term":[{"taxonomy":"category","embeddable":true,"href":"https:\/\/www.europesays.com\/fr\/wp-json\/wp\/v2\/categories?post=153026"},{"taxonomy":"post_tag","embeddable":true,"href":"https:\/\/www.europesays.com\/fr\/wp-json\/wp\/v2\/tags?post=153026"}],"curies":[{"name":"wp","href":"https:\/\/api.w.org\/{rel}","templated":true}]}}