{"id":153032,"date":"2025-06-05T04:01:13","date_gmt":"2025-06-05T04:01:13","guid":{"rendered":"https:\/\/www.europesays.com\/fr\/153032\/"},"modified":"2025-06-05T04:01:13","modified_gmt":"2025-06-05T04:01:13","slug":"tdf-tour-de-france-richard-plugge-nous-allons-semer-le-chaos-a-montmartre","status":"publish","type":"post","link":"https:\/\/www.europesays.com\/fr\/153032\/","title":{"rendered":"TDF. Tour de France &#8211; Richard Plugge : \u00abNous allons semer le chaos \u00e0 Montmartre&#8230;\u00bb"},"content":{"rendered":"<p>Depuis qu&rsquo;il a \u00e9t\u00e9 d\u00e9voil\u00e9 au mois de mai, le nouveau parcours de l&rsquo;ultime \u00e9tape du prochain\u00a0<strong><a href=\"https:\/\/www.cyclismactu.net\/..\/news-tour-de-france-route-le-parcours-officiel-de-21e-etape-3-passages-par-montmartre-87969.html\" target=\"_blank\" rel=\"nofollow noopener\">Tour de France<\/a><\/strong>\u00a0fait couler beaucoup d&rsquo;encre\u00a0dans le milieu du cyclisme professionnel. Apr\u00e8s\u00a0<strong>Remco Evenepoel<\/strong>\u00a0(Soudal Quick-Step), <strong><a href=\"https:\/\/www.cyclismactu.net\/..\/news-tour-de-france-route-marcel-kittel-montmartre-j-ai-mal-mon-coeur-de-sprinteur-88002.html\" target=\"_blank\" rel=\"nofollow noopener\">Marcel Kittel<\/a><\/strong>,\u00a0<strong><a href=\"https:\/\/www.cyclismactu.net\/..\/news-tour-de-france-route-wout-van-aert-montmartre-pas-fan-m-attends-chaos-87973.html\" target=\"_blank\" rel=\"nofollow noopener\">Wout Van Aert<\/a><\/strong>\u00a0(Visma) ou encore\u00a0<strong>Jasper Philipsen<\/strong>\u00a0(Alpecin-Deceunninck), qui ont exprim\u00e9 leurs doutes et leurs craintes sur ce nouveau final muscl\u00e9 qui fera revivre la flamme\u00a0des derniers<strong>\u00a0Jeux Olympiques de Paris 2024<\/strong> en empruntant \u00e0 trois reprises la Butte Montmartre et la rue Lepic, c&rsquo;est maintenant au tour de\u00a0<strong>Richard Plugge<\/strong>, le directeur g\u00e9n\u00e9ral de l&rsquo;\u00e9quipe <strong>Visma | Lease a Bike<\/strong> et donc de\u00a0<strong>Jonas Vingegaard<\/strong>, de fermement s&rsquo;opposer \u00e0 cet ajout, qui n&rsquo;a selon lui \u00ab\u00a0pas sa place sur le Tour de France\u00a0\u00bb.<\/p>\n<p>Vid\u00e9o &#8211; La pr\u00e9sentation du Tour de France 2025 Lire la suite de l&rsquo;article&#13;<\/p>\n<p>\u00a0<\/p>\n<p>&#13;<br \/>\n\u00ab\u00a0Si vous me demandez si Montmartre est une bonne id\u00e9e&#8230; je ne sais pas\u00a0\u00bb&#13;<\/p>\n<p>A l&rsquo;occasion\u00a0d&rsquo;un \u00e9pisode sp\u00e9cial du podcast <a href=\"https:\/\/www.wielerflits.nl\/nieuws\/montmartre-hoort-volgens-richard-plugge-niet-in-de-tour-maar-we-gaan-er-wel-chaos-maken\/\" target=\"_blank\" rel=\"nofollow noopener\">WielerFlits<\/a>, le dirigeant n\u00e9erlandais &#8211; comme toujours tr\u00e8s engag\u00e9 dans l&rsquo;\u00e9volution du cyclisme moderne et notamment sur les questions de s\u00e9curit\u00e9, lui qui \u00e9tait d\u00e9j\u00e0 mont\u00e9 au cr\u00e9neau contre l&rsquo;\u00e9tape des chemins blancs l&rsquo;an pass\u00e9 &#8211; estime que Montmartre repr\u00e9sente un trop gros risque et que le contexte sera bien diff\u00e9rent sur le <strong>Tour<\/strong> que lors des <strong>JO<\/strong>. \u00ab\u00a0Les Jeux olympiques de Paris ont eu lieu l&rsquo;ann\u00e9e derni\u00e8re. \u00c0 l&rsquo;\u00e9poque, seul un petit groupe est pass\u00e9 dans le final. Cet \u00e9t\u00e9, on va arriver avec un peloton fatigu\u00e9 de 150 coureurs, tous d\u00e9termin\u00e9s \u00e0 remporter l&rsquo;\u00e9tape. C&rsquo;est vraiment diff\u00e9rent de l&rsquo;arriv\u00e9e \u00e0 trente coureurs lors d&rsquo;une course olympique sur route. La moiti\u00e9 du peloton avait d\u00e9j\u00e0 \u00e9t\u00e9 l\u00e2ch\u00e9e d\u00e8s le d\u00e9part. La derni\u00e8re \u00e9tape du Tour est le championnat du monde de sprint, je trouve \u00e7a vraiment fantastique. Il y a une comp\u00e9tition par an o\u00f9 l&rsquo;accent est mis sur les sprinteurs. Ces coureurs sont tous tr\u00e8s excit\u00e9s par ce jour\u00a0\u00bb, regrette-t-il.<\/p>\n<p>&#13;<\/p>\n<p>Mais la d\u00e9cision est d\u00e9j\u00e0 prise, et il faudra donc faire avec ce nouveau parcours&#8230; qui pourrait faire chambouler le classement g\u00e9n\u00e9ral et ajouter beaucoup de piquant \u00e0 cette cerni\u00e8re journ\u00e9e, comme l&rsquo;a confirm\u00e9\u00a0<strong>Plugge<\/strong>\u00a0qui pourrait profiter d&rsquo;un <strong>Wout Van Aert<\/strong> sur son terrain de pr\u00e9dilection pour enflammer la course et favoriser Jonas Vingegaard. \u00ab\u00a0C&rsquo;est toujours bon pour quelqu&rsquo;un.\u00a0Au final, c&rsquo;est le parcours. Donc on va semer le chaos l\u00e0 aussi. On va tout faire pour tout chambouler. \u00c7a fait partie du parcours. Mais si vous me demandez si Montmartre est une bonne id\u00e9e, je ne sais pas\u00a0\u00bb, a-t-il conclu.<\/p>\n<p>&#13;<\/p>\n<p>\u00a0<\/p>\n<p>&#13;<br \/>\nLe parcours de la 21e \u00e9tape&#13;<\/p>\n<p>&#8211; Dimanche 27 juillet \u2013\u00a0<strong>\u00c9tape 21<\/strong>\u00a0:\u00a0Mantes-la-Ville &#8211; Paris &#8211; Champs-\u00c9lys\u00e9es \/ 132 km<\/p>\n<p>&#13;<\/p>\n<p><img decoding=\"async\" src=\"https:\/\/www.europesays.com\/fr\/wp-content\/uploads\/2025\/06\/TDF2025_21.jpg\" style=\"max-width:100%;max-height:100%;\" alt=\"image\" loading=\"lazy\"\/><\/p>\n<p>&#13;<br \/>\nLe trac\u00e9 du final&#13;<\/p>\n<p><img decoding=\"async\" src=\"https:\/\/www.europesays.com\/fr\/wp-content\/uploads\/2025\/06\/TDF2025_21T.jpg\" style=\"max-width:100%;max-height:100%;\" alt=\"image\" loading=\"lazy\"\/><\/p>\n","protected":false},"excerpt":{"rendered":"Depuis qu&rsquo;il a \u00e9t\u00e9 d\u00e9voil\u00e9 au mois de mai, le nouveau parcours de l&rsquo;ultime \u00e9tape du prochain\u00a0Tour de&hellip;\n","protected":false},"author":2,"featured_media":153033,"comment_status":"","ping_status":"","sticky":false,"template":"","format":"standard","meta":{"footnotes":""},"categories":[1411],"tags":[1154,207,211,1011,27,209,60,210,212,208,213],"class_list":{"0":"post-153032","1":"post","2":"type-post","3":"status-publish","4":"format-standard","5":"has-post-thumbnail","7":"category-cyclisme","8":"tag-cycling","9":"tag-cyclisme","10":"tag-ffc","11":"tag-fr","12":"tag-france","13":"tag-route","14":"tag-sports","15":"tag-tour-de-france","16":"tag-uci","17":"tag-velo","18":"tag-world-tour"},"share_on_mastodon":{"url":"https:\/\/pubeurope.com\/@fr\/114628767530027151","error":""},"_links":{"self":[{"href":"https:\/\/www.europesays.com\/fr\/wp-json\/wp\/v2\/posts\/153032","targetHints":{"allow":["GET"]}}],"collection":[{"href":"https:\/\/www.europesays.com\/fr\/wp-json\/wp\/v2\/posts"}],"about":[{"href":"https:\/\/www.europesays.com\/fr\/wp-json\/wp\/v2\/types\/post"}],"author":[{"embeddable":true,"href":"https:\/\/www.europesays.com\/fr\/wp-json\/wp\/v2\/users\/2"}],"replies":[{"embeddable":true,"href":"https:\/\/www.europesays.com\/fr\/wp-json\/wp\/v2\/comments?post=153032"}],"version-history":[{"count":0,"href":"https:\/\/www.europesays.com\/fr\/wp-json\/wp\/v2\/posts\/153032\/revisions"}],"wp:featuredmedia":[{"embeddable":true,"href":"https:\/\/www.europesays.com\/fr\/wp-json\/wp\/v2\/media\/153033"}],"wp:attachment":[{"href":"https:\/\/www.europesays.com\/fr\/wp-json\/wp\/v2\/media?parent=153032"}],"wp:term":[{"taxonomy":"category","embeddable":true,"href":"https:\/\/www.europesays.com\/fr\/wp-json\/wp\/v2\/categories?post=153032"},{"taxonomy":"post_tag","embeddable":true,"href":"https:\/\/www.europesays.com\/fr\/wp-json\/wp\/v2\/tags?post=153032"}],"curies":[{"name":"wp","href":"https:\/\/api.w.org\/{rel}","templated":true}]}}