{"id":153036,"date":"2025-06-05T04:03:10","date_gmt":"2025-06-05T04:03:10","guid":{"rendered":"https:\/\/www.europesays.com\/fr\/153036\/"},"modified":"2025-06-05T04:03:10","modified_gmt":"2025-06-05T04:03:10","slug":"aya-nakamura-des-peines-de-4-mois-avec-sursis-a-4-mois-ferme-requises-aux-proces-de-13-identitaires-actualites","status":"publish","type":"post","link":"https:\/\/www.europesays.com\/fr\/153036\/","title":{"rendered":"Aya Nakamura: des peines de 4 mois avec sursis \u00e0 4 mois ferme requises aux proc\u00e8s de 13 identitaires : Actualit\u00e9s"},"content":{"rendered":"<p class=\"lead \">Des peines de 4 mois avec sursis \u00e0 4 mois ferme ont \u00e9t\u00e9 requises mercredi au tribunal correctionnel de Paris au proc\u00e8s de 13 personnes proches de la mouvance identitaire, hostiles \u00e0 la participation de la chanteuse Aya Nakamura \u00e0 la c\u00e9r\u00e9monie d&rsquo;ouverture des JO-2024.<\/p>\n<p class=\"lead \">La d\u00e9cision sera annonc\u00e9e le 17 septembre.<\/p>\n<p class=\"lead \">Seuls trois pr\u00e9venus, dont une ancienne collaboratrice de d\u00e9put\u00e9s du Rassemblement national (RN), Capucine C., 22 ans, \u00e9taient pr\u00e9sents \u00e0 l&rsquo;audience qui s&rsquo;est d\u00e9roul\u00e9e sans la pr\u00e9sence de la star franco-malienne.<\/p>\n<p class=\"lead \">Pour la procureure, l&rsquo;action visant Aya Nakamura avait pour but \u00ab\u00a0d&#8217;emp\u00eacher cette chanteuse fran\u00e7aise de participer \u00e0 la c\u00e9r\u00e9monie\u00a0\u00bb d&rsquo;ouverture des JO \u00ab\u00a0en raison de ses origines\u00a0\u00bb. La magistrate a d\u00e9nonc\u00e9 \u00ab\u00a0la rh\u00e9torique haineuse\u00a0\u00bb des mis en cause. Il s&rsquo;agissait de \u00ab\u00a0discriminer et injurier cette chanteuse en raison de ses origines maliennes\u00a0\u00bb, a soulign\u00e9 la procureure qui a insist\u00e9 sur \u00ab\u00a0le caract\u00e8re raciste et discriminatoire\u00a0\u00bb de la banderole d\u00e9ploy\u00e9e par les mis en cause.<\/p>\n<p class=\"lead \">Elle a demand\u00e9 au tribunal d&rsquo;infliger des \u00ab\u00a0sanctions fortes et s\u00e9v\u00e8res\u00a0\u00bb.<\/p>\n<p class=\"lead \">Les pr\u00e9venus pr\u00e9sents, dont le porte-parole du groupe identitaire Les Natifs, Stanislas T., 24 ans, ont refus\u00e9 de r\u00e9pondre aux questions du tribunal, se contentant de lire une d\u00e9claration pour justifier leur action.<\/p>\n<p class=\"lead \"> \u00ab\u00a0Ce qui se joue aujourd&rsquo;hui, c&rsquo;est la question de la libert\u00e9 d&rsquo;expression et celle de l&rsquo;ind\u00e9pendance du syst\u00e8me judiciaire\u00a0\u00bb, a estim\u00e9 le porte-parole des Natifs, en costume noir, cheveux courts et barbe bien taill\u00e9e.<\/p>\n<p class=\"lead \">Selon le militant identitaire, il s&rsquo;agissait de d\u00e9noncer \u00ab\u00a0un choix politique qui visait d\u00e9lib\u00e9r\u00e9ment \u00e0 promouvoir la dissolution de notre culture ancestrale\u00a0\u00bb.<\/p>\n<p class=\"lead \">Leurs avocats, Mes Mathieu Sassi et Pierre-Vincent Lambert, ont demand\u00e9 la relaxe de leurs clients.<\/p>\n<p class=\"lead \">&#8211; Raciste et complotiste &#8211;<\/p>\n<p class=\"lead \">Le groupuscule Les Natifs, issu de G\u00e9n\u00e9ration identitaire (dissous en 2021), d\u00e9fend la th\u00e9orie raciste et complotiste du \u00ab\u00a0grand remplacement\u00a0\u00bb.<\/p>\n<p class=\"lead \">Les mis en cause, \u00e2g\u00e9s de 20 \u00e0 31 ans, sont poursuivis pour provocation publique \u00e0 la haine ou \u00e0 la violence en raison de l&rsquo;origine, l&rsquo;ethnie, la nation, la race ou la religion ou pour complicit\u00e9 de provocation \u00e0 la haine.<\/p>\n<p class=\"lead \">Le 9 mars 2024, apr\u00e8s l&rsquo;\u00e9vocation de la participation de la chanteuse \u00e0 la c\u00e9r\u00e9monie d&rsquo;ouverture des Jeux olympiques, le groupuscule avait post\u00e9 sur ses r\u00e9seaux sociaux une photo d&rsquo;une banderole \u00e0 connotation raciste.<\/p>\n<p class=\"lead \">Cette photo a \u00e9t\u00e9 vue plus de 4,5 millions de fois, a rappel\u00e9 le tribunal.<\/p>\n<p class=\"lead \">Tendue par une dizaine de ses membres sur l&rsquo;\u00eele Saint-Louis, la banderole proclamait: \u00ab\u00a0Y a pas moyen Aya, ici c&rsquo;est Paris, pas le march\u00e9 de Bamako\u00a0\u00bb, une r\u00e9f\u00e9rence \u00e0 son tube \u00ab\u00a0Djadja\u00a0\u00bb et \u00e0 sa ville de naissance au Mali.<\/p>\n<p class=\"lead \">Le compte X des Natifs regrettait de \u00ab\u00a0remplacer l&rsquo;\u00e9l\u00e9gance fran\u00e7aise par la vulgarit\u00e9, africaniser nos chansons populaires et \u00e9vincer le peuple de souche au profit de l&rsquo;immigration extra-europ\u00e9enne\u00a0\u00bb.<\/p>\n<p class=\"lead \">Le parquet de Paris avait confi\u00e9 une enqu\u00eate \u00e0 l&rsquo;Office central de lutte contre les crimes de haine et la haine en ligne (OCLCH), apr\u00e8s avoir re\u00e7u le 13 mars 2024 des signalements de la Licra (Ligue internationale contre le racisme et l&rsquo;antis\u00e9mitisme) et de SOS-Racisme, d\u00e9non\u00e7ant des \u00ab\u00a0publications \u00e0 caract\u00e8re raciste au pr\u00e9judice\u00a0\u00bb de la star de la chanson fran\u00e7aise.<\/p>\n<p class=\"lead \">Le 20 mars, Aya Nakamura avait port\u00e9 plainte \u00e0 son tour.<\/p>\n<p class=\"lead \">Avant de s&rsquo;en prendre \u00e0 Aya Nakamura, sacr\u00e9e artiste f\u00e9minine aux Victoires de la musique 2024, Les Natifs avaient notamment fait parler d&rsquo;eux en d\u00e9cembre 2023, pour avoir organis\u00e9 un rassemblement de plusieurs dizaines de militants \u00e0 Paris, en hommage \u00e0 Thomas, un jeune homme de 16 ans tu\u00e9 \u00e0 la sortie d&rsquo;une f\u00eate de village \u00e0 Cr\u00e9pol (Dr\u00f4me).<\/p>\n<p class=\"lead \">Les Natifs, qui comptent pr\u00e8s de 10.000 abonn\u00e9s sur Instagram et plus de 18.000 sur X, revendiquent des actions coup de poing relay\u00e9es sur leurs r\u00e9seaux sociaux.<\/p>\n<p class=\"lead \">Ainsi, en mars, ils avaient recouvert de draps noirs des portraits de femmes voil\u00e9es expos\u00e9s dans la basilique Saint-Denis, dans la banlieue nord de Paris.<\/p>\n<p class=\"lead \">Deux personnes, dont Stanislas T., doivent compara\u00eetre jeudi devant le tribunal de Bobigny (Seine-Saint-Denis) dans le cadre de cette affaire.<\/p>\n<p class=\"lead \">De son vrai nom Aya Danioko, Aya Nakamura, 30 ans, qui a grandi \u00e0 Aulnay-sous-Bois (Seine-Saint-Denis), est la chanteuse francophone la plus \u00e9cout\u00e9e dans le monde. Sa performance lors de la c\u00e9r\u00e9monie d&rsquo;ouverture des JO le 26 juillet 2024, avec la Garde r\u00e9publicaine, sur le Pont des Arts \u00e0 Paris, avait \u00e9t\u00e9 l&rsquo;un des moments les plus suivis de l&rsquo;\u00e9v\u00e9nement.<\/p>\n<p class=\"small font-weight-bold text-gray3 \"> publi\u00e9 le 4 juin \u00e0 21h06, AFP<\/p>\n<p>                             Partager<\/p>\n","protected":false},"excerpt":{"rendered":"Des peines de 4 mois avec sursis \u00e0 4 mois ferme ont \u00e9t\u00e9 requises mercredi au tribunal correctionnel&hellip;\n","protected":false},"author":2,"featured_media":153037,"comment_status":"","ping_status":"","sticky":false,"template":"","format":"standard","meta":{"footnotes":""},"categories":[1359],"tags":[1971,58,59,1011,27,873,28265,973,4780,10162],"class_list":{"0":"post-153036","1":"post","2":"type-post","3":"status-publish","4":"format-standard","5":"has-post-thumbnail","7":"category-people","8":"tag-clbrits","9":"tag-divertissement","10":"tag-entertainment","11":"tag-fr","12":"tag-france","13":"tag-musique","14":"tag-oly","15":"tag-people","16":"tag-procs","17":"tag-racisme"},"share_on_mastodon":{"url":"https:\/\/pubeurope.com\/@fr\/114628775314513942","error":""},"_links":{"self":[{"href":"https:\/\/www.europesays.com\/fr\/wp-json\/wp\/v2\/posts\/153036","targetHints":{"allow":["GET"]}}],"collection":[{"href":"https:\/\/www.europesays.com\/fr\/wp-json\/wp\/v2\/posts"}],"about":[{"href":"https:\/\/www.europesays.com\/fr\/wp-json\/wp\/v2\/types\/post"}],"author":[{"embeddable":true,"href":"https:\/\/www.europesays.com\/fr\/wp-json\/wp\/v2\/users\/2"}],"replies":[{"embeddable":true,"href":"https:\/\/www.europesays.com\/fr\/wp-json\/wp\/v2\/comments?post=153036"}],"version-history":[{"count":0,"href":"https:\/\/www.europesays.com\/fr\/wp-json\/wp\/v2\/posts\/153036\/revisions"}],"wp:featuredmedia":[{"embeddable":true,"href":"https:\/\/www.europesays.com\/fr\/wp-json\/wp\/v2\/media\/153037"}],"wp:attachment":[{"href":"https:\/\/www.europesays.com\/fr\/wp-json\/wp\/v2\/media?parent=153036"}],"wp:term":[{"taxonomy":"category","embeddable":true,"href":"https:\/\/www.europesays.com\/fr\/wp-json\/wp\/v2\/categories?post=153036"},{"taxonomy":"post_tag","embeddable":true,"href":"https:\/\/www.europesays.com\/fr\/wp-json\/wp\/v2\/tags?post=153036"}],"curies":[{"name":"wp","href":"https:\/\/api.w.org\/{rel}","templated":true}]}}