{"id":15304,"date":"2025-04-10T15:40:13","date_gmt":"2025-04-10T15:40:13","guid":{"rendered":"https:\/\/www.europesays.com\/fr\/15304\/"},"modified":"2025-04-10T15:40:13","modified_gmt":"2025-04-10T15:40:13","slug":"la-premiere-grande-evolution-technique-de-la-fusee-ariane-6-se-dessine-deja","status":"publish","type":"post","link":"https:\/\/www.europesays.com\/fr\/15304\/","title":{"rendered":"La premi\u00e8re grande \u00e9volution technique de la fus\u00e9e Ariane 6 se dessine d\u00e9j\u00e0"},"content":{"rendered":"<p>La fus\u00e9e europ\u00e9enne Ariane 6 va conna\u00eetre quelques \u00e9volutions au cours de sa carri\u00e8re. Un premier changement notable se pr\u00e9pare d\u00e9j\u00e0, notamment au niveau des boosters d\u2019appoint du lanceur.<\/p>\n<p>Elle n\u2019a vol\u00e9 qu\u2019\u00e0 deux reprises, mais elle s\u2019appr\u00eate d\u00e9j\u00e0 \u00e0 \u00e9voluer. La fus\u00e9e europ\u00e9enne Ariane 6, qui a <a href=\"https:\/\/www.numerama.com\/sciences\/1773540-voici-les-photos-les-plus-magistrales-du-premier-decollage-dariane-6.html\" target=\"_blank\" rel=\"noopener\">effectu\u00e9 son vol inaugural \u00e0 l\u2019\u00e9t\u00e9 2024<\/a>, puis son <a href=\"https:\/\/www.numerama.com\/sciences\/1920343-bonne-nouvelle-pour-larmee-ariane-6-reussi-la-mise-en-orbite-du-satellite-militaire-cs0-3.html\" target=\"_blank\" rel=\"noopener\">premier lancement commercial d\u00e9but mars<\/a>, conna\u00eetra d\u2019ici quelques ann\u00e9es une mise \u00e0 niveau technique, qui lui donnera acc\u00e8s \u00e0 des propulseurs d\u2019appoint plus puissants. Leur nom ? P160C.<\/p>\n<p>Cette nouvelle g\u00e9n\u00e9ration de propulseur d\u2019appoint, qu\u2019on appelle aussi booster lat\u00e9ral, doit d\u2019ailleurs prochainement faire l\u2019objet d\u2019une mise \u00e0 feu statique pour \u00e9valuer son comportement, <a href=\"https:\/\/x.com\/ESA_transport\/status\/1909897297292407077\" target=\"_blank\" rel=\"noreferrer noopener\">indique<\/a> l\u2019Agence spatiale europ\u00e9enne (ESA) dans un point d\u2019\u00e9tape sur X (ex-Twitter). Le 20 mars, le P160 d\u2019essai a \u00e9t\u00e9 transport\u00e9 sur son banc d\u2019essais, au centre spatial guyanais.<\/p>\n<p>Actuellement, Ariane 6 est soutenue lors de son ascension par deux ou quatre boosters P120C, selon la configuration. Le P160C sera plus performant, avec une capacit\u00e9 d\u2019emport de propergol solide sup\u00e9rieur (14 tonnes en plus pour chaque propulseur). Cela permettra d\u2019envoyer des satellites plus loin ou de transporter des charges plus lourdes.<\/p>\n<p>Autre particularit\u00e9 du booster P160C : il servira de premier \u00e9tage \u00e0 la future \u00e9volution de la petite fus\u00e9e europ\u00e9enne Vega. Aujourd\u2019hui, le P120C remplit d\u00e9j\u00e0 ce r\u00f4le pour <a href=\"https:\/\/www.numerama.com\/sciences\/1040652-vega-c-a-reussi-son-tout-premier-vol-et-maintenant.html\" target=\"_blank\" rel=\"noopener\">le mod\u00e8le le plus r\u00e9cent du lanceur l\u00e9ger, \u00e0 savoir Vega-C<\/a>. Le P160C jouera donc ce m\u00eame r\u00f4le, mais pour <a href=\"https:\/\/www.numerama.com\/sciences\/728086-vega-e-a-quoi-doit-ressembler-la-future-fusee-europeenne-attendue-en-2025.html\" target=\"_blank\" rel=\"noopener\">Vega-E, qui est toujours en phase de d\u00e9veloppement<\/a>. On attend son premier vol en 2027.<\/p>\n<\/p>\n<p>            Ce contenu est bloqu\u00e9 car vous n\u2019avez pas accept\u00e9 les cookies et autres traceurs. Ce contenu est fourni par YouTube.<br \/>Pour pouvoir le visualiser, vous devez accepter l\u2019usage \u00e9tant op\u00e9r\u00e9 par YouTube avec vos donn\u00e9es qui pourront \u00eatre utilis\u00e9es pour les finalit\u00e9s suivantes : vous permettre de visualiser et de partager des contenus avec des m\u00e9dias sociaux, favoriser le d\u00e9veloppement et l\u2019am\u00e9lioration des produits d\u2019Humanoid et de ses partenaires, vous afficher des publicit\u00e9s personnalis\u00e9es par rapport \u00e0 votre profil et activit\u00e9, vous d\u00e9finir un profil publicitaire personnalis\u00e9, mesurer la performance des publicit\u00e9s et du contenu de ce site et mesurer l\u2019audience de ce site <a href=\"#\" class=\"js-privacy\" target=\"_blank\">(en savoir plus)<\/a>        <\/p>\n<p>            En cliquant sur \u00ab J\u2019accepte tout \u00bb, vous consentez aux finalit\u00e9s susmentionn\u00e9es pour l\u2019ensemble des cookies et autres traceurs d\u00e9pos\u00e9s par Humanoid et <a class=\"embed-consent-overlay-vendors-link\" href=\"#preferences-vendeurs\">ses partenaires<\/a>.        <\/p>\n<p>            Vous gardez la possibilit\u00e9 de retirer votre consentement \u00e0 tout moment. Pour plus d\u2019informations, nous vous invitons \u00e0 prendre connaissance de notre <a href=\"https:\/\/www.numerama.com\/politique-cookies\" target=\"_blank\" rel=\"noopener\">Politique cookies<\/a>.        <\/p>\n<p>        J\u2019accepte tout    <\/p>\n<p class=\"embed-consent-overlay-manage-choices\">        <a href=\"#preferences-publicitaires\">G\u00e9rer mes choix<\/a>    <\/p>\n<p>Ariane 6 \u00ab block 2 \u00bb, \u00ab block 3 \u00bb\u2026 et ensuite ?<\/p>\n<p>Le d\u00e9veloppement de nouveaux boosters P160C sur Ariane 6 s\u2019inscrit dans un programme plus large appel\u00e9 Ariane 6 \u00ab block 2 \u00bb. Outre des propulseurs de plus grande capacit\u00e9, il est aussi question <a href=\"https:\/\/www.esa.int\/Enabling_Support\/Space_Transportation\/Ariane\/Ariane_6_first_flight_planned_for_fourth_quarter_of_2023\" target=\"_blank\" rel=\"noreferrer noopener\">de performances accrues<\/a> pour le premier \u00e9tage et d\u2019un moteur Vinci <a href=\"https:\/\/www.challenges.fr\/entreprise\/aeronautique\/premier-vol-d-ariane-6-faut-il-deja-lancer-le-successeur-ariane-next_898934\" target=\"_blank\" rel=\"noreferrer noopener\">plus puissant<\/a> pour l\u2019\u00e9tage sup\u00e9rieur. Cette version <a href=\"https:\/\/europeanspaceflight.com\/arianespace-envisions-post-2030-ariane-6-upgrades\/\" target=\"_blank\" rel=\"noreferrer noopener\">doit faire ses d\u00e9buts<\/a> courant 2026.<\/p>\n<p>Une Ariane 6 \u00ab block 3 \u00bb est aussi en chantier. Celle-ci <a href=\"https:\/\/spacenews.com\/prototype-ariane-6-carbon-composite-upper-stage-gets-esa-funding\/\" target=\"_blank\" rel=\"noreferrer noopener\">implique une refonte<\/a> du deuxi\u00e8me \u00e9tage : c\u2019est le projet Icarus (Innovative Carbon Ariane Upper Stage), pour succ\u00e9der \u00e0 la version actuelle ULPM (Upper Liquid Propulsion Module). Objectif : all\u00e9ger sa masse, pour augmenter celle de la charge utile transportable (2 tonnes en plus).<\/p>\n<p>Et ensuite ? Divers chantiers sont en cours. <\/p>\n<p>On parle notamment d\u2019<a href=\"https:\/\/www.futura-sciences.com\/sciences\/actualites\/lanceur-ariane-6-etage-capable-amener-satellites-jusquau-dernier-kilometre-leur-position-93464\/\" target=\"_blank\" rel=\"noreferrer noopener\">un troisi\u00e8me \u00e9tage optionnel<\/a>, de prototypes en cours d\u2019essai tels <a href=\"https:\/\/www.numerama.com\/sciences\/676741-themis-le-prototype-europeen-inspire-de-la-falcon-9-de-spacex-volera-en-2023.html\" target=\"_blank\" rel=\"noopener\">Themis<\/a> et <a href=\"https:\/\/www.numerama.com\/sciences\/593814-callisto-la-france-donne-son-feu-vert-pour-tester-une-fusee-reutilisable.html\" target=\"_blank\" rel=\"noopener\">Callisto<\/a>, afin de progresser dans la ma\u00eetrise des fus\u00e9es \u00e0 \u00e9tage r\u00e9utilisable (et pouvant rentrer automatiquement \u00e0 bon port, \u00e0 l\u2019image de SpaceX), d\u2019un nouveau moteur-fus\u00e9e<a href=\"https:\/\/www.numerama.com\/sciences\/682411-prometheus-feu-vert-pour-les-essais-du-moteur-qui-equipera-les-fusees-europeennes-de-demain.html\" target=\"_blank\" rel=\"noopener\"> Prometheus<\/a> ou bien du concept d\u2019\u00e9tage sup\u00e9rieur habitable, r\u00e9utilisable et automatique <a href=\"https:\/\/www.numerama.com\/sciences\/1117036-susie-le-plan-darianegroup-pour-un-etage-dariane-6-habitable-reutilisable-et-automatique.html\" target=\"_blank\" rel=\"noopener\">Susie<\/a>. <\/p>\n<p>Pour une partie de ces travaux, toutefois il faudra plut\u00f4t attendre la mise au point Ariane Next, le successeur d\u2019Ariane 6, pour les concr\u00e9tiser. Rendez-vous apr\u00e8s 2030.<\/p>\n<p>            <img decoding=\"async\" src=\"https:\/\/www.europesays.com\/fr\/wp-content\/uploads\/2025\/04\/iPhone-16-pro.png\" alt=\"Toute l'actu tech en un clien d'oeil\"\/><\/p>\n<p class=\"card-install-pwa__title\">Toute l&rsquo;actu tech en un clin d&rsquo;\u0153il<\/p>\n<p class=\"card-install-pwa__description\">Ajoutez Numerama \u00e0 votre \u00e9cran d&rsquo;accueil et restez connect\u00e9s au futur !<\/p>\n<p>            <img decoding=\"async\" src=\"https:\/\/www.europesays.com\/fr\/wp-content\/uploads\/2025\/04\/logo-card-pwa-coupe.svg.svg+xml\" alt=\"Logo PWA\"\/><\/p>\n<p>       Installer Numerama<\/p>\n<p class=\"title\">\n            Regardez le monde depuis l&rsquo;            <a href=\"https:\/\/www.numerama.com\/sciences\/espace\/\" target=\"_blank\" rel=\"noopener\"><br \/>\n                Espace            <\/a>\n        <\/p>\n","protected":false},"excerpt":{"rendered":"La fus\u00e9e europ\u00e9enne Ariane 6 va conna\u00eetre quelques \u00e9volutions au cours de sa carri\u00e8re. Un premier changement notable&hellip;\n","protected":false},"author":2,"featured_media":15305,"comment_status":"","ping_status":"","sticky":false,"template":"","format":"standard","meta":{"footnotes":""},"categories":[7],"tags":[6445,6446,6447,1011,27,889,43,40,41,39,42,44],"class_list":{"0":"post-15304","1":"post","2":"type-post","3":"status-publish","4":"format-standard","5":"has-post-thumbnail","7":"category-sciences-et-technologies","8":"tag-ariane-6","9":"tag-arianespace","10":"tag-esa","11":"tag-fr","12":"tag-france","13":"tag-fusee","14":"tag-science","15":"tag-science-and-technology","16":"tag-sciences","17":"tag-sciences-et-technologies","18":"tag-technologies","19":"tag-technology"},"share_on_mastodon":{"url":"https:\/\/pubeurope.com\/@fr\/114314426781267974","error":""},"_links":{"self":[{"href":"https:\/\/www.europesays.com\/fr\/wp-json\/wp\/v2\/posts\/15304","targetHints":{"allow":["GET"]}}],"collection":[{"href":"https:\/\/www.europesays.com\/fr\/wp-json\/wp\/v2\/posts"}],"about":[{"href":"https:\/\/www.europesays.com\/fr\/wp-json\/wp\/v2\/types\/post"}],"author":[{"embeddable":true,"href":"https:\/\/www.europesays.com\/fr\/wp-json\/wp\/v2\/users\/2"}],"replies":[{"embeddable":true,"href":"https:\/\/www.europesays.com\/fr\/wp-json\/wp\/v2\/comments?post=15304"}],"version-history":[{"count":0,"href":"https:\/\/www.europesays.com\/fr\/wp-json\/wp\/v2\/posts\/15304\/revisions"}],"wp:featuredmedia":[{"embeddable":true,"href":"https:\/\/www.europesays.com\/fr\/wp-json\/wp\/v2\/media\/15305"}],"wp:attachment":[{"href":"https:\/\/www.europesays.com\/fr\/wp-json\/wp\/v2\/media?parent=15304"}],"wp:term":[{"taxonomy":"category","embeddable":true,"href":"https:\/\/www.europesays.com\/fr\/wp-json\/wp\/v2\/categories?post=15304"},{"taxonomy":"post_tag","embeddable":true,"href":"https:\/\/www.europesays.com\/fr\/wp-json\/wp\/v2\/tags?post=15304"}],"curies":[{"name":"wp","href":"https:\/\/api.w.org\/{rel}","templated":true}]}}