{"id":153042,"date":"2025-06-05T04:07:10","date_gmt":"2025-06-05T04:07:10","guid":{"rendered":"https:\/\/www.europesays.com\/fr\/153042\/"},"modified":"2025-06-05T04:07:10","modified_gmt":"2025-06-05T04:07:10","slug":"des-internautes-coreens-appellent-au-boycott-daespa-suite-a-la-polemique-autour-de-karina","status":"publish","type":"post","link":"https:\/\/www.europesays.com\/fr\/153042\/","title":{"rendered":"Des internautes cor\u00e9ens appellent au boycott d\u2019aespa suite \u00e0 la pol\u00e9mique autour de Karina"},"content":{"rendered":"<p>Le prochain comeback d\u2019aespa est d\u00e9j\u00e0 sous le feu des critiques, avant m\u00eame son annonce officielle. En cause : une pol\u00e9mique persistante autour de Karina, la leader du groupe, qui continue d\u2019alimenter les d\u00e9bats sur les forums en ligne sud-cor\u00e9ens.<\/p>\n<p>Depuis le d\u00e9but de l\u2019ann\u00e9e, les tensions s\u2019accumulent, mais la situation a pris un nouveau tournant apr\u00e8s la fuite d\u2019informations li\u00e9es au retour du groupe. Un post publi\u00e9 sur l\u2019un des plus grands forums en Cor\u00e9e, a rapidement fait le buzz, d\u00e9passant les 70000 vues et attirant des centaines de commentaires en quelques heures seulement.<\/p>\n<p><img loading=\"lazy\" decoding=\"async\" width=\"681\" height=\"450\" src=\"https:\/\/www.europesays.com\/fr\/wp-content\/uploads\/2025\/06\/aespa-dans-la-tourmente-polemique-autour-de-Karina.jpeg\" alt=\"Des internautes cor\u00e9ens appellent au boycott d\u2019aespa suite \u00e0 la pol\u00e9mique autour de Karina\" class=\"wp-image-249113 lazyload\" style=\"width:840px;height:auto\" title=\"Des internautes cor\u00e9ens appellent au boycott d\u2019aespa suite \u00e0 la pol\u00e9mique autour de Karina\"\/>Billboard<\/p>\n<p>Les critiques, d\u2019abord cibl\u00e9es, se sont transform\u00e9es en appels massifs au boycott du retour d\u2019aespa. De nombreux internautes affirment d\u00e9sormais qu\u2019ils ne soutiendront pas le nouveau projet du groupe de filles.<\/p>\n<p><img loading=\"lazy\" decoding=\"async\" width=\"1200\" height=\"678\" src=\"https:\/\/www.europesays.com\/fr\/wp-content\/uploads\/2025\/06\/Des-internautes-coreens-appellent-au-boycott-daespa-suite-a-la-polemique-autour-de-Karina-32.jpg\" alt=\"Des internautes cor\u00e9ens appellent au boycott d\u2019aespa suite \u00e0 la pol\u00e9mique autour de Karina\" class=\"wp-image-249126 lazyload\" title=\"Des internautes cor\u00e9ens appellent au boycott d\u2019aespa suite \u00e0 la pol\u00e9mique autour de Karina\"  \/><\/p>\n<p>La col\u00e8re vise principalement Karina, dont les r\u00e9centes publications sur Instagram, jug\u00e9es controvers\u00e9es, ont suscit\u00e9 un v\u00e9ritable toll\u00e9. Le fait que son image soit aujourd\u2019hui associ\u00e9e \u00e0 certains cercles conservateurs ne fait qu\u2019attiser la temp\u00eate.<\/p>\n<p>Ce qui, au d\u00e9part, ne concernait qu\u2019elle, menace d\u00e9sormais l\u2019ensemble du groupe, fragilisant leur retour tant attendu.<\/p>\n<p><img loading=\"lazy\" decoding=\"async\" width=\"559\" height=\"617\" src=\"https:\/\/www.europesays.com\/fr\/wp-content\/uploads\/2025\/05\/fans-karina-denoncent-la-polemique.jpg\" alt=\"Des internautes cor\u00e9ens appellent au boycott d\u2019aespa suite \u00e0 la pol\u00e9mique autour de Karina\" class=\"wp-image-247979 lazyload\" title=\"Des internautes cor\u00e9ens appellent au boycott d\u2019aespa suite \u00e0 la pol\u00e9mique autour de Karina\"\/><\/p>\n<p>Certains internautes ne m\u00e2chent pas leurs mots, accusant Karina d\u2019avoir \u00ab trahi \u00bb les fans et pointant du doigt une strat\u00e9gie de comeback jug\u00e9e pr\u00e9cipit\u00e9e par rapport \u00e0 l\u2019ampleur du scandale.<\/p>\n<ul class=\"wp-block-list\">\n<li>\u00ab Allez on boycott. Laissez l\u2019extr\u00eame droite la soutenir \u00bb<\/li>\n<li>\u00ab Comment cette \u2018d\u00e9esse tra\u00eetresse\u2019 ose-t-elle se montrer \u00e0 nouveau ? \u00bb<\/li>\n<li>\u00ab D\u00e9sol\u00e9, mais j\u2019ai d\u00e9cid\u00e9 de ne plus m\u2019en soucier. \u00bb<\/li>\n<li>\u00abBoycottons. \u00bb<\/li>\n<li>\u00ab Un comeback\u2026 ? Honn\u00eatement, j\u2019ai encore mal\u2026 Tout ce temps pass\u00e9 \u00e0 les soutenir, pour rien. \u00bb<\/li>\n<li>\u00ab Cette fois, je n\u2019\u00e9couterai m\u00eame pas leur chanson\u2026 \u00bb<\/li>\n<\/ul>\n<p><img loading=\"lazy\" decoding=\"async\" width=\"951\" height=\"1157\" src=\"https:\/\/www.europesays.com\/fr\/wp-content\/uploads\/2025\/06\/Karina-controverse-Magarina-edited.webp.webp\" alt=\"Des internautes cor\u00e9ens appellent au boycott d\u2019aespa suite \u00e0 la pol\u00e9mique autour de Karina\" class=\"wp-image-249125 lazyload\" style=\"width:840px;height:auto\" title=\"Des internautes cor\u00e9ens appellent au boycott d\u2019aespa suite \u00e0 la pol\u00e9mique autour de Karina\"  \/><\/p>\n<p>D\u2019autres commentaires, plus ironiques, sugg\u00e8rent au groupe de s\u2019appuyer sur les \u00e9lecteurs conservateurs, qui auraient massivement soutenu Karina ces derniers mois.<\/p>\n<ul class=\"wp-block-list\">\n<li>\u00ab C\u2019est la d\u00e9esse des \u00e9lecteurs du second choix, alors ils vont s\u00fbrement streamer \u00e0 fond ! Fighting ! \u00bb<\/li>\n<li>\u00ab Je n\u2019\u00e9coute plus..Boycott \u00bb<\/li>\n<li>\u00ab Pourquoi la d\u00e9esse de FMKorea fait sa promo ici ? FMKorea l\u2019attend. \u00bb<\/li>\n<li>\u00ab Pff\u2026 c\u2019est trop aga\u00e7ant. \u00bb<\/li>\n<li>\u00ab Apparemment, les \u00e9lecteurs du second choix vont streamer \u00e0 fond, haha. Misez sur eux. \u00bb<\/li>\n<li>\u00ab Boycottez-les. Allez faire la promo sur FMKorea. \u00bb<\/li>\n<\/ul>\n<p>Avec un comeback pr\u00e9vu d\u2019ici la fin du mois, la pression monte sur SM Entertainment. Tous les regards sont tourn\u00e9s vers la mani\u00e8re dont l\u2019agence, et aespa, vont g\u00e9rer cette crise. Reste \u00e0 savoir si cette vague de backlash aura un impact r\u00e9el sur leurs performances \u00e0 venir.<\/p>\n<p>Et vous, allez-vous soutenir aespa malgr\u00e9 la controverse ou faire une pause dans votre fandom ?<\/p>\n<p><a href=\"https:\/\/theqoo.net\/hot\/3768845367?filter_mode=normal&amp;page=5\" target=\"_blank\" rel=\"noopener\">Source<\/a><\/p>\n","protected":false},"excerpt":{"rendered":"Le prochain comeback d\u2019aespa est d\u00e9j\u00e0 sous le feu des critiques, avant m\u00eame son annonce officielle. En cause&hellip;\n","protected":false},"author":2,"featured_media":153043,"comment_status":"","ping_status":"","sticky":false,"template":"","format":"standard","meta":{"footnotes":""},"categories":[1355],"tags":[58,59,1011,27,1361,873],"class_list":{"0":"post-153042","1":"post","2":"type-post","3":"status-publish","4":"format-standard","5":"has-post-thumbnail","7":"category-musique","8":"tag-divertissement","9":"tag-entertainment","10":"tag-fr","11":"tag-france","12":"tag-music","13":"tag-musique"},"share_on_mastodon":{"url":"https:\/\/pubeurope.com\/@fr\/114628791208888217","error":""},"_links":{"self":[{"href":"https:\/\/www.europesays.com\/fr\/wp-json\/wp\/v2\/posts\/153042","targetHints":{"allow":["GET"]}}],"collection":[{"href":"https:\/\/www.europesays.com\/fr\/wp-json\/wp\/v2\/posts"}],"about":[{"href":"https:\/\/www.europesays.com\/fr\/wp-json\/wp\/v2\/types\/post"}],"author":[{"embeddable":true,"href":"https:\/\/www.europesays.com\/fr\/wp-json\/wp\/v2\/users\/2"}],"replies":[{"embeddable":true,"href":"https:\/\/www.europesays.com\/fr\/wp-json\/wp\/v2\/comments?post=153042"}],"version-history":[{"count":0,"href":"https:\/\/www.europesays.com\/fr\/wp-json\/wp\/v2\/posts\/153042\/revisions"}],"wp:featuredmedia":[{"embeddable":true,"href":"https:\/\/www.europesays.com\/fr\/wp-json\/wp\/v2\/media\/153043"}],"wp:attachment":[{"href":"https:\/\/www.europesays.com\/fr\/wp-json\/wp\/v2\/media?parent=153042"}],"wp:term":[{"taxonomy":"category","embeddable":true,"href":"https:\/\/www.europesays.com\/fr\/wp-json\/wp\/v2\/categories?post=153042"},{"taxonomy":"post_tag","embeddable":true,"href":"https:\/\/www.europesays.com\/fr\/wp-json\/wp\/v2\/tags?post=153042"}],"curies":[{"name":"wp","href":"https:\/\/api.w.org\/{rel}","templated":true}]}}