{"id":153046,"date":"2025-06-05T04:09:09","date_gmt":"2025-06-05T04:09:09","guid":{"rendered":"https:\/\/www.europesays.com\/fr\/153046\/"},"modified":"2025-06-05T04:09:09","modified_gmt":"2025-06-05T04:09:09","slug":"adapter-limmunotherapie-a-la-vie-des-malades-peut-la-rendre-plus-efficace","status":"publish","type":"post","link":"https:\/\/www.europesays.com\/fr\/153046\/","title":{"rendered":"adapter l\u2019immunoth\u00e9rapie \u00e0 la vie des malades peut la rendre plus efficace"},"content":{"rendered":"<p><strong>D\u00c9CRYPTAGE &#8211; <\/strong>De nombreuses \u00e9tudes pr\u00e9sent\u00e9es lors du congr\u00e8s de canc\u00e9rologie de Chicago ont mis en avant l\u2019int\u00e9r\u00eat de r\u00e9duire les doses et d\u2019adapter l\u2019heure d\u2019administration des traitements pour optimiser leur efficacit\u00e9 et limiter les effets secondaires.<\/p>\n<p class=\"fig-paragraph\">Cette ann\u00e9e encore,\u00a0<a href=\"http:\/\/sante.lefigaro.fr\/medecine\/cancers-orl-l-immunotherapie-fait-enfin-ses-preuves-pour-limiter-le-risque-de-rechute-20250602\" data-fig-type=\"Article\" data-gtm-custom-categorie=\"navigation\" data-gtm-custom-action=\"crossclick\" data-gtm-custom-label=\"Contextuel\" data-gtm-event=\"customEventSPE\" data-fig-domain=\"SANTE\" target=\"_blank\" rel=\"noopener\">l\u2019immunoth\u00e9rapie<\/a>\u00a0a eu une place particuli\u00e8rement importante au congr\u00e8s annuel de la Soci\u00e9t\u00e9 am\u00e9ricaine d\u2019oncologie (Asco). De nouvelles mol\u00e9cules, de nouveaux traitements permettent d\u2019am\u00e9liorer la vie des malades. Ce lundi soir, avant-dernier jour du congr\u00e8s, une session particuli\u00e8rement int\u00e9ressante sur l\u2019utilisation de l\u2019immunoth\u00e9rapie en vie r\u00e9elle, \u00e9valuant les diff\u00e9rentes strat\u00e9gies d\u2019administration, s\u2019est tenue devant une salle malheureusement un peu clairsem\u00e9e.<\/p>\n<p class=\"fig-paragraph\">\u00ab\u00a0Il y a un foss\u00e9 quand on passe des essais cliniques \u00e0 l\u2019utilisation des m\u00e9dicaments en vie r\u00e9elle\u00a0\u00bb, explique d\u2019embl\u00e9e l\u2019orateur principal de la session, Timoth\u00e9e Olivier, canc\u00e9rologue aux h\u00f4pitaux universitaires de Gen\u00e8ve. Cela s\u2019explique pour plusieurs raisons. \u00ab\u00a0Le recrutement dans les essais cliniques s\u00e9lectionne des personnes qui ne sont pas repr\u00e9sentatives de la vie r\u00e9elle (en particulier,\u00a0<a href=\"http:\/\/sante.lefigaro.fr\/medecine\/la-chaleur-fait-vieillir-plus-vite-les-personnes-agees-en-modifiant-leur-adn-20250305\" data-fig-type=\"Article\" data-gtm-custom-categorie=\"navigation\" data-gtm-custom-action=\"crossclick\" data-gtm-custom-label=\"Contextuel\" data-gtm-event=\"customEventSPE\" data-fig-domain=\"SANTE\" target=\"_blank\" rel=\"noopener\">les personnes tr\u00e8s \u00e2g\u00e9es<\/a>, souffrant de comorbidit\u00e9s ou en mauvais \u00e9tat g\u00e9n\u00e9ral sont le plus souvent exclues\u2026<\/p>\n<p class=\"fig-premium-paywall__infos\">\n        Cet article est r\u00e9serv\u00e9 aux abonn\u00e9s.        Il vous reste 83% \u00e0 d\u00e9couvrir.\n    <\/p>\n<p>                <img  data- alt=\"Le Figaro\" class=\"fig-img--complete fig-img\"\/><\/p>\n<p class=\"fig-premium-paywall__title\">Vente Flash<\/p>\n<p class=\"fig-premium-paywall__subtitle\">4,99\u20ac par mois pendant 12 mois. Sans engagement.<\/p>\n<p class=\"fig-premium-paywall__connect\">\n                D\u00e9j\u00e0 abonn\u00e9\u00a0?                <a class=\"fig-premium-paywall__connect-link\" href=\"https:\/\/connect.lefigaro.fr\/login?client=sante_web&amp;type=main&amp;redirect_uri=https%3A%2F%2Fsante.lefigaro.fr%2Fmedecine%2Fcancer-adapter-l-immunotherapie-a-la-vie-des-malades-peut-la-rendre-plus-efficace-20250604\" data-js-gtm=\"{&quot;customCategorie&quot;: &quot;conversion&quot;, &quot;customAction&quot;: &quot;before_Landing_Connexion_paywall_auto&quot;, &quot;customLabel&quot;: &quot;c2FudGUubGVmaWdhcm8uZnJfXzFmMDQwYmNiLTNmNTItNjVlMi1hNTVkLWY3NDU5M2Y2OTM1Yl9fQXJ0aWNsZQ==_Cancer\u00a0: adapter l\u2019immunoth\u00e9rapie \u00e0 la vie des malades peut la rendre plus efficace_508&quot;, &quot;customIDSPE&quot;: &quot;c2FudGUubGVmaWdhcm8uZnJfXzFmMDQwYmNiLTNmNTItNjVlMi1hNTVkLWY3NDU5M2Y2OTM1Yl9fQXJ0aWNsZQ==&quot;, &quot;event&quot;: &quot;customEventSPE&quot;}\" target=\"_blank\" rel=\"noopener\"><br \/>\n                    Connectez-vous<br \/>\n                <\/a>\n            <\/p>\n","protected":false},"excerpt":{"rendered":"D\u00c9CRYPTAGE &#8211; De nombreuses \u00e9tudes pr\u00e9sent\u00e9es lors du congr\u00e8s de canc\u00e9rologie de Chicago ont mis en avant l\u2019int\u00e9r\u00eat&hellip;\n","protected":false},"author":2,"featured_media":153047,"comment_status":"","ping_status":"","sticky":false,"template":"","format":"standard","meta":{"footnotes":""},"categories":[10],"tags":[237,101,232,231,234,228,1011,27,72,239,230,238,226,224,225,233,229,236,235,71,227],"class_list":{"0":"post-153046","1":"post","2":"type-post","3":"status-publish","4":"format-standard","5":"has-post-thumbnail","7":"category-sante","8":"tag-actualite-sur-les-maladies","9":"tag-cancer","10":"tag-cardiologie","11":"tag-cerveau","12":"tag-diabete","13":"tag-diagnostic","14":"tag-fr","15":"tag-france","16":"tag-health","17":"tag-info-sur-les-maladies","18":"tag-infographie","19":"tag-information-sur-les-maladies","20":"tag-maladie","21":"tag-medecine","22":"tag-medicament","23":"tag-obesite","24":"tag-pathologie","25":"tag-pediatrie","26":"tag-psychiatrie","27":"tag-sante","28":"tag-traitement"},"share_on_mastodon":{"url":"https:\/\/pubeurope.com\/@fr\/114628799036758561","error":""},"_links":{"self":[{"href":"https:\/\/www.europesays.com\/fr\/wp-json\/wp\/v2\/posts\/153046","targetHints":{"allow":["GET"]}}],"collection":[{"href":"https:\/\/www.europesays.com\/fr\/wp-json\/wp\/v2\/posts"}],"about":[{"href":"https:\/\/www.europesays.com\/fr\/wp-json\/wp\/v2\/types\/post"}],"author":[{"embeddable":true,"href":"https:\/\/www.europesays.com\/fr\/wp-json\/wp\/v2\/users\/2"}],"replies":[{"embeddable":true,"href":"https:\/\/www.europesays.com\/fr\/wp-json\/wp\/v2\/comments?post=153046"}],"version-history":[{"count":0,"href":"https:\/\/www.europesays.com\/fr\/wp-json\/wp\/v2\/posts\/153046\/revisions"}],"wp:featuredmedia":[{"embeddable":true,"href":"https:\/\/www.europesays.com\/fr\/wp-json\/wp\/v2\/media\/153047"}],"wp:attachment":[{"href":"https:\/\/www.europesays.com\/fr\/wp-json\/wp\/v2\/media?parent=153046"}],"wp:term":[{"taxonomy":"category","embeddable":true,"href":"https:\/\/www.europesays.com\/fr\/wp-json\/wp\/v2\/categories?post=153046"},{"taxonomy":"post_tag","embeddable":true,"href":"https:\/\/www.europesays.com\/fr\/wp-json\/wp\/v2\/tags?post=153046"}],"curies":[{"name":"wp","href":"https:\/\/api.w.org\/{rel}","templated":true}]}}