{"id":153050,"date":"2025-06-05T04:11:13","date_gmt":"2025-06-05T04:11:13","guid":{"rendered":"https:\/\/www.europesays.com\/fr\/153050\/"},"modified":"2025-06-05T04:11:13","modified_gmt":"2025-06-05T04:11:13","slug":"nouvelle-numerotation-de-la-tnt-une-petite-revolution-dans-le-paysage-audiovisuel-francais-a-compter-de-ce-vendredi","status":"publish","type":"post","link":"https:\/\/www.europesays.com\/fr\/153050\/","title":{"rendered":"Nouvelle num\u00e9rotation de la TNT\u00a0: une petite r\u00e9volution dans le paysage audiovisuel fran\u00e7ais, \u00e0 compter de ce vendredi"},"content":{"rendered":"<p>\n                                                                Une nouvelle cha\u00eene arrive, T18. Une autre en septembre, Novo19. Un \u201cbloc info\u201d est cr\u00e9\u00e9 entre les canaux 13 et 16. Et c\u2019est la fin de Canal +\u00a0en clair sur la TNT\u2026 D\u00e9cryptage.\n                            <\/p>\n<p>Au jeu des chaises musicales, C8 et NRJ 12 ont perdu en f\u00e9vrier en m\u00eame temps qu\u2019elles perdaient leurs fr\u00e9quences TNT fin f\u00e9vrier dernier. Encore fallait-il savoir sur quelles chaises se retrouveraient les autres cha\u00eenes.<\/p>\n<p>La nouvelle num\u00e9rotation, comme autant de fauteuils de spectacle, sera effective ce vendredi, apr\u00e8s une r\u00e9organisation sign\u00e9e du gendarme de l\u2019audiovisuel, l\u2019Arcom.<\/p>\n<p>Si sa d\u00e9cision de recaler C8 avait \u00e9t\u00e9 v\u00e9cue comme un petit s\u00e9isme m\u00e9diatique, autour de la figure de la cha\u00eene, l\u2019animateur Cyril Hanouna, on devrait enregistrer dans les jours qui viennent quelques secousses r\u00e9siduelles.<\/p>\n<p>Un bloc info de quatre cha\u00eenes<\/p>\n<p>Il faudra en effet s\u2019habituer \u00e0 deux changements notables\u00a0: primo, le regroupement des cha\u00eenes info qui devrait assurer une meilleure visibilit\u00e9 \u00e0 LCI et franceinfo. Elles migrent des 26e et 27e places aux 15e et 16e, juste apr\u00e8s BFMTV (13e) et CNews (14e).<\/p>\n<p>Deuzio, la fin de ce qu\u2019on appela longtemps les programmes \u00ab\u00a0en clair\u00a0\u00bb\u00a0de Canal +, des Guignols \u00e0 Nulle part ailleurs en passant par le Grand journal, avec la sortie de Canal +\u00a0de la TNT (lire ci-contre).<\/p>\n<p>Pour r\u00e9pondre \u00e0 ce d\u00e9part et \u00e0 la cr\u00e9ation d\u2019un \u201cbloc info\u201d, LCP, Gulli et France 4 changent de cases.<\/p>\n<p>Le milliardaire Kretinsky<\/p>\n<p>Les deux petites nouvelles, T18 et Novo19, arrivent. \u201cPetites\u201d semble d\u2019ailleurs \u00eatre un qualificatif ad\u00e9quat. Avec un budget de 30\u00a0M\u20ac, T18 est loin des quatre milliards de l\u2019audiovisuel public. Mais l\u2019assise financi\u00e8re est assur\u00e9e\u00a0: le milliardaire tch\u00e8que Daniel Kretinsky est aux manettes.<\/p>\n<p>La cha\u00eene s\u2019est engag\u00e9e \u00e0 consacrer 50\u00a0% de son temps d\u2019antenne aux documentaires, un quart aux d\u00e9bats et un quart au divertissement. Au menu de la premi\u00e8re semaine, par exemple, des magazines d\u00e9co et soci\u00e9t\u00e9, des \u00e9missions sur les animaux ou la cuisine, une pi\u00e8ce de th\u00e9\u00e2tre. Et d\u00e9j\u00e0 une inqui\u00e9tude\u00a0: certains programmes sont fl\u00e9ch\u00e9s comme \u00ab\u00a0in\u00e9dits\u00a0\u00bb mais leur date de cr\u00e9ation surprend\u00a0: 2016 pour l\u2019un, 2020 pour l\u2019autre.<\/p>\n<p>        <img decoding=\"async\" class=\"std-img__img responsive-img\" src=\"https:\/\/www.europesays.com\/fr\/wp-content\/uploads\/2025\/06\/1749096673_256_image.png\" alt=\"La nouvelle num\u00e9rotation active ce vendredi 6\u00a0juin.\"\/><\/p>\n<p>T18 assure vouloir \u00ab\u00a0divertir sans ab\u00eatir\u00a0\u00bb, \u00ab\u00a0ne pas alimenter le populisme\u00a0\u00bb, comme une pierre dans le jardin de l\u2019ex-C8 ou de l\u2019actuelle CNews.<\/p>\n<p>En t\u00eates de gondole, la cha\u00eene a recrut\u00e9 l\u2019animateur Laurent Ruquier (pour une heure d\u2019\u00e9change avec des artistes le samedi entre 20\u00a0h et 21\u00a0h) et le journaliste Matthieu Croissandeau (pour un rendez-vous quotidien de d\u00e9bats \u00e0 22\u00a0h\u00a030).<\/p>\n<p>Un talk-show anim\u00e9 par Claire Arnoux<\/p>\n<p>Enfin, il faudra attendre un peu encore pour profiter de Novo19\u00a0: la cha\u00eene pilot\u00e9e par le groupe Ouest France (premier quotidien payant fran\u00e7ais) n\u2019ouvrira qu\u2019en septembre.<\/p>\n<p>Son budget pourrait \u00eatre minimum\u00a0: le chiffre de dix millions a circul\u00e9. Son nom, clin d\u2019\u0153il \u00e0 la nouveaut\u00e9, est aussi le m\u00e9lange \u00ab\u00a0de nous et de vous\u00a0\u00bb, pr\u00e9cise la cha\u00eene. Elle se veut \u00ab\u00a0un m\u00e9dia f\u00e9d\u00e9rateur, cr\u00e9ateur de coh\u00e9sion dans les territoires\u00a0\u00bb.<\/p>\n<p>La journaliste Claire Arnoux pass\u00e9e par beIN Sports et BFMTV, y animera un talk-show quotidien entre 19\u00a0h et 21\u00a0h, autour de plusieurs chroniqueurs, dont le journaliste Claude Askolovitch.<\/p>\n<p>    24 cha\u00eenes d\u00e8s ce vendredi, 25 \u00e0 partir du 1er\u00a0septembre<\/p>\n<p>C\u2019est ce vendredi 6\u00a0juin que changent vos habitudes de t\u00e9l\u00e9spectateurs. L\u2019Arcom, autorit\u00e9 de r\u00e9gulation de\u00a0l\u2019audiovisuel, assure que \u00ab\u00a0la grande majorit\u00e9 des t\u00e9l\u00e9viseurs\u00a0\u00bb\u00a0enregistrera automatiquement le nouvel ordre dans la nuit de jeudi \u00e0 vendredi.<\/p>\n<p>Les autres devront subir un \u00ab\u00a0rescan\u00a0\u00bb, une recherche de cha\u00eenes. Si vous n\u2019y parveniez pas, vous pourrez consulter le site recevoirlatnt.fr ou contacter le 09 70\u00a0818\u00a0818.<\/p>\n<p>Les cha\u00eenes C8 et NRJ 12 \u00e9tant hors-jeu depuis f\u00e9vrier, deux arrivantes rejoignent une classe TNT \u00e0 25 \u00e9l\u00e8ves et non plus 27\u00a0: Canal +\u00a0s\u2019\u00e9tant d\u00e9sengag\u00e9e, et France \u00d4 ayant cess\u00e9 d\u2019\u00e9mettre depuis 2020, l\u2019Arcom a rebattu les cartes.<\/p>\n<p>De 27 \u00e0 25, vraiment\u00a0? Virtuellement, seulement, en fait. Car le canal 19 de France \u00d4 \u00e9tait depuis cinq ans une case vide. Et il faudra d\u00e9sormais attendre pour qu\u2019il y en ait vraiment 25\u00a0: Novo19, qui va utiliser ce canal, ne sera pr\u00eate \u00e0 \u00e9mettre qu\u2019\u00e0 partir du 1er\u00a0septembre.<\/p>\n<p>    Un choix de l\u2019Arcom, sur fond d\u2019un an de pol\u00e9mique<\/p>\n<p>Le couperet \u00e9tait tomb\u00e9 en juillet\u00a02024\u00a0: l\u2019autorit\u00e9 de r\u00e9gulation de la communication audiovisuelle (Arcom) d\u00e9cidait de ne pas reconduire les fr\u00e9quences TNT de C8 et NRJ 12. La premi\u00e8re pour manquements r\u00e9p\u00e9t\u00e9s \u00e0 la convention qui encadrait sa fr\u00e9quence (la ma\u00eetrise de l\u2019antenne, notamment, avec des propos injurieux) et la deuxi\u00e8me pour des doutes \u00e9mis sur sa viabilit\u00e9 \u00e9conomique.<\/p>\n<p>C8 avait contest\u00e9 cette d\u00e9cision devant la justice et sur les plateaux des cha\u00eenes du groupe. Mais le Conseil d\u2019Etat avait fini par ent\u00e9riner la d\u00e9cision de l\u2018Arcom.<\/p>\n<p>Le groupe de Vincent Bollor\u00e9, qui comprenait C8 et CNews, a d\u00e9cid\u00e9 de retirer sa cha\u00eene phare, Canal +, de la TNT, manifestant ainsi tout autant son courroux de voir la petite s\u0153ur C8 bannie que le souhait plus ancien de quitter la TNT\u00a0: l\u2019Etat applique d\u00e9sormais \u00e0 Canal +\u00a0une TVA \u00e0 20\u00a0%, en tant que plateforme num\u00e9rique, et non 10\u00a0% comme les autres cha\u00eenes de t\u00e9l\u00e9.<\/p>\n","protected":false},"excerpt":{"rendered":"Une nouvelle cha\u00eene arrive, T18. Une autre en septembre, Novo19. Un \u201cbloc info\u201d est cr\u00e9\u00e9 entre les canaux&hellip;\n","protected":false},"author":2,"featured_media":153051,"comment_status":"","ping_status":"","sticky":false,"template":"","format":"standard","meta":{"footnotes":""},"categories":[8],"tags":[58,59,1011,27],"class_list":{"0":"post-153050","1":"post","2":"type-post","3":"status-publish","4":"format-standard","5":"has-post-thumbnail","7":"category-divertissement","8":"tag-divertissement","9":"tag-entertainment","10":"tag-fr","11":"tag-france"},"share_on_mastodon":{"url":"https:\/\/pubeurope.com\/@fr\/114628806888414651","error":""},"_links":{"self":[{"href":"https:\/\/www.europesays.com\/fr\/wp-json\/wp\/v2\/posts\/153050","targetHints":{"allow":["GET"]}}],"collection":[{"href":"https:\/\/www.europesays.com\/fr\/wp-json\/wp\/v2\/posts"}],"about":[{"href":"https:\/\/www.europesays.com\/fr\/wp-json\/wp\/v2\/types\/post"}],"author":[{"embeddable":true,"href":"https:\/\/www.europesays.com\/fr\/wp-json\/wp\/v2\/users\/2"}],"replies":[{"embeddable":true,"href":"https:\/\/www.europesays.com\/fr\/wp-json\/wp\/v2\/comments?post=153050"}],"version-history":[{"count":0,"href":"https:\/\/www.europesays.com\/fr\/wp-json\/wp\/v2\/posts\/153050\/revisions"}],"wp:featuredmedia":[{"embeddable":true,"href":"https:\/\/www.europesays.com\/fr\/wp-json\/wp\/v2\/media\/153051"}],"wp:attachment":[{"href":"https:\/\/www.europesays.com\/fr\/wp-json\/wp\/v2\/media?parent=153050"}],"wp:term":[{"taxonomy":"category","embeddable":true,"href":"https:\/\/www.europesays.com\/fr\/wp-json\/wp\/v2\/categories?post=153050"},{"taxonomy":"post_tag","embeddable":true,"href":"https:\/\/www.europesays.com\/fr\/wp-json\/wp\/v2\/tags?post=153050"}],"curies":[{"name":"wp","href":"https:\/\/api.w.org\/{rel}","templated":true}]}}